{"id":341316,"date":"2026-01-15T01:48:20","date_gmt":"2026-01-15T01:48:20","guid":{"rendered":"https:\/\/www.europesays.com\/es\/341316\/"},"modified":"2026-01-15T01:48:20","modified_gmt":"2026-01-15T01:48:20","slug":"de-su-restaurante-a-su-exclusivo-club-privado","status":"publish","type":"post","link":"https:\/\/www.europesays.com\/es\/341316\/","title":{"rendered":"de su restaurante a su exclusivo club privado"},"content":{"rendered":"<p><strong>\u00cd\u00f1igo Onieva<\/strong> (36 a\u00f1os) ha emprendido un nuevo proyecto. El empresario ha inaugurado un espectacular club bajo el nombre de &#8216;<strong>Vega Members Club<\/strong>&#8216;, un lugar que tiene como objetivo dar cobijo a todos aquellos l\u00edderes que buscan un cambio existencial de la ciudad de Madrid.\u00a0<\/p>\n<p><img decoding=\"async\" src=\"https:\/\/www.europesays.com\/es\/wp-content\/uploads\/2026\/01\/miranda-rijnsburger-y-julio-iglesias_2e9e5736_260114123032_800x800.webp.webp\" alt=\"Miranda Rijnsburger y Julio Iglesias\" class=\"image lazyload\"\/><img loading=\"lazy\" decoding=\"async\" src=\"https:\/\/www.europesays.com\/es\/wp-content\/uploads\/2026\/01\/miranda-rijnsburger-y-julio-iglesias_2e9e5736_260114123037_1280x720.webp.webp\" alt=\"Luis Pliego, director de la revista Lecturas, sobre Julio Iglesias: &quot;Del testimonio de estas mujeres se desprende que Miranda y Julio est\u00e1n separados&quot;\" class=\"image lazyload\" width=\"1280\" height=\"720\" data-aspectratio=\"1280\/720\"\/>As\u00ed es &#8216;VEGA Members Club&#8217;\u00a0<\/p>\n<p>El marido de Tamara Falc\u00f3 ha demostrado ser\u00a0un aut\u00e9ntico hombre de negocios. En 2023 vio cumplida su faceta de dedicarse al dise\u00f1o automovil\u00edstico, lo que le llev\u00f3 a crear distintas empresas con las que poder <strong>impulsar un cambio <\/strong>a todas aquellas personas que buscan la transformaci\u00f3n de una ciudad tan gentrificada como Madrid.\u00a0<\/p>\n<p><img loading=\"lazy\" decoding=\"async\"   src=\"https:\/\/www.europesays.com\/es\/wp-content\/uploads\/2026\/01\/tamara-falco-inigo-onieva_1df44353_260114232858_1200x2118.webp.webp\" alt=\"Tamara Falc\u00f3 \u00cd\u00f1igo Onieva\" class=\"lazyload\" width=\"1200\" height=\"2118\" data-aspectratio=\"1200\/2118\"\/><\/p>\n<p>Para el joven empresario no hay imposible.\u00a0<\/p>\n<p>&#13;@tamara_falco<\/p>\n<p>La idea para atraer al p\u00fablico a &#8216;Vega&#8217; es no querer que este club forme parte de su vida como una experiencia vital de lo m\u00e1s puntual, sino todo lo contrario. Onieva ha manifestado su deseo de que este proyecto llegue a la vida de las personas correctas para que acabe convirti\u00e9ndose<strong> en una herramienta esencial e imprescindible en sus vidas.\u00a0<\/strong><\/p>\n<p>\u00abNuestro objetivo no es el volumen, sino\u00a0la creaci\u00f3n de <strong>una comunidad s\u00f3lida,coherente y de alto valor<\/strong>\u00ab<strong>,\u00a0<\/strong>ha a\u00f1adido el yerno de la socialit\u00e9 Isabel Preysler. As\u00ed, busca asentar la idea de encontrar un p\u00fablico muy fiel a &#8216;Vega&#8217;, en vez de sacrificar el tiempo en encontrar un elevado n\u00famero de asistentes.\u00a0<\/p>\n<p>Un espacio de no tan f\u00e1cil acceso para todos<\/p>\n<p>Adem\u00e1s, tal y como ha ido relatando a &#8216;Cool People&#8217;, el empresario quiere convertir este lugar en \u00ab<strong>un espacio exclusivo<\/strong>\u00ab. Nada m\u00e1s hay que ver las dimensiones con las que cuenta el club, <strong>casi 1.000 metros cuadrados de extensi\u00f3n<\/strong> en una lujosa ubicaci\u00f3n dentro del m\u00edtico Barrio Salamanca madrile\u00f1o.\u00a0<\/p>\n<p><img loading=\"lazy\" decoding=\"async\"   src=\"https:\/\/www.europesays.com\/es\/wp-content\/uploads\/2026\/01\/inigo-onieva_bfbb7fb1_260114232956_1200x789.webp.webp\" alt=\"\u00cd\u00f1igo Onieva\" class=\"lazyload\" width=\"1200\" height=\"789\" data-aspectratio=\"1200\/789\"\/><\/p>\n<p>Su c\u00edrculo cercano ha definido a \u00cd\u00f1igo como un chaval que jam\u00e1s ha pasado desapercibido, tanto por su atractivo como por su \u00edmpetu por el mundo de los negocios.\u00a0<\/p>\n<p>&#13;GTRES<\/p>\n<p>Eso s\u00ed, la idea de que sea exclusivo -de ah\u00ed a querer una comunidad fiel en vez de un gran n\u00famero de seguidores- es ya <strong>una barrera<\/strong> para todo aquel que quiera unirse desde un primer momento. De ah\u00ed a que la invitaci\u00f3n a entrar sea <strong>a partir de uno de los fundadores <\/strong>del club o, por ende, <strong>de la recomendaci\u00f3n de dos miembros.<\/strong> Una ardua tarea, desde luego.\u00a0<\/p>\n<p>Los otros exitosos proyectos de Onieva<\/p>\n<p>A pesar de que \u00cd\u00f1igo es graduado en <strong>Ingenier\u00eda Industrial<\/strong>, el marido de Tamara Falc\u00f3 ha decidido dedicar su labor profesional a las relaciones p\u00fablicas, la administraci\u00f3n y, en definitiva, al mundo empresarial.\u00a0<\/p>\n<p><img decoding=\"async\" src=\"https:\/\/www.europesays.com\/es\/wp-content\/uploads\/2026\/01\/tamara-falco-isabel-preysler-carolina-molas-y-ana-boyer_5934f47f_260103100333_800x800.webp.webp\" alt=\"Tamara Falc\u00f3, Isabel Preysler, Carolina Molas y Ana Boyer\" class=\"image lazyload\"\/><img loading=\"lazy\" decoding=\"async\" src=\"https:\/\/www.europesays.com\/es\/wp-content\/uploads\/2026\/01\/tamara-falco-isabel-preysler-carolina-molas-y-ana-boyer_5934f47f_260103100342_1280x720.webp.webp\" alt=\"Isabel Preysler y Carolina Molas, la madre de I\u00f1igo Onieva, m\u00e1s cercanas que nunca, tras la \u00faltima celebraci\u00f3n familiar \" class=\"image lazyload\" width=\"1280\" height=\"720\" data-aspectratio=\"1280\/720\"\/><\/p>\n<p>Nada m\u00e1s hay que ver su largo historial profesional, tambi\u00e9n en el \u00e1mbito familiar. Onieva hace apenas 3 a\u00f1os que decidi\u00f3 cambiar de rumbo en su vida. Hasta 2023, fue el director de desarrollo comercial del grupo &#8216;<strong>Mabel Hospitality<\/strong>&#8216;, encargado de los restaurantes Tatel, Tot\u00f3 o Casa Salesas. De estos dos \u00faltimos se ha encargado tambi\u00e9n de la parte relacionada a las relaciones p\u00fablicas y el marketing.\u00a0<\/p>\n<p>Este famoso grupo es propiedad de figuras tan reconocidas e importantes como<strong> Rafa Nadal, Pau Gasol o el mism\u00edsimo Enrique Iglesias<\/strong>, hermanastro de Tamara Falc\u00f3. No obstante, debido a un cambio en la presidencia del grupo y a una posterior reorganizaci\u00f3n en \u00e9l, el hermano de Alejandra Onieva <strong>qued\u00f3 fuera de la empresa <\/strong>al no haber el suficiente espacio para su labor.\u00a0<\/p>\n<p>Lula Club y otros negocios<\/p>\n<p>\u00cd\u00f1igo Onieva tambi\u00e9n est\u00e1 vinculado a uno de los locales de ocio de moda en pleno centro de Madrid. El empresario fund\u00f3 junto a otros dos socios <strong>Lula Club<\/strong>, una discoteca situada en la Gran V\u00eda que en poco tiempo consigui\u00f3 convertirse en punto de reuni\u00f3n de figuras conocidas.<\/p>\n<p><strong>Esta famosa discoteca le ha dado alg\u00fan que otro susto a \u00cd\u00f1igo.<\/strong> Tras la infidelidad a Tamara Falc\u00f3 durante un festival, en el que se le vio bes\u00e1ndose con una mujer desconocida, el empresario tuvo que desmentir los rumores que le apuntaban a organizar fiestas privadas con mujeres en Lula. \u00abMe da igual si han sido seis segundos o un nanosegundo en el Metaverso, como esto sea verdad,\u00a0<strong>aqu\u00ed se acaba todo\u00bb<\/strong>, sentenci\u00f3 Tamara antes de que todo explotara.\u00a0<\/p>\n<p>Sin embargo, estos rumores acabaran apacigu\u00e1ndose y tras las disculpas de \u00cd\u00f1igo a la hija de Isabel Preysler, ambos <a href=\"https:\/\/www.lecturas.com\/actualidad\/tamara-falco-inigo-onieva-ya-son-marido-mujer-asi-ha-sido-su-emotiva-boda_141843\" rel=\"nofollow noopener\" target=\"_blank\"><strong>acabaron casados en julio de 2023<\/strong><\/a> en una impresionante y lujosa finca de Madrid, concretamente en el Palacio del Rinc\u00f3n.\u00a0<\/p>\n<p><img loading=\"lazy\" decoding=\"async\"   src=\"https:\/\/www.europesays.com\/es\/wp-content\/uploads\/2026\/01\/tamara-falco-e-inigo-onieva_215f88fc_260114233401_1200x1723.webp.webp\" alt=\"Tamara Falc\u00f3 e \u00cd\u00f1igo Onieva\" class=\"lazyload\" width=\"1200\" height=\"1723\" data-aspectratio=\"1200\/1723\"\/><\/p>\n<p>La pareja tuvo una fuerte crisis tras el esc\u00e1ndalo de la infidelidad de Onieva.<\/p>\n<p>&#13;Instagram @tamara_falco<\/p>\n<p>Adem\u00e1s, I\u00f1igo tambi\u00e9n cuenta con otros proyectos empresariales de gran envergadura. Algunos relacionados con el mundo de la hosteler\u00eda, como el <strong>Restaurante Las Salesas<\/strong>. Para este local, cont\u00f3 con la ayuda de Iv\u00e1n Espinosa de los Monteros, exportavoz del grupo parlamentario Vox. Tambi\u00e9n, ha contribuido a la restauraci\u00f3n del Caf\u00e9 Gij\u00f3n, en la m\u00edtica calle Recoletos de Madrid, aportando un toque de lo m\u00e1s chic.\u00a0<\/p>\n<p>Sin duda, toda una carrera repleta de enormes \u00e9xitos que, sin duda, le han dado alg\u00fan que otro susto en su matrimonio al yerno de Isabel Preysler. Una declaraci\u00f3n de intenciones sabia que mantiene la idea de que, quien la sigue, la consigue.\u00a0<\/p>\n<p>\u00a0<\/p>\n<p>\u00a0<\/p>\n","protected":false},"excerpt":{"rendered":"\u00cd\u00f1igo Onieva (36 a\u00f1os) ha emprendido un nuevo proyecto. El empresario ha inaugurado un espectacular club bajo el&hellip;\n","protected":false},"author":2,"featured_media":341317,"comment_status":"","ping_status":"","sticky":false,"template":"","format":"standard","meta":{"footnotes":""},"categories":[174],"tags":[255,146,147,25,24,256,23],"class_list":{"0":"post-341316","1":"post","2":"type-post","3":"status-publish","4":"format-standard","5":"has-post-thumbnail","7":"category-famosos","8":"tag-celebrities","9":"tag-entertainment","10":"tag-entretenimiento","11":"tag-es","12":"tag-espana","13":"tag-famosos","14":"tag-spain"},"share_on_mastodon":{"url":"https:\/\/pubeurope.com\/@es\/115896602438308831","error":""},"_links":{"self":[{"href":"https:\/\/www.europesays.com\/es\/wp-json\/wp\/v2\/posts\/341316","targetHints":{"allow":["GET"]}}],"collection":[{"href":"https:\/\/www.europesays.com\/es\/wp-json\/wp\/v2\/posts"}],"about":[{"href":"https:\/\/www.europesays.com\/es\/wp-json\/wp\/v2\/types\/post"}],"author":[{"embeddable":true,"href":"https:\/\/www.europesays.com\/es\/wp-json\/wp\/v2\/users\/2"}],"replies":[{"embeddable":true,"href":"https:\/\/www.europesays.com\/es\/wp-json\/wp\/v2\/comments?post=341316"}],"version-history":[{"count":0,"href":"https:\/\/www.europesays.com\/es\/wp-json\/wp\/v2\/posts\/341316\/revisions"}],"wp:featuredmedia":[{"embeddable":true,"href":"https:\/\/www.europesays.com\/es\/wp-json\/wp\/v2\/media\/341317"}],"wp:attachment":[{"href":"https:\/\/www.europesays.com\/es\/wp-json\/wp\/v2\/media?parent=341316"}],"wp:term":[{"taxonomy":"category","embeddable":true,"href":"https:\/\/www.europesays.com\/es\/wp-json\/wp\/v2\/categories?post=341316"},{"taxonomy":"post_tag","embeddable":true,"href":"https:\/\/www.europesays.com\/es\/wp-json\/wp\/v2\/tags?post=341316"}],"curies":[{"name":"wp","href":"https:\/\/api.w.org\/{rel}","templated":true}]}}