{"id":341323,"date":"2026-01-15T01:53:11","date_gmt":"2026-01-15T01:53:11","guid":{"rendered":"https:\/\/www.europesays.com\/es\/341323\/"},"modified":"2026-01-15T01:53:11","modified_gmt":"2026-01-15T01:53:11","slug":"checa-el-trailer-de-man-on-the-run-documental-de-paul-mccartney-en-prime-video","status":"publish","type":"post","link":"https:\/\/www.europesays.com\/es\/341323\/","title":{"rendered":"Checa el tr\u00e1iler de &#8216;Man on the Run&#8217;, documental de Paul McCartney en Prime video"},"content":{"rendered":"<p>\t\t\t\t\tLo que necesitas saber: <\/p>\n<p>Este nuevo documental est\u00e1 dirigido por Oscar Morgan Neville y se estrenar\u00e1 en febrero de este a\u00f1o.<\/p>\n<p>\u00a1Atenci\u00f3n fan\u00e1ticos de Paul McCartney! <strong>Prime Video estrenar\u00e1 un nuevo documental de uno de los integrantes de The Beatles<\/strong>\u2026 y <a href=\"https:\/\/youtu.be\/pBcllNrY0u8?si=XHEERzyXMiwMsgMB\" target=\"_blank\" rel=\"noreferrer noopener nofollow\">ya tenemos el primer tr\u00e1iler oficial.<\/a><\/p>\n<p><img loading=\"lazy\" decoding=\"async\" width=\"1024\" height=\"531\" src=\"https:\/\/www.europesays.com\/es\/wp-content\/uploads\/2026\/01\/trailer-man-on-the-run-documental-paul-mccartney-prime-video-estreno-1-1024x531.jpg\" alt=\"trailer-man-on-the-run-documental-paul-mccartney-prime-video-estreno-1\" class=\"wp-image-1883055\"  \/>Nuevo documental de Paul McCartney \/\/ YouTube: @PrimeVideo (captura de pantalla)<\/p>\n<p>Tr\u00e1iler del documental de Paul McCartney<\/p>\n<p><a href=\"https:\/\/www.sopitas.com\/musica\/paul-mccartney-rick-rubin-documental-hulu-disney-plus-star-trailer-oficial-estreno\/\" target=\"_blank\" rel=\"noreferrer noopener nofollow\">A diferencia de otros documentales del ic\u00f3nico cantante,<\/a> esta vez <strong>Prime Video nos presentar\u00e1 el renacer creativo de Paul McCartney tras el fin de The Beatles.<\/strong><\/p>\n<p><strong>Titulado \u2018Man on the Run\u2019, este nuevo documental dirigido por Oscar Morgan Neville <\/strong>nos mostrar\u00e1 como McCartney junto con su esposa Linda crearon la banda de rock Wings en agosto de 1971.<\/p>\n<p>Con material nunca antes visto, podremos ver <strong>de d\u00f3nde sali\u00f3 la motivaci\u00f3n de McCartney para seguir en la industria musical a un a\u00f1o de la separaci\u00f3n de The Beatles. <\/strong>Pero bueno, no te contamos m\u00e1s y mejor te dejamos el trailer:<\/p>\n<p>\u00bfCu\u00e1ndo se estrenar\u00e1?<\/p>\n<p>\u00bfQu\u00e9 te pareci\u00f3? Lo mejor de todo el anuncio es que tambi\u00e9n se nos revel\u00f3 la fecha de estreno de \u2018Paul McCartney: Man on the Run\u2019.<\/p>\n<p>Ve apartando la fecha, pues este nuevo documental del famoso cantante brit\u00e1nico <strong>se estrena a nivel mundial el pr\u00f3ximo 27 de febrero a trav\u00e9s de Prime Video.<\/strong><\/p>\n<p>\t\tTodo lo que no sab\u00edas que necesitas saber lo encuentras en Sopitas.com<\/p>\n<p>\t\t\t\t\t\t\t\t\t<a href=\"https:\/\/www.sopitas.com\/author\/d4v1db3\/\" rel=\"author nofollow noopener\" target=\"_blank\"><br \/>\n\t\t\t\t\t\t<img loading=\"lazy\" decoding=\"async\" alt=\"\" src=\"https:\/\/www.europesays.com\/es\/wp-content\/uploads\/2026\/01\/1768441991_827_06aefb85217d214356880c319a67b232.png\"  class=\"avatar avatar-80 photo\" height=\"80\" width=\"80\"\/>\t\t\t\t\t<\/a><\/p>\n<p>\n\t\t\t\t\t\t\tCon m\u00e1s de 3 a\u00f1os de experiencia en diversos medios de comunicaci\u00f3n, me he puesto la tarea de transmitir las noticias al p\u00fablico de la mejor forma posible \ud83d\ude42\t\t\t\t\t\t\t<a class=\"author-link\" href=\"https:\/\/www.sopitas.com\/author\/d4v1db3\/\" rel=\"author nofollow noopener\" target=\"_blank\"><br \/>\n\t\t\t\t\t\t\tMore by David Becerril\t\t\t\t\t\t\t<\/a>\n\t\t\t\t\t\t<\/p>\n","protected":false},"excerpt":{"rendered":"Lo que necesitas saber: Este nuevo documental est\u00e1 dirigido por Oscar Morgan Neville y se estrenar\u00e1 en febrero&hellip;\n","protected":false},"author":2,"featured_media":341324,"comment_status":"","ping_status":"","sticky":false,"template":"","format":"standard","meta":{"footnotes":""},"categories":[169],"tags":[177,146,147,25,24,176,175,23],"class_list":{"0":"post-341323","1":"post","2":"type-post","3":"status-publish","4":"format-standard","5":"has-post-thumbnail","7":"category-cine","8":"tag-cine","9":"tag-entertainment","10":"tag-entretenimiento","11":"tag-es","12":"tag-espana","13":"tag-film","14":"tag-movies","15":"tag-spain"},"share_on_mastodon":{"url":"https:\/\/pubeurope.com\/@es\/115896621822168315","error":""},"_links":{"self":[{"href":"https:\/\/www.europesays.com\/es\/wp-json\/wp\/v2\/posts\/341323","targetHints":{"allow":["GET"]}}],"collection":[{"href":"https:\/\/www.europesays.com\/es\/wp-json\/wp\/v2\/posts"}],"about":[{"href":"https:\/\/www.europesays.com\/es\/wp-json\/wp\/v2\/types\/post"}],"author":[{"embeddable":true,"href":"https:\/\/www.europesays.com\/es\/wp-json\/wp\/v2\/users\/2"}],"replies":[{"embeddable":true,"href":"https:\/\/www.europesays.com\/es\/wp-json\/wp\/v2\/comments?post=341323"}],"version-history":[{"count":0,"href":"https:\/\/www.europesays.com\/es\/wp-json\/wp\/v2\/posts\/341323\/revisions"}],"wp:featuredmedia":[{"embeddable":true,"href":"https:\/\/www.europesays.com\/es\/wp-json\/wp\/v2\/media\/341324"}],"wp:attachment":[{"href":"https:\/\/www.europesays.com\/es\/wp-json\/wp\/v2\/media?parent=341323"}],"wp:term":[{"taxonomy":"category","embeddable":true,"href":"https:\/\/www.europesays.com\/es\/wp-json\/wp\/v2\/categories?post=341323"},{"taxonomy":"post_tag","embeddable":true,"href":"https:\/\/www.europesays.com\/es\/wp-json\/wp\/v2\/tags?post=341323"}],"curies":[{"name":"wp","href":"https:\/\/api.w.org\/{rel}","templated":true}]}}