{"id":341325,"date":"2026-01-15T01:54:14","date_gmt":"2026-01-15T01:54:14","guid":{"rendered":"https:\/\/www.europesays.com\/es\/341325\/"},"modified":"2026-01-15T01:54:14","modified_gmt":"2026-01-15T01:54:14","slug":"hundimiento-del-real-madrid-en-albacete-para-volver-a-empezar-futbol-deportes","status":"publish","type":"post","link":"https:\/\/www.europesays.com\/es\/341325\/","title":{"rendered":"Hundimiento del Real Madrid en Albacete para volver a empezar | F\u00fatbol | Deportes"},"content":{"rendered":"<p class=\"\">Cuando parec\u00eda que el Real Madrid le hab\u00eda hecho al Albacete lo que le ha hecho siempre a todos, encontrar un \u00faltimo resquicio en el cron\u00f3metro para levantarse y ganar lo que ten\u00eda perdido, justo ah\u00ed, despu\u00e9s de que Gonzalo empatara en el a\u00f1adido, fue <a href=\"https:\/\/elpais.com\/deportes\/2026-01-14\/albacete-real-madrid-en-directo-el-partido-de-copa-del-rey-en-vivo.html\" target=\"_self\" rel=\"nofollow noopener\" title=\"https:\/\/elpais.com\/deportes\/2026-01-14\/albacete-real-madrid-en-directo-el-partido-de-copa-del-rey-en-vivo.html\">el Albacete el que se lo hizo al Madrid<\/a>. Jeft\u00e9 Betancor se encontr\u00f3 en el \u00e1rea ante Carvajal, que le bloque\u00f3 un primer tiro. El segundo intento fue una par\u00e1bola delicada que super\u00f3 con suavidad a Lunin y dej\u00f3 al Madrid fuera de la Copa en octavos. Un equipo que vive en Segunda amenazado por el descenso tumb\u00f3 al Real del reci\u00e9n llegado Arbeloa, que comienza su estancia en el banquillo con un episodio de anti historia madridista: remontados cuando iban a remontar. <\/p>\n<p>                                                                                                                                                                                                                                                                                <img decoding=\"async\" title=\"Albacete\" loading=\"lazy\" src=\"https:\/\/www.europesays.com\/es\/wp-content\/uploads\/2026\/01\/103.png\"  width=\"80\" height=\"80\" data-error-image=\"https:\/\/static.prisa.com\/aside\/resizer\/resize\/img\/sports\/football\/teams\/default.png?width=160&amp;height=160\"\/><\/p>\n<p>\n            3<\/p>\n<p>                                                                                                                                                                                                                                                                                                                                                                                                                                                                                                                                                                                                                                                                                                                                                                                                                                                                                                                                                                                                                                                                                                                                                                                                                                                                                                                                                                                                                                                                                                                                                                                                                                                                                                                                                                                                                                                                                                                                                                                                                                                                                                                                                                                                                                                                                                                                                                                                                                                                                                                                                                                                                                                                                                                                                                                                                                                                                                                                                                                                                                                                                                                                                                                                                                                    Ra\u00fal Lizoain, Carlos Neva, Daniel Bernab\u00e9u (Jonathan G\u00f3mez, min. 73), Lorenzo Aguado, Javi Villar, Javi Moreno, Antonio Pacheco (Pepe S\u00e1nchez, min. 76), Ale Mel\u00e9ndez, Capi (Riki Rodr\u00edguez, min. 57), Dani Escriche (Jeft\u00e9 Betancor, min. 57) y Jos\u00e9 Carlos Lazo (Agus Medina, min. 56)<\/p>\n<p>\n            2<\/p>\n<p>                                                                                                                                                                                                                                                                                <img decoding=\"async\" title=\"Real Madrid\" loading=\"lazy\" src=\"https:\/\/www.europesays.com\/es\/wp-content\/uploads\/2026\/01\/1768442051_377_1.png\"  width=\"80\" height=\"80\" data-error-image=\"https:\/\/static.prisa.com\/aside\/resizer\/resize\/img\/sports\/football\/teams\/default.png?width=160&amp;height=160\"\/><\/p>\n<p>                                                                                                                                                                                                                                                                                                                                                                                                                                                                                                                                                                                                                                                                                                                                                                                                                                                                                                                                                                                                                                                                                                                                                                                                                                                                                                                                                                                                                                                                                                                                                                                                                                                                                                                                                                                                                                                                                                                                                                                                                                                                                                                                                                                                                                                                                                                                                                                                                                                                                                                                                                                                                                                                                                                                                                                                                                                                                                                                                                                                                                                                                                                                                                                                                                                    Andrii Lunin, David Jim\u00e9nez (Dani Carvajal, min. 76), Ra\u00fal Asencio, Dean Huijsen (David Alaba, min. 64), Fran Garc\u00eda (Eduardo Camavinga, min. 64), Jorge Cestero (Manuel \u00c1ngel, min. 85), Arda G\u00fcler, Federico Valverde, Gonzalo Garc\u00eda, Franco Mastantuono (C\u00e9sar Palacios, min. 76) y Vin\u00edcius J\u00fanior<\/p>\n<p>\n            <b>Goles<\/b><br \/>\n                                                                                                        1-0 min. 41: Javi Villar.                                                                                 1-1 min. 47: Franco Mastantuono.                                                                                 2-1 min. 81: Jeft\u00e9.                                                                                 2-2 min. 90: Gonzalo Garc\u00eda.                                                                                 3-2 min. 93: Jeft\u00e9                    <\/p>\n<p>\n            <b>Arbitro<\/b> Victor Garc\u00eda Verdura<\/p>\n<p>Tarjetas amarillas<br \/>\n                                            Dean Huijsen (min. 64),                                             Ra\u00fal Asencio (min. 91),                                             Jeft\u00e9 (min. 94),                                             Riki Rodr\u00edguez (min. 96)\n                <\/p>\n<p class=\"\">El equipo se encontraba <a href=\"https:\/\/elpais.com\/deportes\/futbol\/2026-01-12\/el-real-madrid-despide-a-xabi-alonso.html\" target=\"_self\" rel=\"nofollow noopener\" title=\"https:\/\/elpais.com\/deportes\/futbol\/2026-01-12\/el-real-madrid-despide-a-xabi-alonso.html\">en shock despu\u00e9s de la salida de Xabi Alonso<\/a>, pero la eliminaci\u00f3n le hizo parecer a\u00fan m\u00e1s sonado. No encontr\u00f3 el mando en ning\u00fan momento ante un Albacete que nunca les hab\u00eda ganado en ninguna competici\u00f3n y se hab\u00eda conjurado alrededor de una fe indestructible en que le llegar\u00edan sus ocasiones. <\/p>\n<p><img decoding=\"auto\" class=\"_re lazyload a_m-h\" height=\"276\"  width=\"414\"  src=\"https:\/\/www.europesays.com\/es\/wp-content\/uploads\/2026\/01\/SWVTO3EY5JBTHEKZYKKSNRK3CY.jpg\" loading=\"lazy\"\/>Arda Guler, tras encajar el Real Madrid el segundo tanto del Albaceta.AFP7 v\u00eda Europa Press  (AFP7 v\u00eda Europa Press)<\/p>\n<p class=\"\">El Madrid tampoco les da\u00f1aba. Era un equipo un tanto pastoso con un dominio bastante intrascendente. G\u00fcler sacaba la cabeza, de nuevo en un once en el que aparecieron dos futbolistas del Castilla, David Jim\u00e9nez en el lateral derecho y Cestero en el centro del campo. El turco se esforzaba en aparecer, en tratar de acelerar, pero a su alrededor los movimientos eran trabajosos, lentos, escasos. \u00c9l jugaba a unas revoluciones mucho m\u00e1s elevadas, tanto que el contraste con el resto daba la impresi\u00f3n de que lo hac\u00eda a espasmos. <\/p>\n<p class=\"\">Vinicius inquietaba algo por la izquierda, pero bastante rodeado y sin acierto. En la otra banda, Mastantuono enfilaba siempre hacia dentro, donde hab\u00eda m\u00e1s gente, y ah\u00ed se extingu\u00edan sus pocos intentos, en un control poco fino, un recorte y un pase atr\u00e1s. El principio se desarroll\u00f3 entre una tupida niebla que imped\u00eda ver unas decenas de metros m\u00e1s all\u00e1, pero tampoco se perd\u00eda uno nada.<\/p>\n<p><img decoding=\"auto\" class=\"_re lazyload a_m-h\" height=\"276\"  width=\"414\"  src=\"https:\/\/www.europesays.com\/es\/wp-content\/uploads\/2026\/01\/QXJN2VCQS5GSZGOT3EKRNLI7MA.jpg\" loading=\"lazy\"\/>Vinicius Junior y Dani Bernab\u00e9u en un lance del partido.AFP7 v\u00eda Europa Press  (AFP7 v\u00eda Europa Press)<\/p>\n<p class=\"\">Lo que no consegu\u00eda el juego lo logr\u00f3 la adrenalina, que con el Madrid muchas veces se dispara cuando se ve en dificultades grandes. Tampoco es que llegara al Carlos Belmonte muy aliviado, pero le despert\u00f3 brevemente el 1-0. Javi Villar, criado en La F\u00e1brica, cabece\u00f3 un c\u00f3rner a la red saltando por encima de Mastantuono y se agit\u00f3 algo en el Real. El chispazo de respuesta fue casi inmediato, una descarga de orgullo un poco desesperado. Huijsen cabece\u00f3 un c\u00f3rner sacado por G\u00fcler, que Lizoain, el portero, repeli\u00f3 con muchos reflejos. Pero Mastantuono alarg\u00f3 la pierna, caz\u00f3 el rechace y empat\u00f3. Vuelta a empezar tras dos espasmos. Vuelta a un Madrid que mov\u00eda el bal\u00f3n con pesadez. G\u00fcler segu\u00eda empe\u00f1ado en espabilar el juego, pero no encontraba m\u00e1s compa\u00f1\u00eda que la de Cestero, que se manejaba con una personalidad notable.<\/p>\n<p class=\"\">Solo los desgast\u00f3 el paso del tiempo, pero en cuanto detect\u00f3 que su equipo retroced\u00eda, Alberto Gonz\u00e1lez introdujo tres jugadores de refresco, entre ellos el iluminado Jeft\u00e9, y el Albacete recuper\u00f3 algo de aire con la pelota, un tramo que la grada celebr\u00f3 con ol\u00e9s. Arbeloa tambi\u00e9n respondi\u00f3 con cambios. Meti\u00f3 a Camavinga en el lateral izquierdo por Fran Garc\u00eda y a David Alaba por Huijsen.<\/p>\n<p><img decoding=\"auto\" class=\"_re lazyload a_m-h\" height=\"276\"  width=\"414\"  src=\"https:\/\/www.europesays.com\/es\/wp-content\/uploads\/2026\/01\/BMONYRVY3NDDXBGYHOB4TTOLPY.jpg\" loading=\"lazy\"\/>Jeft\u00e9 Betancor, del Albacete, marca el segundo gol de su equipo al Real Madrid.Manu (EFE)<\/p>\n<p class=\"\">El juego no se aligeraba. El Albacete se hab\u00eda vuelto a cerrar. Solo consegu\u00eda poner algo de picante G\u00fcler a bal\u00f3n parado. Gonzalo, que no se hab\u00eda mostrado apenas, conect\u00f3 un remate de cabeza que se fue muy alto. No consegu\u00edan deshacer el nudo. Con solo un cuarto de hora por delante, Arbeloa recurri\u00f3 a otro de sus chicos del Castilla, Palacios, que debutaba con el primer equipo, y al gran jerarca de los veteranos, Carvajal, que llevaba sin jugar desde que se lesion\u00f3 en el cl\u00e1sico del 26 de octubre en el Bernab\u00e9u. <\/p>\n<p class=\"\">Pero el Madrid no se aclaraba. No hab\u00eda regresado la niebla, pero lo pareci\u00f3 cuando Agus Medina puso un centro al \u00e1rea y Asencio y Gonzalo encadenaron despejes de cabeza que terminaron dej\u00e1ndole la pelota a Jeft\u00e9. El delantero canario enganch\u00f3 una volea contra la hierba que sorprendi\u00f3 con el bote a Lunin y coloco al Real al borde de la eliminaci\u00f3n. El Madrid respondi\u00f3 con otro c\u00f3rner que cabece\u00f3 Gonzalo. Y parec\u00eda la misma vieja historia del Madrid resucitado. Hasta el \u00faltimo golpe de Jeft\u00e9, un sopapo tremendo para el Real que buscaba volver a empezar con Arbeloa.<\/p>\n<p><img decoding=\"auto\" class=\"_re lazyload a_m-h\" height=\"277\"  width=\"414\"  src=\"https:\/\/www.europesays.com\/es\/wp-content\/uploads\/2026\/01\/DZPXCMRBC5GZVETSPX54CNAS7M.jpg\" loading=\"lazy\"\/>Los jugadores del Albacete celebran con el p\u00fablico la victoria ante el Real MadridJose Breton (AP)<\/p>\n","protected":false},"excerpt":{"rendered":"Cuando parec\u00eda que el Real Madrid le hab\u00eda hecho al Albacete lo que le ha hecho siempre a&hellip;\n","protected":false},"author":2,"featured_media":341326,"comment_status":"","ping_status":"","sticky":false,"template":"","format":"standard","meta":{"footnotes":""},"categories":[93],"tags":[63310,13033,1540,16241,168,1539,25,24,282,1538,3048,23,167],"class_list":{"0":"post-341325","1":"post","2":"type-post","3":"status-publish","4":"format-standard","5":"has-post-thumbnail","7":"category-deportes","8":"tag-albacete-balompie","9":"tag-alvaro-arbeloa","10":"tag-competiciones","11":"tag-copa-rey-futbol","12":"tag-deportes","13":"tag-entrenadores","14":"tag-es","15":"tag-espana","16":"tag-futbol","17":"tag-futbolistas","18":"tag-real-madrid","19":"tag-spain","20":"tag-sports"},"share_on_mastodon":{"url":"https:\/\/pubeurope.com\/@es\/115896625742020905","error":""},"_links":{"self":[{"href":"https:\/\/www.europesays.com\/es\/wp-json\/wp\/v2\/posts\/341325","targetHints":{"allow":["GET"]}}],"collection":[{"href":"https:\/\/www.europesays.com\/es\/wp-json\/wp\/v2\/posts"}],"about":[{"href":"https:\/\/www.europesays.com\/es\/wp-json\/wp\/v2\/types\/post"}],"author":[{"embeddable":true,"href":"https:\/\/www.europesays.com\/es\/wp-json\/wp\/v2\/users\/2"}],"replies":[{"embeddable":true,"href":"https:\/\/www.europesays.com\/es\/wp-json\/wp\/v2\/comments?post=341325"}],"version-history":[{"count":0,"href":"https:\/\/www.europesays.com\/es\/wp-json\/wp\/v2\/posts\/341325\/revisions"}],"wp:featuredmedia":[{"embeddable":true,"href":"https:\/\/www.europesays.com\/es\/wp-json\/wp\/v2\/media\/341326"}],"wp:attachment":[{"href":"https:\/\/www.europesays.com\/es\/wp-json\/wp\/v2\/media?parent=341325"}],"wp:term":[{"taxonomy":"category","embeddable":true,"href":"https:\/\/www.europesays.com\/es\/wp-json\/wp\/v2\/categories?post=341325"},{"taxonomy":"post_tag","embeddable":true,"href":"https:\/\/www.europesays.com\/es\/wp-json\/wp\/v2\/tags?post=341325"}],"curies":[{"name":"wp","href":"https:\/\/api.w.org\/{rel}","templated":true}]}}