{"id":341338,"date":"2026-01-15T02:01:17","date_gmt":"2026-01-15T02:01:17","guid":{"rendered":"https:\/\/www.europesays.com\/es\/341338\/"},"modified":"2026-01-15T02:01:17","modified_gmt":"2026-01-15T02:01:17","slug":"ocho-encuentros-post-funcion-para-acercarnos-a-la-trastienda-de-lo-que-vemos-en-escena","status":"publish","type":"post","link":"https:\/\/www.europesays.com\/es\/341338\/","title":{"rendered":"Ocho encuentros post-funci\u00f3n para acercarnos a la \u201ctrastienda\u201d de lo que vemos en escena"},"content":{"rendered":"<p>El\u00a0Teatro Gayarre ha organizado, dentro de su programaci\u00f3n general para la primera mitad de este 2026, <strong>ocho encuentros con el p\u00fablico al finalizar la funci\u00f3n con la presencia de los diversos equipos art\u00edsticos<\/strong>:<\/p>\n<p><strong>\u201cTestigo de cargo\u201d<\/strong> (domingo 25 de enero): con la presencia de Susana Rodr\u00edguez, Roberto Santiago y Fernando Bernu\u00e9s. En colaboraci\u00f3n con Pamplona Negra 2026.<\/p>\n<p><strong>\u201cTodo tuyo (53x)\u201d<\/strong> (mi\u00e9rcoles, 18 de febrero).<\/p>\n<p><strong>\u201cEl pesimismo alegre\u201d<\/strong> (jueves, 5 de marzo).<\/p>\n<p><strong>\u201cDesobedienteak 18\/98\u201d<\/strong> (mi\u00e9rcoles 25, de marzo)<\/p>\n<p><strong>\u201cLa \u00faltima noche con mi hermano\u201d<\/strong> (s\u00e1bado, 11 de abril)<\/p>\n<p><strong>\u201cUn monstruo viene a verme\u201d<\/strong> (viernes, 17 de abril)<\/p>\n<p><strong>\u201cLeonora\u201d<\/strong> (mi\u00e9rcoles, 22 de abril)<\/p>\n<p><strong>\u201cRagoh | Hogar\u201d<\/strong> (martes, 28 de abril)<\/p>\n<p><strong>Estos actos son de entrada libre.<\/strong><\/p>\n","protected":false},"excerpt":{"rendered":"El\u00a0Teatro Gayarre ha organizado, dentro de su programaci\u00f3n general para la primera mitad de este 2026, ocho encuentros&hellip;\n","protected":false},"author":2,"featured_media":341339,"comment_status":"","ping_status":"","sticky":false,"template":"","format":"standard","meta":{"footnotes":""},"categories":[5],"tags":[17,18,25,24,13,14,11,19,20,9,10,15,16,23,12,21,22],"class_list":{"0":"post-341338","1":"post","2":"type-post","3":"status-publish","4":"format-standard","5":"has-post-thumbnail","7":"category-titulares","8":"tag-breaking-news","9":"tag-breakingnews","10":"tag-es","11":"tag-espana","12":"tag-featured-news","13":"tag-featurednews","14":"tag-headlines","15":"tag-latest-news","16":"tag-latestnews","17":"tag-news","18":"tag-noticias","19":"tag-noticias-destacadas","20":"tag-noticiasdestacadas","21":"tag-spain","22":"tag-titulares","23":"tag-ultimas-noticias","24":"tag-ultimasnoticias"},"share_on_mastodon":{"url":"https:\/\/pubeurope.com\/@es\/115896653088923393","error":""},"_links":{"self":[{"href":"https:\/\/www.europesays.com\/es\/wp-json\/wp\/v2\/posts\/341338","targetHints":{"allow":["GET"]}}],"collection":[{"href":"https:\/\/www.europesays.com\/es\/wp-json\/wp\/v2\/posts"}],"about":[{"href":"https:\/\/www.europesays.com\/es\/wp-json\/wp\/v2\/types\/post"}],"author":[{"embeddable":true,"href":"https:\/\/www.europesays.com\/es\/wp-json\/wp\/v2\/users\/2"}],"replies":[{"embeddable":true,"href":"https:\/\/www.europesays.com\/es\/wp-json\/wp\/v2\/comments?post=341338"}],"version-history":[{"count":0,"href":"https:\/\/www.europesays.com\/es\/wp-json\/wp\/v2\/posts\/341338\/revisions"}],"wp:featuredmedia":[{"embeddable":true,"href":"https:\/\/www.europesays.com\/es\/wp-json\/wp\/v2\/media\/341339"}],"wp:attachment":[{"href":"https:\/\/www.europesays.com\/es\/wp-json\/wp\/v2\/media?parent=341338"}],"wp:term":[{"taxonomy":"category","embeddable":true,"href":"https:\/\/www.europesays.com\/es\/wp-json\/wp\/v2\/categories?post=341338"},{"taxonomy":"post_tag","embeddable":true,"href":"https:\/\/www.europesays.com\/es\/wp-json\/wp\/v2\/tags?post=341338"}],"curies":[{"name":"wp","href":"https:\/\/api.w.org\/{rel}","templated":true}]}}