{"id":341351,"date":"2026-01-15T02:15:11","date_gmt":"2026-01-15T02:15:11","guid":{"rendered":"https:\/\/www.europesays.com\/es\/341351\/"},"modified":"2026-01-15T02:15:11","modified_gmt":"2026-01-15T02:15:11","slug":"todo-lo-que-sabe-del-regreso-musical-de-blackpink-fecha-de-estreno-de-su-proximo-album","status":"publish","type":"post","link":"https:\/\/www.europesays.com\/es\/341351\/","title":{"rendered":"Todo lo que sabe del regreso musical de BLACKPINK: Fecha de estreno de su pr\u00f3ximo \u00e1lbum"},"content":{"rendered":"<p>La banda femenina de K-pop lanzar\u00e1 nueva m\u00fasica tras el final de su gira. Cr\u00e9ditos: YouTube\/BLACKPINK<\/p>\n<p class=\"paragraph\"><b>BLACKPINK <\/b>confirm\u00f3 oficialmente el lanzamiento de su tercer mini \u00e1lbum, titulado DEADLINE, que estar\u00e1 disponible el 27 de febrero de 2026 a las 12:00 a.m. (hora del Este) y a la 1:00 p.m. (hora de Corea del Sur). <\/p>\n<p class=\"paragraph\">El anuncio se realiz\u00f3 el 15 de enero a trav\u00e9s de las redes sociales oficiales del grupo y puso fin a meses de especulaci\u00f3n sobre el primer nuevo proyecto discogr\u00e1fico del cuarteto desde la publicaci\u00f3n de su \u00e1lbum de estudio Born Pink en 2022.<\/p>\n<p class=\"paragraph\">La confirmaci\u00f3n lleg\u00f3 acompa\u00f1ada de un breve video teaser con una revelaci\u00f3n din\u00e1mica del t\u00edtulo, en el que se pod\u00eda leer: \u201cBLACKPINK 3rd MINI ALBUM [DEADLINE] 2026. 02. 27. 12AM (EST) \/ 1PM (KST)\u201d. <\/p>\n<p><img alt=\"BLACKPINK anunci\u00f3 que su pr\u00f3ximo\" class=\"global-image\" decoding=\"async\" fetchpriority=\"low\" height=\"534\" loading=\"lazy\" src=\"https:\/\/www.europesays.com\/es\/wp-content\/uploads\/2026\/01\/7NXERDLM3NEDHIBGECP7GLHKDE.jpeg\" width=\"805\"\/>BLACKPINK anunci\u00f3 que su pr\u00f3ximo proyecto se estrenar\u00e1 el 27 de febrero. (Instagram)<\/p>\n<p class=\"paragraph\">El nombre del mini \u00e1lbum coincide con el de la gira mundial DEADLINE World Tour, actualmente en curso, que concluir\u00e1 el 26 de enero de 2026 en el estadio Kai Tak de Hong Kong.<\/p>\n<p class=\"paragraph\">El camino hacia la confirmaci\u00f3n de <b>DEADLINE<\/b><b> <\/b>estuvo marcado por varios retrasos. A comienzos de 2025, distintos reportes apuntaban a un regreso del grupo en mayo de ese a\u00f1o, fecha que posteriormente fue pospuesta a noviembre, luego a diciembre de 2025 y m\u00e1s tarde a enero de 2026, antes de establecerse finalmente el lanzamiento para finales de febrero. <\/p>\n<p class=\"paragraph\">Durante este periodo, YG Entertainment explic\u00f3 en reiteradas ocasiones que los cambios respond\u00edan a la intenci\u00f3n de mejorar la calidad del proyecto.<\/p>\n<p class=\"paragraph\">En noviembre de 2025, un representante de la compa\u00f1\u00eda se\u00f1al\u00f3 que el \u00e1lbum se encontraba en su etapa final de producci\u00f3n y que cualquier novedad ser\u00eda comunicada a trav\u00e9s de anuncios oficiales. <\/p>\n<p><img alt=\"El nuevo \u00e1lbum de BLACKPINK\" class=\"global-image\" decoding=\"async\" fetchpriority=\"low\" height=\"1080\" loading=\"lazy\" src=\"https:\/\/www.europesays.com\/es\/wp-content\/uploads\/2026\/01\/EPNWX4KBURGZVODTSA56EWPXME.jpg\" width=\"1920\"\/>El nuevo \u00e1lbum de BLACKPINK tuvo varios retrasos significativos. (REUTERS\/Brendan McDermid)<\/p>\n<p class=\"paragraph\">Para entonces, las integrantes ya hab\u00edan iniciado la filmaci\u00f3n del video musical principal, proceso que, seg\u00fan declar\u00f3 Jisoo en una entrevista con Elle Korea, estaba \u201ccasi terminado\u201d. El calendario extendido permiti\u00f3 al grupo compatibilizar la producci\u00f3n del \u00e1lbum con su intensa agenda de conciertos, iniciada en julio de 2025.<\/p>\n<p class=\"paragraph\"><b>DEADLINE<\/b><b> <\/b>ser\u00e1 el primer mini \u00e1lbum de <b>BLACKPINK <\/b>en m\u00e1s de tres a\u00f1os. Su \u00faltimo trabajo discogr\u00e1fico como grupo fue <b>Born Pink<\/b>, lanzado en septiembre de 2022, que debut\u00f3 en el primer lugar del Billboard 200, convirtiendo a la banda en el primer grupo femenino de K-pop en lograrlo desde 2008. <\/p>\n<p class=\"paragraph\">Ese \u00e1lbum incluy\u00f3 sencillos como \u201cPink Venom\u201d y \u201cShut Down\u201d, ambos con amplio impacto internacional.<\/p>\n<p class=\"paragraph\">Entre Born Pink y DEADLINE, el grupo lanz\u00f3 el sencillo digital \u201cJump\u201d en julio de 2025, que alcanz\u00f3 el n\u00famero uno del Billboard Global 200 y se convirti\u00f3 en la d\u00e9cima entrada de BLACKPINK en el Billboard Hot 100. <\/p>\n<p><img alt=\"BLACKPINK lanz\u00f3 &quot;Jump&quot; en 2025\" class=\"global-image\" decoding=\"async\" fetchpriority=\"low\" height=\"269\" loading=\"lazy\" src=\"https:\/\/www.europesays.com\/es\/wp-content\/uploads\/2026\/01\/E3YOZVXOQFB6BOB6MLRGKHBGWA.webp.jpeg\" width=\"640\"\/>BLACKPINK lanz\u00f3 \u00abJump\u00bb en 2025 en medio de las especulaciones sobre el siguiente disco. (Captura de video)<\/p>\n<p class=\"paragraph\">La canci\u00f3n recibi\u00f3 adem\u00e1s tres nominaciones en los MAMA Awards 2025, incluida Canci\u00f3n del A\u00f1o. En paralelo, las integrantes desarrollaron actividades individuales.<\/p>\n<p class=\"paragraph\"><b>Ros\u00e9 <\/b>obtuvo nominaciones al Grammy por su tema \u201cAPT\u201d en colaboraci\u00f3n con<b> Bruno Mars<\/b>, <b>Jennie <\/b>lanz\u00f3 su marca de moda ODD ATELIER, <b>Lisa <\/b>fund\u00f3 su propio sello LLOUD, as\u00ed como su incursi\u00f3n en la actuaci\u00f3n con la serie The White Lotus y <b>Jisoo <\/b>combin\u00f3 proyectos de actuaci\u00f3n con nueva m\u00fasica en solitario.<\/p>\n<p class=\"paragraph\">Hasta el momento, no se han revelado detalles sobre la lista de canciones ni el concepto visual del \u00e1lbum. <\/p>\n<p><img alt=\"BLACKPINK no ha revelado detalles\" class=\"global-image\" decoding=\"async\" fetchpriority=\"low\" height=\"3899\" loading=\"lazy\" src=\"https:\/\/www.europesays.com\/es\/wp-content\/uploads\/2026\/01\/F3KPI2QSUZCANNITQABXQPF4DI.jpg\" width=\"5848\"\/>BLACKPINK no ha revelado detalles sobre las canciones que contendr\u00e1 el disco. (EFE\/EPA\/Jason Szenes)<\/p>\n<p class=\"paragraph\">Por si fuera poco, la fecha de estreno tambi\u00e9n coincide con la antesala del d\u00e9cimo aniversario del grupo, que debut\u00f3 en agosto de 2016 bajo YG Entertainment. <\/p>\n<p class=\"paragraph\">Aunque algunos fans manifestaron decepci\u00f3n por tratarse de un mini \u00e1lbum y no de un disco completo, otros mostraron emoci\u00f3n por saber m\u00e1s sobre los siguientes proyectos de de BLACKPINK.<\/p>\n","protected":false},"excerpt":{"rendered":"La banda femenina de K-pop lanzar\u00e1 nueva m\u00fasica tras el final de su gira. Cr\u00e9ditos: YouTube\/BLACKPINK BLACKPINK confirm\u00f3&hellip;\n","protected":false},"author":2,"featured_media":341352,"comment_status":"","ping_status":"","sticky":false,"template":"","format":"standard","meta":{"footnotes":""},"categories":[170],"tags":[77739,505,146,147,25,24,14136,77740,184,185,27236,23],"class_list":{"0":"post-341351","1":"post","2":"type-post","3":"status-publish","4":"format-standard","5":"has-post-thumbnail","7":"category-musica","8":"tag-alfombra-roja-de-los-mtv-video-music-awards-2022","9":"tag-artistas","10":"tag-entertainment","11":"tag-entretenimiento","12":"tag-es","13":"tag-espana","14":"tag-gesto","15":"tag-mejores-videos-musicales-del-ano","16":"tag-music","17":"tag-musica","18":"tag-posando","19":"tag-spain"},"share_on_mastodon":{"url":"https:\/\/pubeurope.com\/@es\/115896708380485114","error":""},"_links":{"self":[{"href":"https:\/\/www.europesays.com\/es\/wp-json\/wp\/v2\/posts\/341351","targetHints":{"allow":["GET"]}}],"collection":[{"href":"https:\/\/www.europesays.com\/es\/wp-json\/wp\/v2\/posts"}],"about":[{"href":"https:\/\/www.europesays.com\/es\/wp-json\/wp\/v2\/types\/post"}],"author":[{"embeddable":true,"href":"https:\/\/www.europesays.com\/es\/wp-json\/wp\/v2\/users\/2"}],"replies":[{"embeddable":true,"href":"https:\/\/www.europesays.com\/es\/wp-json\/wp\/v2\/comments?post=341351"}],"version-history":[{"count":0,"href":"https:\/\/www.europesays.com\/es\/wp-json\/wp\/v2\/posts\/341351\/revisions"}],"wp:featuredmedia":[{"embeddable":true,"href":"https:\/\/www.europesays.com\/es\/wp-json\/wp\/v2\/media\/341352"}],"wp:attachment":[{"href":"https:\/\/www.europesays.com\/es\/wp-json\/wp\/v2\/media?parent=341351"}],"wp:term":[{"taxonomy":"category","embeddable":true,"href":"https:\/\/www.europesays.com\/es\/wp-json\/wp\/v2\/categories?post=341351"},{"taxonomy":"post_tag","embeddable":true,"href":"https:\/\/www.europesays.com\/es\/wp-json\/wp\/v2\/tags?post=341351"}],"curies":[{"name":"wp","href":"https:\/\/api.w.org\/{rel}","templated":true}]}}