{"id":341355,"date":"2026-01-15T02:17:10","date_gmt":"2026-01-15T02:17:10","guid":{"rendered":"https:\/\/www.europesays.com\/es\/341355\/"},"modified":"2026-01-15T02:17:10","modified_gmt":"2026-01-15T02:17:10","slug":"asi-te-hemos-contado-la-derrota-del-real-madrid-ante-el-albacete-en-la-copa-del-rey-deportes","status":"publish","type":"post","link":"https:\/\/www.europesays.com\/es\/341355\/","title":{"rendered":"As\u00ed te hemos contado la derrota del Real Madrid ante el Albacete en la Copa del Rey | Deportes"},"content":{"rendered":"<p>La crisis en el Real Madrid encuentra un episodio nuevo en el Carlos Belmonte. De la final perdida en Yeda contra el Barceona en la Supercopa de Espa\u00f1a al adi\u00f3s en la Copa del Rey al ser eliminado por un Segunda Divisi\u00f3n. La unidad B de la entidad de Chamart\u00edn, con\u00a0Courtois, Tchouameni, Bellingham, Rodrygo o Mbapp\u00e9 entre otros en Madrid para concederles descanso, no da la talla en Albacete y amarga el estreno de \u00c1lvaro Arbeloa en el banquillo tras la salida de Xabi Alonso. El equipo blanco sigue siendo plano, sin actitud y bastante contemplativo, recibiendo un severo correctivo que significa el punto y final a pelear por otro t\u00edtulo esta temporada.<\/p>\n","protected":false},"excerpt":{"rendered":"La crisis en el Real Madrid encuentra un episodio nuevo en el Carlos Belmonte. De la final perdida&hellip;\n","protected":false},"author":2,"featured_media":341356,"comment_status":"","ping_status":"","sticky":false,"template":"","format":"standard","meta":{"footnotes":""},"categories":[93],"tags":[63310,13033,16241,168,1539,25,24,1538,3048,23,167],"class_list":{"0":"post-341355","1":"post","2":"type-post","3":"status-publish","4":"format-standard","5":"has-post-thumbnail","7":"category-deportes","8":"tag-albacete-balompie","9":"tag-alvaro-arbeloa","10":"tag-copa-rey-futbol","11":"tag-deportes","12":"tag-entrenadores","13":"tag-es","14":"tag-espana","15":"tag-futbolistas","16":"tag-real-madrid","17":"tag-spain","18":"tag-sports"},"share_on_mastodon":{"url":"https:\/\/pubeurope.com\/@es\/115896716115839529","error":""},"_links":{"self":[{"href":"https:\/\/www.europesays.com\/es\/wp-json\/wp\/v2\/posts\/341355","targetHints":{"allow":["GET"]}}],"collection":[{"href":"https:\/\/www.europesays.com\/es\/wp-json\/wp\/v2\/posts"}],"about":[{"href":"https:\/\/www.europesays.com\/es\/wp-json\/wp\/v2\/types\/post"}],"author":[{"embeddable":true,"href":"https:\/\/www.europesays.com\/es\/wp-json\/wp\/v2\/users\/2"}],"replies":[{"embeddable":true,"href":"https:\/\/www.europesays.com\/es\/wp-json\/wp\/v2\/comments?post=341355"}],"version-history":[{"count":0,"href":"https:\/\/www.europesays.com\/es\/wp-json\/wp\/v2\/posts\/341355\/revisions"}],"wp:featuredmedia":[{"embeddable":true,"href":"https:\/\/www.europesays.com\/es\/wp-json\/wp\/v2\/media\/341356"}],"wp:attachment":[{"href":"https:\/\/www.europesays.com\/es\/wp-json\/wp\/v2\/media?parent=341355"}],"wp:term":[{"taxonomy":"category","embeddable":true,"href":"https:\/\/www.europesays.com\/es\/wp-json\/wp\/v2\/categories?post=341355"},{"taxonomy":"post_tag","embeddable":true,"href":"https:\/\/www.europesays.com\/es\/wp-json\/wp\/v2\/tags?post=341355"}],"curies":[{"name":"wp","href":"https:\/\/api.w.org\/{rel}","templated":true}]}}