{"id":341384,"date":"2026-01-15T02:42:11","date_gmt":"2026-01-15T02:42:11","guid":{"rendered":"https:\/\/www.europesays.com\/es\/341384\/"},"modified":"2026-01-15T02:42:11","modified_gmt":"2026-01-15T02:42:11","slug":"maspalomas-una-de-las-peliculas-favoritas-a-los-goya-ya-tiene-fecha-de-estreno-en-movistar","status":"publish","type":"post","link":"https:\/\/www.europesays.com\/es\/341384\/","title":{"rendered":"&#8216;Maspalomas&#8217;, una de las pel\u00edculas favoritas a los Goya, ya tiene fecha de estreno en Movistar"},"content":{"rendered":"<p>De las cinco cintas nominadas a mejor pel\u00edcula para los <a title=\"Premios Goya 2026\" href=\"https:\/\/www.larazon.es\/tags\/premios-goya-1\" target=\"_blank\" rel=\"nofollow noopener\">Premios Goya 2026<\/a>, hay dos que ya est\u00e1n disponibles para ver en plataformas de streaming, concretamente en Movistar: &#8216;Sorda&#8217;, de Eva Libertad, y &#8216;Sirat&#8217;, de Oliver Laxe.<\/p>\n<p>A\u00fan no sabemos cu\u00e1ndo podremos ver en la peque\u00f1a pantalla otro par de ellas: &#8216;Los domingos&#8217; (la que opta a m\u00e1s premios), de Alauda Ruiz de Az\u00faa, y &#8216;La cena&#8217;, de Manuel G\u00f3mez Pereira.<\/p>\n<p>S\u00ed hemos conocido recientemente que la nominada que resta, la pel\u00edcula<b> &#8216;Maspalomas&#8217;,<\/b> que suma nueva candidaturas a los Goya, <b>estar\u00e1 disponible en Movistar desde el jueves 22 de enero.<\/b><\/p>\n<p>La cinta dirigida por <a title=\"Jos\u00e9 Mari Goenaga\" href=\"https:\/\/www.filmaffinity.com\/es\/name.php?name-id=930292450\" target=\"_blank\" rel=\"nofollow noopener\">Jos\u00e9 Mari Goenaga<\/a>,<a title=\"Aitor Arregi\" href=\"https:\/\/www.filmaffinity.com\/es\/name.php?name-id=748809109\" target=\"_blank\" rel=\"nofollow noopener\">Aitor Arregi<\/a> se present\u00f3 en el pasado Festival de San Sebasti\u00e1n, donde su protagonista, Jos\u00e9 Ram\u00f3n Soroiz, gan\u00f3 el premio a Mejor Interpretaci\u00f3n Masculina.<\/p>\n<p>Su original y humana historia sigue a Vicente, un hombre de 76 a\u00f1os que tras romper son su pareja lleva la vida que le gusta en Maspalomas: su d\u00eda a d\u00eda lo pasa tumbado al sol, de fiesta y buscando el placer. Un accidente inesperado le obliga a regresar a San Sebasti\u00e1n y a reencontrarse con su hija (Nagore Aranburu), a quien abandon\u00f3 a\u00f1os atr\u00e1s.<\/p>\n<p>Vicente tendr\u00e1 que vivir en una residencia donde se ver\u00e1 empujado a volver al armario y a ocultar una parte de s\u00ed mismo que cre\u00eda resuelta. En este nuevo entorno, Vicente deber\u00e1 preguntarse si a\u00fan est\u00e1 a tiempo de reconciliarse con los dem\u00e1s\u2026 y consigo mismo.<\/p>\n","protected":false},"excerpt":{"rendered":"De las cinco cintas nominadas a mejor pel\u00edcula para los Premios Goya 2026, hay dos que ya est\u00e1n&hellip;\n","protected":false},"author":2,"featured_media":341385,"comment_status":"","ping_status":"","sticky":false,"template":"","format":"standard","meta":{"footnotes":""},"categories":[169],"tags":[177,146,147,25,24,176,175,23],"class_list":{"0":"post-341384","1":"post","2":"type-post","3":"status-publish","4":"format-standard","5":"has-post-thumbnail","7":"category-cine","8":"tag-cine","9":"tag-entertainment","10":"tag-entretenimiento","11":"tag-es","12":"tag-espana","13":"tag-film","14":"tag-movies","15":"tag-spain"},"share_on_mastodon":{"url":"https:\/\/pubeurope.com\/@es\/115896814318560055","error":""},"_links":{"self":[{"href":"https:\/\/www.europesays.com\/es\/wp-json\/wp\/v2\/posts\/341384","targetHints":{"allow":["GET"]}}],"collection":[{"href":"https:\/\/www.europesays.com\/es\/wp-json\/wp\/v2\/posts"}],"about":[{"href":"https:\/\/www.europesays.com\/es\/wp-json\/wp\/v2\/types\/post"}],"author":[{"embeddable":true,"href":"https:\/\/www.europesays.com\/es\/wp-json\/wp\/v2\/users\/2"}],"replies":[{"embeddable":true,"href":"https:\/\/www.europesays.com\/es\/wp-json\/wp\/v2\/comments?post=341384"}],"version-history":[{"count":0,"href":"https:\/\/www.europesays.com\/es\/wp-json\/wp\/v2\/posts\/341384\/revisions"}],"wp:featuredmedia":[{"embeddable":true,"href":"https:\/\/www.europesays.com\/es\/wp-json\/wp\/v2\/media\/341385"}],"wp:attachment":[{"href":"https:\/\/www.europesays.com\/es\/wp-json\/wp\/v2\/media?parent=341384"}],"wp:term":[{"taxonomy":"category","embeddable":true,"href":"https:\/\/www.europesays.com\/es\/wp-json\/wp\/v2\/categories?post=341384"},{"taxonomy":"post_tag","embeddable":true,"href":"https:\/\/www.europesays.com\/es\/wp-json\/wp\/v2\/tags?post=341384"}],"curies":[{"name":"wp","href":"https:\/\/api.w.org\/{rel}","templated":true}]}}