{"id":341390,"date":"2026-01-15T02:45:17","date_gmt":"2026-01-15T02:45:17","guid":{"rendered":"https:\/\/www.europesays.com\/es\/341390\/"},"modified":"2026-01-15T02:45:17","modified_gmt":"2026-01-15T02:45:17","slug":"portal-de-noticias-del-gobierno-de-canarias-476","status":"publish","type":"post","link":"https:\/\/www.europesays.com\/es\/341390\/","title":{"rendered":"Portal de Noticias del Gobierno de Canarias"},"content":{"rendered":"<blockquote>\n<p>De profundas ra\u00edces ancestrales, el nuevo espect\u00e1culo de la compa\u00f1\u00eda se podr\u00e1 ver en seis islas del 16 al 24 de enero<\/p>\n<p>El montaje integra herencias musicales asumidas por Canarias de las culturas amazigh y sefard\u00ed<\/p>\n<p>En Tenerife las entradas est\u00e1n agotadas, pero quedan butacas disponibles en el resto de los escenarios<\/p>\n<\/blockquote>\n<p><strong>Percusi\u00f3n, voz, piedra, semilla\u2026 y silencios que se funden en un canto ancestral que conecta Canarias, el norte de \u00c1frica y el legado sefard\u00ed. Esto es \u2018<a href=\"https:\/\/www.icdcultural.org\/espectaculos-fimc-2026\/pieles\" target=\"_blank\" rel=\"noopener nofollow\">Arahal. Un lugar donde descansar\u2019<\/a>, el nuevo espect\u00e1culo de la compa\u00f1\u00eda Pieles que recorrer\u00e1 las islas dentro de la programaci\u00f3n #EnParalelo del 42 <a href=\"https:\/\/www.icdcultural.org\/fimc\/conciertos\" target=\"_blank\" rel=\"noopener nofollow\">Festival de M\u00fasica de Canarias.<\/a> Una propuesta interdisciplinar que habita la tradici\u00f3n y con el que Pieles abre un umbral hacia lo \u00edntimo, lo sagrado y lo colectivo.<\/strong><\/p>\n<p>El recorrido organizado por el Gobierno de Canarias dar\u00e1 comienzo el <strong>viernes 16 en el Teatro Leal de La Laguna<\/strong>, en Tenerife (entradas agotadas), y continuar\u00e1 el lunes 19 en el Palacio de Formaci\u00f3n y Congresos de <strong>Fuerteventura<\/strong>; el martes 20 en el auditorio de Los Jameos del Agua, en <strong>Lanzarote<\/strong>; el jueves 22 en el Teatro Guiniguada de Las Palmas de <strong>Gran Canaria<\/strong>, el s\u00e1bado 24 en el Teatro Circo de Marte, en <strong>La Palma<\/strong> y el domino 25 en el Auditorio de <strong>La Gomera<\/strong>.<\/p>\n<p>Las entradas se encuentran ya disponibles en <a href=\"https:\/\/www.icdcultural.org\/fimc\/conciertos\" target=\"_blank\" rel=\"noopener nofollow\">www.festivaldecanarias.com<\/a> y en las plataformas habituales de venta de estos espacios, as\u00ed con en sus taquillas, al precio \u00fanico de 15 euros. La gira cuenta con el patrocinio de <strong>Fundaci\u00f3n DISA<\/strong>.<\/p>\n<p><strong>Ser\u00e1 la tercera ocasi\u00f3n en la que el FIMC incluye a Pieles en la programaci\u00f3n<\/strong> dirigida a nuevos p\u00fablicos. Primero fue \u2018Piel con piel\u2019 (2022) y despu\u00e9s \u2018Angaro\u2019 (2024), propuestas que fueron muy aplaudidas por los espectadores. Creada por su director, Jonat\u00e1n Rodr\u00edguez, hace diez a\u00f1os, la compa\u00f1\u00eda cuenta con un equipo de primera l\u00ednea, entre ellos, el director art\u00edstico Oswaldo Bord\u00f3n, y un elenco de doce personas procedentes de distintos \u00e1mbitos musicales. Cabe mencionar como solistas a Laura \u00c1lvarez, Jos\u00e9 F\u00e9lix \u00c1lvarez y F\u00e1tima Rodr\u00edguez<\/p>\n<p>La compa\u00f1\u00eda se ha destacado por su implicaci\u00f3n en el rescate de manifestaciones culturales en desuso y la investigaci\u00f3n en el \u00e1mbito etnogr\u00e1fico. Para sus creaciones, se inspira en el folclore de Canarias, al tiempo que se nutre de las manifestaciones tradicionales del resto del mundo. El esp\u00edritu innovador de la compa\u00f1\u00eda convive con valores de car\u00e1cter etnogr\u00e1fico y antropol\u00f3gico, creando con estos ingredientes un espacio plural; canario y universal.<\/p>\n<p>Ahora, con \u2018Arahal. Un lugar donde descansar\u2019, explora las ra\u00edces comunes y herencias musicales asumidas por Canarias de las culturas amazigh y sefard\u00ed. Con este espect\u00e1culo, la compa\u00f1\u00eda pretende dar un giro hacia una propuesta notablemente esc\u00e9nica y, a su vez, arriesgada en t\u00e9rminos musicales.<\/p>\n","protected":false},"excerpt":{"rendered":"De profundas ra\u00edces ancestrales, el nuevo espect\u00e1culo de la compa\u00f1\u00eda se podr\u00e1 ver en seis islas del 16&hellip;\n","protected":false},"author":2,"featured_media":341391,"comment_status":"","ping_status":"","sticky":false,"template":"","format":"standard","meta":{"footnotes":""},"categories":[91],"tags":[146,147,25,24,23],"class_list":{"0":"post-341390","1":"post","2":"type-post","3":"status-publish","4":"format-standard","5":"has-post-thumbnail","7":"category-entretenimiento","8":"tag-entertainment","9":"tag-entretenimiento","10":"tag-es","11":"tag-espana","12":"tag-spain"},"share_on_mastodon":{"url":"https:\/\/pubeurope.com\/@es\/115896826150795551","error":""},"_links":{"self":[{"href":"https:\/\/www.europesays.com\/es\/wp-json\/wp\/v2\/posts\/341390","targetHints":{"allow":["GET"]}}],"collection":[{"href":"https:\/\/www.europesays.com\/es\/wp-json\/wp\/v2\/posts"}],"about":[{"href":"https:\/\/www.europesays.com\/es\/wp-json\/wp\/v2\/types\/post"}],"author":[{"embeddable":true,"href":"https:\/\/www.europesays.com\/es\/wp-json\/wp\/v2\/users\/2"}],"replies":[{"embeddable":true,"href":"https:\/\/www.europesays.com\/es\/wp-json\/wp\/v2\/comments?post=341390"}],"version-history":[{"count":0,"href":"https:\/\/www.europesays.com\/es\/wp-json\/wp\/v2\/posts\/341390\/revisions"}],"wp:featuredmedia":[{"embeddable":true,"href":"https:\/\/www.europesays.com\/es\/wp-json\/wp\/v2\/media\/341391"}],"wp:attachment":[{"href":"https:\/\/www.europesays.com\/es\/wp-json\/wp\/v2\/media?parent=341390"}],"wp:term":[{"taxonomy":"category","embeddable":true,"href":"https:\/\/www.europesays.com\/es\/wp-json\/wp\/v2\/categories?post=341390"},{"taxonomy":"post_tag","embeddable":true,"href":"https:\/\/www.europesays.com\/es\/wp-json\/wp\/v2\/tags?post=341390"}],"curies":[{"name":"wp","href":"https:\/\/api.w.org\/{rel}","templated":true}]}}