{"id":341396,"date":"2026-01-15T02:48:25","date_gmt":"2026-01-15T02:48:25","guid":{"rendered":"https:\/\/www.europesays.com\/es\/341396\/"},"modified":"2026-01-15T02:48:25","modified_gmt":"2026-01-15T02:48:25","slug":"xavier-vidal-folch-sobre-la-reunion-entre-eeuu-groenlandia-y-dinamarca-han-mantenido-posturas-firmes-y-decentes-cadena-ser","status":"publish","type":"post","link":"https:\/\/www.europesays.com\/es\/341396\/","title":{"rendered":"Xavier Vidal-Folch, sobre la reuni\u00f3n entre EEUU, Groenlandia y Dinamarca: &quot;Han mantenido posturas firmes y decentes&quot; &#8211; Cadena SER"},"content":{"rendered":"<ol>\n<li><a href=\"https:\/\/news.google.com\/rss\/articles\/CBMi-AFBVV95cUxPNHdmTVl4WUtiQlFkZWVqekUyZWtNX0kzNlJ2YWg1SUZHazdBY1lQMVllTGNpTW0zbUdyVUpCR1V5V25EMGV0bTJHYU9md2hiZVpMbnBGYUxSMzYtcDBXaEJvd3FIUXZ5UkVlNjk2aFl3ZmRLb3hvQVl3bjBlWTg0YWtQWEtVQlZQck45cDVRQzV4MVVBMnVuZGtHcUxtTGhpaTRSYWd1Mk1SRVZRbVM1RlpSZWRxS0xoRW8yNm16R1ZvNktmRFpkVUNGdk9pTC1seWlpY3VsU0ZhZ2w5RnB2aHJ1a0Nid2twVlJCM0duMXFoWFVyZTBURNIBjAJBVV95cUxPZVRZVDJRN1NTZm1TZ1lLSHVFMU9RRjdweUt6bng0MnBLMFZGNkZRaDBEc05XRTFJX19RMGFXMHhUdzU0TE5xa3IwcVlpSzVGV1RUSUFUT3RzbnV4ZkF1QVUzMXF1VHAzamRFYnlQTmpWS0dqTTNwYjhfR1I4YU9HOGQzd1Eya0NTdk4zOElDTkJ2QzBYamZXYnlJOXQzZUUzRXVRSU9zbk4zNkh1RnIzeVJjRElkSzRueW5xNEtaLXZRWjFuZDM0V1NGMHl6aTJzLXRWNDNkVmNRV2dPTGwzYXQ5Wmt4UlVBTWtCNjdxeWEyXzZuazhHMkZOeGZhVzZyZmVDQ2lYMWFfRlBW?oc=5\" target=\"_blank\" rel=\"nofollow noopener\">Xavier Vidal-Folch, sobre la reuni\u00f3n entre EEUU, Groenlandia y Dinamarca: \u00abHan mantenido posturas firmes y decentes\u00bb<\/a>&nbsp;&nbsp;Cadena SER<\/li>\n<li><a href=\"https:\/\/news.google.com\/rss\/articles\/CBMigwFBVV95cUxOMEU1WjhZc1oxaTVaMnlwMEc4ejR6RUNCdDBBMXZIVjBZV3R5UUUxRWpmYVZMSHNFTW5jdUxBLTRxTGlyZU41TXhJektyY3BsemtaMTNGVzcxUG00T3FQdEcwVzBod1dQQ3F2UmhUZXYyWURMcVFMclhwd1NLWVJOM0xTd9IBgwFBVV95cUxOZTF4YjhoTTRpSzlLT0MyRnJpcW5VX05TZUZzajVkenh5TWQ2TGg0WFpIejVvTEhHWnhqdi1rVTRoMFBxSWg0dGoxVTV3dXhvOU5oaDJOb0pNaDZvS1JvbklNdnFBZVJFb2lmelBRajQ3ZUhPUWJYMUZrWldiZDJ2TDZ4dw?oc=5\" target=\"_blank\" rel=\"nofollow noopener\">Dinamarca califica de \u00abfranca y constructiva\u00bb su reuni\u00f3n con EEUU pero advierte: \u00abEs evidente que el presidente Trump desea conquistar Groenlandia\u00bb<\/a>&nbsp;&nbsp;El Mundo<\/li>\n<li><a href=\"https:\/\/news.google.com\/rss\/articles\/CBMizwFBVV95cUxPck05OUEwT19RVm9XbVlVTWNBbm9Ud2xtRUY1UFI3ZTk3VGxjd2JpME01Y3VUOUpMYzVsV253QWpqM0lRVWRLRTMyTG1WNmlteFNIUFRwREtrc1VYOWNZdEdzZ3BrYV9NNGZGb2s3aXU4OWVGcUNPQ0haR05pbFhMNmdtMXJVdFRDNUMyVG9EUTdETjM0RW1NT3dQeGNkVXdnemp6aXNXdThrS2NRd3BLOEJfbVl5V3g2UUNoc2JJZHliMU9CcG1vSzQ5Ml8teTg?oc=5\" target=\"_blank\" rel=\"nofollow noopener\">Groenlandia ofrece colaboraci\u00f3n a Trump pero se niega a \u00abintegrarse\u00bb a EE UU<\/a>&nbsp;&nbsp;El Correo<\/li>\n<li><a href=\"https:\/\/news.google.com\/rss\/articles\/CBMi1gFBVV95cUxQaVBGZjVieHh4REJyM05fV2VySVVhYV9hRjJKSjFvUlJ5U3BXRnFxRllMeGkxWkljdUFyQ2QtbmlENkVNQ1VoclZiYktpTlVKTlVGSkVLRnFWQjdhaTVjbjVDUXVtU0h3OEhNV1NSRXZ6ZnlyRERGYm9qc0Fxc3VGaEtZRFVpNi1iVUlCVWtoWUp5WU1ZYXRlNDJWOEdGUlBQeGZQeENXMVVpWFNUY3lPTEVuRjc3NXFxdDI1N1JoazJqVzFzMkVVYm9LMEg2YnlvdUdrektn?oc=5\" target=\"_blank\" rel=\"nofollow noopener\">Alemania, Noruega y Suecia env\u00edan soldados a Groenlandia para apoyar al ej\u00e9rcito dan\u00e9s<\/a>&nbsp;&nbsp;La Vanguardia<\/li>\n<li><a href=\"https:\/\/news.google.com\/rss\/articles\/CBMikwJBVV95cUxOdzFjYnY4a3BRbHhfY2NFelFiWmRCUjNUZ2RITFM4QnNOdDJfeFVvb24tM0dUYWdSWDNRc1JkX21oLUdmTFVFOWFhR3UxMzZWN0ZsdlAwZUlHdUZ2RVVHYjM0WE1SNGFTWXBWSTJaQlY3NW5neG9iZ1RJWWZlRmc3T0N6RzZ3M3dLcDZnOVZ4RHQ5WmlNR29NN2NHa0l2bXp4Y2R5MlZlQjVqbk05R083RDNKenFaWmdKSUNKSHBrN0hUbnBMeXNKdFJZdGQzYkZmbFJ2ZU1yVVhGVzBSZjhGSUl0V0RIUVpQdDJGczBXd1RodFNfbWpBZFNGajBOVnJVZU5qcjdPMUxZOUdmQnhaQzRvONIBkwJBVV95cUxNRGRVSzFlT2VVUFdNbWxnU2JUbVJ0bDlVbjlTTDdRU19Vc2ZSRmdBWUgwZmhiZHBteFF2TGZxZ3YxQU5kTXpNZmJlbWdrNVdyd1c3NE5IZTVMVE1xcEl2MzZNczFnRHJLNGQxY2Z4UnM0dGt5c1p4OXpyM0M0NFMweGl2dm1nRXhMSWxOcnBiak9qQy1qYVhVS3Mwd1dsbVJfZk40a1o4U2xaT1h4bzA0Q1ZvdDRXYWZWREUwaHVpd3diSFlwZTBoQkJKc3lOY2xUUmZCV2h0RlRvSGxZZFA0QW00X0FGdUJwZFVXdDU0NjZTdGdPRnY4VUhwaFNNZU50ZEtiTkcyMDVrckNhemJlZ3FDMA?oc=5\" target=\"_blank\" rel=\"nofollow noopener\">Garat desvela qu\u00e9 potencias se beneficiar\u00edan de una invasi\u00f3n de EEUU en Groenlandia: \u00abSer\u00eda el sue\u00f1o de una<\/a>&nbsp;&nbsp;LaSexta<\/li>\n<\/ol>\n","protected":false},"excerpt":{"rendered":"Xavier Vidal-Folch, sobre la reuni\u00f3n entre EEUU, Groenlandia y Dinamarca: \u00abHan mantenido posturas firmes y decentes\u00bb&nbsp;&nbsp;Cadena SER Dinamarca&hellip;\n","protected":false},"author":2,"featured_media":338026,"comment_status":"","ping_status":"","sticky":false,"template":"","format":"standard","meta":{"footnotes":""},"categories":[42],"tags":[17,18,13,14,11,61,62,63,64,19,20,9,10,15,16,12,21,22,65,66,67],"class_list":{"0":"post-341396","1":"post","2":"type-post","3":"status-publish","4":"format-standard","5":"has-post-thumbnail","7":"category-internacional","8":"tag-breaking-news","9":"tag-breakingnews","10":"tag-featured-news","11":"tag-featurednews","12":"tag-headlines","13":"tag-internacional","14":"tag-international","15":"tag-international-news","16":"tag-internationalnews","17":"tag-latest-news","18":"tag-latestnews","19":"tag-news","20":"tag-noticias","21":"tag-noticias-destacadas","22":"tag-noticiasdestacadas","23":"tag-titulares","24":"tag-ultimas-noticias","25":"tag-ultimasnoticias","26":"tag-world","27":"tag-world-news","28":"tag-worldnews"},"share_on_mastodon":{"url":"https:\/\/pubeurope.com\/@es\/115896837987417405","error":""},"_links":{"self":[{"href":"https:\/\/www.europesays.com\/es\/wp-json\/wp\/v2\/posts\/341396","targetHints":{"allow":["GET"]}}],"collection":[{"href":"https:\/\/www.europesays.com\/es\/wp-json\/wp\/v2\/posts"}],"about":[{"href":"https:\/\/www.europesays.com\/es\/wp-json\/wp\/v2\/types\/post"}],"author":[{"embeddable":true,"href":"https:\/\/www.europesays.com\/es\/wp-json\/wp\/v2\/users\/2"}],"replies":[{"embeddable":true,"href":"https:\/\/www.europesays.com\/es\/wp-json\/wp\/v2\/comments?post=341396"}],"version-history":[{"count":0,"href":"https:\/\/www.europesays.com\/es\/wp-json\/wp\/v2\/posts\/341396\/revisions"}],"wp:featuredmedia":[{"embeddable":true,"href":"https:\/\/www.europesays.com\/es\/wp-json\/wp\/v2\/media\/338026"}],"wp:attachment":[{"href":"https:\/\/www.europesays.com\/es\/wp-json\/wp\/v2\/media?parent=341396"}],"wp:term":[{"taxonomy":"category","embeddable":true,"href":"https:\/\/www.europesays.com\/es\/wp-json\/wp\/v2\/categories?post=341396"},{"taxonomy":"post_tag","embeddable":true,"href":"https:\/\/www.europesays.com\/es\/wp-json\/wp\/v2\/tags?post=341396"}],"curies":[{"name":"wp","href":"https:\/\/api.w.org\/{rel}","templated":true}]}}