{"id":341397,"date":"2026-01-15T02:49:27","date_gmt":"2026-01-15T02:49:27","guid":{"rendered":"https:\/\/www.europesays.com\/es\/341397\/"},"modified":"2026-01-15T02:49:27","modified_gmt":"2026-01-15T02:49:27","slug":"la-diputacion-de-cordoba-lleva-a-fitur-su-apuesta-por-una-oferta-turistica-basada-en-experiencias-patrimonio-y-la-gastronomia-de-la-provincia-diputacion-de-cordoba","status":"publish","type":"post","link":"https:\/\/www.europesays.com\/es\/341397\/","title":{"rendered":"La Diputaci\u00f3n de C\u00f3rdoba lleva a FITUR su apuesta por una oferta tur\u00edstica basada en experiencias, patrimonio y la gastronom\u00eda de la provincia &#8211; Diputaci\u00f3n de C\u00f3rdoba"},"content":{"rendered":"<ol>\n<li><a href=\"https:\/\/news.google.com\/rss\/articles\/CBMi_gFBVV95cUxPRl8tbDdBeF9sOEY5bkVJRTdJYU1qUl9RN0o2S2xPd0N1RUN4NDBxTEo3dnMzclNEZXkxOVliS0M0cjNQWjItYUlWQkkxdFRCTXgwTnBTNkhKei1vU3R1WVFpa0pKUFU3dmJQcHUzcFRVcDV6ZTlxbVFPTnd6dXdvdGV0S2xjR0gzT0RBTUkydl9ETlp5cl9ubXhWSWh1amhQU1U3bjFwTVg0U2lrZGlqVTYwc2xYQ1JXVF8xUDRCWWFKNWY3NVk4M2VYeGpyMmR5UGJqS0RnUkNhc2NyNlJQeUFQVmZ2WWlqZFRIdGpNSERsdkJMQ3plSm5aakN4dw?oc=5\" target=\"_blank\" rel=\"nofollow noopener\">La Diputaci\u00f3n de C\u00f3rdoba lleva a FITUR su apuesta por una oferta tur\u00edstica basada en experiencias, patrimonio y la gastronom\u00eda de la provincia<\/a>&nbsp;&nbsp;Diputaci\u00f3n de C\u00f3rdoba<\/li>\n<li><a href=\"https:\/\/news.google.com\/rss\/articles\/CBMiuwFBVV95cUxPWWtIdk9jMm5VaHV4TWpLZUhneGhrUzh3NnVCSHB3bGNCb2Noc3lFdVNDUTZsRDRRLUJfNmdZRW1BTmtWNHNILXRvZjVlcXJyM3lGQnJKQmU1SEQzTGt4NHJ4MGtwaFdya2Y2WVlXUTJYWHNXM0hPOGJpcnBQOTdRVVlzMFNXMFVub2ZCVzhBRVJjSXl2YlFzZjVXeXJPQ18zbFVqNjhFQUJwdmpVdGkzOTNFaEZ2bXJxRTg4?oc=5\" target=\"_blank\" rel=\"nofollow noopener\">C\u00f3rdoba apuesta por un turismo experiencial en Fitur 2026 con &#8216;La luz que guarda el tiempo&#8217;<\/a>&nbsp;&nbsp;ABC<\/li>\n<li><a href=\"https:\/\/news.google.com\/rss\/articles\/CBMivgFBVV95cUxOSjExanMzZmxZSVhQZ01RZHJJWTN4ckNhSmhCaWlHOXljRWxZX0dXN0piMnNINE5zUmNpNzVKT1NLZVNFcXlRM3hHdldpTC1DVy12bElWMFhKcDlxR3VxQ1pDX3JPcmc5Q2tMem1ZMG1OZGhNMDVFUmdKQ1l4QkdhTEF4dkJrd2p5X3ZOaFEwUHAyR3d4LVoyOElUaVpfUmNwZUhBLUFvOUpOdHpHRVlqTVVkeldQLXB3QklzWVRn0gHDAUFVX3lxTE9iekRjcGdIWHUzVVhuNDBiUGg4b0lDaEhCa19VOFVZRVM2bFNCVFJMb0JOUkl1b2c5Q2gtMl85UmN1Y0ZUa2dnNkFwRG04Uktac1Y1R0lvcUVtQXFpOTE3d1VWek0zWHdPVC1BYUxzXzdyZFRBcmdUSjhoRUIzSm1uQXJpSk5uYUI4aTAzcWFpTXYyYWxNc2o5cXFnSThxQTA4WGUzWXVWa3dNNXJCMU9xMm1RbzFfWnk4OTJrY1hHSFR6cw?oc=5\" target=\"_blank\" rel=\"nofollow noopener\">Gastronom\u00eda, experiencias y naturaleza, ejes de la Diputaci\u00f3n de C\u00f3rdoba para Fitur<\/a>&nbsp;&nbsp;Diario C\u00f3rdoba<\/li>\n<li><a href=\"https:\/\/news.google.com\/rss\/articles\/CBMi8AFBVV95cUxPYmtRV3J1ZjZtQWdweGVjUEtHV01kUlRUVzBISjBpRFFjTEc2WTZFbkluOXMwRHRVZlZBdUdMaTAzdlI3SU0wekNXelB4ZWNLdnlCamh1V2Z1QWVXa1ptR2lIQ0t5VjI3OTRwZWUwbWYtRnM0QVRWYlJqOUktdWVyYVljM2lEMXBLYlA2dXJxdXhZNXIwNTQxMHlhWFdpM18xNGthYmhGVE5yejJ1RUZrbUxMbGUyNmQ4cXEyQnlCWW9SeGFoa0RSejAtMmhOSmxfNUJPSFdMWWJfZ1ljTVJ2d2ZqTFRDblFfQmhhWXY4YVU?oc=5\" target=\"_blank\" rel=\"nofollow noopener\">Turismo.- El ayuntamiento acude a Fitur para consolidar su oferta y atraer a los turistas religiosos y &#8216;slow&#8217;<\/a>&nbsp;&nbsp;MSN<\/li>\n<li><a href=\"https:\/\/news.google.com\/rss\/articles\/CBMi6gFBVV95cUxOdHdUVXJRMUMxVi1MVG5oQXpwMnJXSmZDZlM4T1lsQnJpQXNVUkd3WUtDcHFiclBxNmVKTkR6VXJDZzFibUxDQzhBVFUzUnRtTGYtU1ZRd21BdmxTRTJObFJrd2dIN2dfUmYxZDFmTFRabFBmV1NTR3M5cGtRMklJVmZGVFN5ZUUyeXBvYmR4OXMtTkVyWDlHeEI3UXBSVmNZNzN6U1JHX2RtYUxDMm9fc0R2ZDgxWUpoOUk4aDJqa0ZRQ2dPM1NPNnVsSEJQQi01SGhIZ2FvenJJSWV2X0xaaGVVRS0yS04wV2fSAe8BQVVfeXFMTVBzTW5fb1VGXzRRdmkyRGtCWXdZVXg0Z1NXb3hfY0JMUGVwS25hZG12TGtaSXFKVG9uVHhsc1NiZXB4akhqQVRkNnRkVExhckcyeTJSOGdsM004NHhBX3lxV3BCeEMtQUJreHdmQ3BzQmJJb1ZxNUlKUmctUk9jdkhsRjE0UXJkcXJDQXp2OTRHMVZqeTlxZlJfUk9GNzZvanRtb1pRcXd4NE5mN2R3eUNIaWF0UWNpSUk2bkM3SHpHcF9EWk5jdjhTcml0WWJJMVYzeFVwam5Ya04yZnRsLVBQOGlJVmo0eUtVbkJOcE0?oc=5\" target=\"_blank\" rel=\"nofollow noopener\">C\u00f3rdoba despliega su &#8216;luz&#8217; en Fitur para seducir al turista que huye del sol y la playa<\/a>&nbsp;&nbsp;COPE<\/li>\n<\/ol>\n","protected":false},"excerpt":{"rendered":"La Diputaci\u00f3n de C\u00f3rdoba lleva a FITUR su apuesta por una oferta tur\u00edstica basada en experiencias, patrimonio y&hellip;\n","protected":false},"author":2,"featured_media":338026,"comment_status":"","ping_status":"","sticky":false,"template":"","format":"standard","meta":{"footnotes":""},"categories":[8],"tags":[17,18,25,24,13,14,11,19,20,9,10,15,16,23,12,21,22],"class_list":{"0":"post-341397","1":"post","2":"type-post","3":"status-publish","4":"format-standard","5":"has-post-thumbnail","7":"category-espana","8":"tag-breaking-news","9":"tag-breakingnews","10":"tag-es","11":"tag-espana","12":"tag-featured-news","13":"tag-featurednews","14":"tag-headlines","15":"tag-latest-news","16":"tag-latestnews","17":"tag-news","18":"tag-noticias","19":"tag-noticias-destacadas","20":"tag-noticiasdestacadas","21":"tag-spain","22":"tag-titulares","23":"tag-ultimas-noticias","24":"tag-ultimasnoticias"},"share_on_mastodon":{"url":"https:\/\/pubeurope.com\/@es\/115896841887845319","error":""},"_links":{"self":[{"href":"https:\/\/www.europesays.com\/es\/wp-json\/wp\/v2\/posts\/341397","targetHints":{"allow":["GET"]}}],"collection":[{"href":"https:\/\/www.europesays.com\/es\/wp-json\/wp\/v2\/posts"}],"about":[{"href":"https:\/\/www.europesays.com\/es\/wp-json\/wp\/v2\/types\/post"}],"author":[{"embeddable":true,"href":"https:\/\/www.europesays.com\/es\/wp-json\/wp\/v2\/users\/2"}],"replies":[{"embeddable":true,"href":"https:\/\/www.europesays.com\/es\/wp-json\/wp\/v2\/comments?post=341397"}],"version-history":[{"count":0,"href":"https:\/\/www.europesays.com\/es\/wp-json\/wp\/v2\/posts\/341397\/revisions"}],"wp:featuredmedia":[{"embeddable":true,"href":"https:\/\/www.europesays.com\/es\/wp-json\/wp\/v2\/media\/338026"}],"wp:attachment":[{"href":"https:\/\/www.europesays.com\/es\/wp-json\/wp\/v2\/media?parent=341397"}],"wp:term":[{"taxonomy":"category","embeddable":true,"href":"https:\/\/www.europesays.com\/es\/wp-json\/wp\/v2\/categories?post=341397"},{"taxonomy":"post_tag","embeddable":true,"href":"https:\/\/www.europesays.com\/es\/wp-json\/wp\/v2\/tags?post=341397"}],"curies":[{"name":"wp","href":"https:\/\/api.w.org\/{rel}","templated":true}]}}