{"id":341411,"date":"2026-01-15T03:05:21","date_gmt":"2026-01-15T03:05:21","guid":{"rendered":"https:\/\/www.europesays.com\/es\/341411\/"},"modified":"2026-01-15T03:05:21","modified_gmt":"2026-01-15T03:05:21","slug":"nuevo-trailer-de-la-t2-del-live-action-de-one-piece","status":"publish","type":"post","link":"https:\/\/www.europesays.com\/es\/341411\/","title":{"rendered":"Nuevo tr\u00e1iler de la T2 del live-action de One Piece"},"content":{"rendered":"<p>\n\t\t\t\t\t\t\t\t\t\t\tNuevo tr\u00e1iler de la T2 del live-action de One Piece\n\t\t\t\t\t\t\t\t\t\t<\/p>\n<p>\t\t\t\t\t\t\t\t\t\t\t\t\t<img loading=\"lazy\" decoding=\"async\" alt=\"Avatar de Desconocido\" src=\"https:\/\/www.europesays.com\/es\/wp-content\/uploads\/2025\/12\/1766263276_140_photo.jpg\" class=\"avatar avatar-social-login avatar-120 photo\" height=\"120\" width=\"120\"\/>\t\t\t\t\t\t\t\t\t\t\t\t<\/p>\n<p>A trav\u00e9s de sus <a href=\"https:\/\/www.youtube.com\/@NetflixEspana\" rel=\"nofollow noopener\" target=\"_blank\">redes sociales<\/a> oficiales, <a href=\"https:\/\/ramenparados.com\/empresa\/netflix\" target=\"_blank\" rel=\"noopener nofollow\"><strong>Netflix<\/strong><\/a> iza las velas hacia la <a href=\"https:\/\/ramenparados.com\/anime\/one-piece-live-action-temporada-2\/\" rel=\"nofollow noopener\" target=\"_blank\"><strong>segunda temporada<\/strong><\/a><strong>\u00a0<\/strong>del\u00a0<a href=\"https:\/\/ramenparados.com\/anime\/one-piece-live-action\/\" rel=\"nofollow noopener\" target=\"_blank\">live-action<\/a>\u00a0de\u00a0<a href=\"https:\/\/ramenparados.com\/manga\/one-piece\/\" rel=\"nofollow noopener\" target=\"_blank\"><strong>One Piece<\/strong><\/a>. La plataforma de la N roja comparte un <strong><a href=\"https:\/\/www.youtube.com\/watch?v=U737G1H-iPg\" rel=\"nofollow noopener\" target=\"_blank\">nuevo tr\u00e1iler<\/a> <\/strong>centrado en algunos de los enfrentamientos de estos nuevos episodios y la llegada del grupo antagonista Baroque Works. Esta\u00a0segunda temporada del la serie de imagen real llegar\u00e1 a Netflix\u00a0el\u00a0<strong>10 de marzo de 2026<\/strong>\u00a0bajo el subt\u00edtulo de\u00a0<strong>Rumbo a la Grand Line<\/strong>.\n<\/p>\n<p><img fetchpriority=\"high\" decoding=\"async\" class=\"size-full wp-image-461173 aligncenter\" src=\"data:image\/svg+xml,%3Csvg%20xmlns=\" http:=\"\" alt=\"\" width=\"768\" height=\"960\" data-lazy- data-lazy- data-lazy-src=\"https:\/\/www.europesays.com\/es\/wp-content\/uploads\/2026\/01\/OnePiece_LASeason2.webp.webp\"\/><\/p>\n<p>El 31 de agosto de 2023 se estren\u00f3 en\u00a0<a href=\"https:\/\/ramenparados.com\/empresa\/netflix\" rel=\"nofollow noopener\" target=\"_blank\"><strong>Netflix<\/strong><\/a>\u00a0la primera temporada de su adaptaci\u00f3n\u00a0live-action\u00a0que acumul\u00f3\u00a0<strong>m\u00e1s de 18,5 millones de reproducciones<\/strong>, col\u00e1ndose en el top 10 de las series m\u00e1s vistas en\u00a0<strong>93 pa\u00edses del mundo<\/strong>\u00a0y consagr\u00e1ndose con el\u00a0<strong>quinto puesto<\/strong>\u00a0en el ranking hist\u00f3rico de la plataforma. En\u00a0Ramen Para Dos\u00a0nos lanzamos a la aventura y os\u00a0<a href=\"https:\/\/ramenparados.com\/critica-one-piece-live-action\/\" rel=\"nofollow noopener\" target=\"_blank\">contamos<\/a>\u00a0qu\u00e9 nos pareci\u00f3 en su momento.\n<\/p>\n<p>Para esta segunda temporada de One Piece\u00a0se cuenta con\u00a0<strong>Joe Tracz\u00a0<\/strong>como\u00a0showrunner, quien lleva trabajando en\u00a0Hollywood\u00a0desde 2020 con trabajos registrados principalmente para\u00a0Netflix, habiendo participado como guionista y productor ejecutivo en series como\u00a0<strong>Una serie de catastr\u00f3ficas desdichas<\/strong>,\u00a0<strong>Dash &amp; Lily<\/strong>\u00a0o, m\u00e1s recientemente, en\u00a0<strong>Percy Jackson y los dioses del Olimpo<\/strong>. Esta segunda temporada abarcar\u00e1 los arcos de\u00a0Loguetown,\u00a0Reverse Mountain,\u00a0Whiskey Peak,\u00a0Little Garden\u00a0y\u00a0Drum Island.\n<\/p>\n<p><strong>Matt Owens<\/strong>\u00a0sigue como co-showrunner, as\u00ed como productor ejecutivo y guionista, mientras que\u00a0<strong>Steve Maeda<\/strong>\u00a0contin\u00faa tambi\u00e9n como productor ejecutivo. Recientemente, ambos recibieron un premio en los\u00a0<strong>WGA<\/strong>, premios del\u00a0<strong>Sindicato de Escritores de EEUU<\/strong>, por el primer episodio de la temporada.\u00a0<strong>Tomorrow Studios<\/strong>, asociaci\u00f3n entre la productora\u00a0Marty Adelstein\u00a0(Prison Break,\u00a0Teen Wolf) e\u00a0ITV Studios, contin\u00faa como la productora elegida para llevar a la peque\u00f1a pantalla al popular\u00a0sh\u014dnen.\u00a0Tomorrow Studios\u00a0tambi\u00e9n es la productora del\u00a0live action\u00a0para televisi\u00f3n de\u00a0<a href=\"https:\/\/ramenparados.com\/anime\/cowboy-bebop\/\" rel=\"nofollow noopener\" target=\"_blank\">Cowboy Bebop<\/a>.\n<\/p>\n<p><img loading=\"lazy\" decoding=\"async\" class=\"wp-image-425969 aligncenter\" src=\"data:image\/svg+xml,%3Csvg%20xmlns=\" http:=\"\" data-lazy- data-lazy- alt=\"\" width=\"681\" height=\"383\" data-lazy-src=\"https:\/\/www.europesays.com\/es\/wp-content\/uploads\/2026\/01\/LA_OnePieceS2.jpeg\"\/>\n<\/p>\n<p>Por su lado, el reparto anunciado hasta la fecha que se incorporar\u00e1 a la\u00a0<strong>segunda temporada<\/strong>\u00a0del\u00a0live-action\u00a0de\u00a0One Piece\u00a0es el siguiente:\n<\/p>\n<ul>\n<li><strong>Callum Kerr<\/strong>\u00a0como\u00a0Smoker<\/li>\n<li><strong>Julia Rehwald<\/strong>\u00a0como\u00a0Tashigi<\/li>\n<li><strong>Rob Colleti<\/strong>\u00a0como\u00a0Wapol<\/li>\n<li><strong>Ty Keogh\u00a0<\/strong>como\u00a0Dalton<\/li>\n<li><strong>David Dastmalchian<\/strong>\u00a0como\u00a0Mr. 3<\/li>\n<li><strong>Jazzara Jaslyn<\/strong>\u00a0como\u00a0Miss Valentine<\/li>\n<li><strong>Camrus Johnson<\/strong>\u00a0como Mr. 5<\/li>\n<li><strong>Daniel Lasker<\/strong>\u00a0como Mr. 9<\/li>\n<li><strong>Clive Russell<\/strong>\u00a0como\u00a0Crocus<\/li>\n<li><strong>Werner Coetser<\/strong>\u00a0como\u00a0Dorry<\/li>\n<li><strong>Brendan Murray<\/strong>\u00a0como\u00a0Brogy<\/li>\n<li><strong>Katey Sagal<\/strong>\u00a0como\u00a0Dra. Kureha<\/li>\n<li><strong>Mark Harelik<\/strong>\u00a0como\u00a0Dr. Hiriluk<\/li>\n<li><strong>Sendhil Ramamurthy<\/strong>\u00a0como\u00a0Nefertari Cobra<\/li>\n<li><strong>Charithra Chandran<\/strong>\u00a0como\u00a0Nefertari Vivi<\/li>\n<li>\u00a0<strong>Lera Abova\u00a0<\/strong>como\u00a0Nico Robin<\/li>\n<li><strong>Joe Manganiello\u00a0<\/strong>como\u00a0Crocodile<\/li>\n<li><strong>Yonda Thomas\u00a0<\/strong>como\u00a0Igaram<\/li>\n<li><strong>James Hiroyuki Liao\u00a0<\/strong>como\u00a0Ipponmatsu<\/li>\n<li><strong>Rigo S\u00e1nchez\u00a0<\/strong>como\u00a0Dragon<\/li>\n<li><strong>Mark Penwill\u00a0<\/strong>como\u00a0Chess<\/li>\n<li><strong>Anton David Jeftha\u00a0<\/strong>como\u00a0K.M.<\/li>\n<li><strong>Sophia Anne Caruso<\/strong>\u00a0como\u00a0Miss Goldenweek<\/li>\n<\/ul>\n<p><img loading=\"lazy\" decoding=\"async\" class=\"size-full wp-image-412943 aligncenter\" src=\"data:image\/svg+xml,%3Csvg%20xmlns=\" http:=\"\" data-lazy- data-lazy- alt=\"\" width=\"480\" height=\"720\" data-lazy-src=\"https:\/\/ramenparados.com\/desvelado-el-diseno-de-chopper-para-el-live-action-de-one-piece\/https:\/\/spcdn.shortpixel.ai\/spio\/ret_img,q_cdnize,to_auto,s_webp:avif\/ramenparados.com\/wp-content\/uploads\/2024\/04\/757bae5a21039bac6ebace5de9affcd8.avif\"\/>\n<\/p>\n<p>El manga de\u00a0<a href=\"https:\/\/ramenparados.com\/manga\/one-piece\/\" rel=\"nofollow noopener\" target=\"_blank\">One Piece<\/a>, la obra maestra creada por\u00a0<strong><a href=\"https:\/\/ramenparados.com\/persona\/eiichiro-oda\/\" rel=\"nofollow noopener\" target=\"_blank\">Eiichiro Oda<\/a><\/strong>, se publica en las p\u00e1ginas de la revista\u00a0<strong><a href=\"https:\/\/ramenparados.com\/tag\/weekly-shonen-jump\" rel=\"nofollow noopener\" target=\"_blank\">Weekly Sh\u014dnen Jump<\/a><\/strong>\u00a0desde el a\u00f1o 1997, acumulando ya un total de\u00a0<strong>113 tomos recopilatorios<\/strong>\u00a0en el mercado japon\u00e9s. No se trata de una serie m\u00e1s, sino que es todo un icono de la cultura otaku que ya se encuentra en el Sal\u00f3n de la Fama de la historia del manga. Aparte de poseer el t\u00edtulo de la\u00a0<strong>serie m\u00e1s vendida en la historia del manga<\/strong>, cuenta con otros hitos como ser uno de los finalistas de los premios\u00a0Tezuka Osamu Cultural Prize\u00a0de 2000 a 2002, haber ganado el gran premio en el 41\u00a0Japan Cartoonists Association Award\u00a0en 2012 y ser poseedor del premio honor\u00edfico de la prefectura de Kumamoto en 2018.\n<\/p>\n<p><strong><a href=\"https:\/\/ramenparados.com\/anime\/one-piece\/\" rel=\"nofollow noopener\" target=\"_blank\">One Piece<\/a><\/strong>\u00a0tambi\u00e9n cuenta con una exitosa y longeva serie animada. Producida por\u00a0<a href=\"https:\/\/ramenparados.com\/empresa\/toei-animation\" rel=\"nofollow noopener\" target=\"_blank\"><strong>Toei Animation<\/strong><\/a>\u00a0y emitida desde 1999 en\u00a0<a href=\"https:\/\/ramenparados.com\/empresa\/fuji-tv\" rel=\"nofollow noopener\" target=\"_blank\">Fuji TV<\/a>, la serie de televisi\u00f3n de\u00a0One Piece cuenta con m\u00e1s de 1100 episodios. El arco de \u00abEgghead\u00bb, el trig\u00e9simo segundo de la serie, inici\u00f3 su emisi\u00f3n el 7 de enero de 2024. Recientemente, la serie se paus\u00f3 tras la emisi\u00f3n del episodio 1.155, antes del inicio de esta nueva etapa con el arco de\u00a0<strong>Elbaf<\/strong>. Adem\u00e1s, a partir de este a\u00f1o,\u00a0One Piece\u00a0reducir\u00e1 su producci\u00f3n anual a un m\u00e1ximo de 26 episodios, adoptando un modelo estacional dividido en dos partes. Esta decisi\u00f3n permitir\u00e1 planificar cada episodio con mayor cuidado y respetar mejor el ritmo del manga original.\n<\/p>\n<p>Aparte de la serie animada, la franquicia cuenta con un total de\u00a0<strong>15 pel\u00edculas<\/strong>, la \u00faltima de ellas\u00a0<strong><a href=\"https:\/\/ramenparados.com\/anime\/one-piece-film-red\/\" rel=\"nofollow noopener\" target=\"_blank\">One Piece Film RED<\/a><\/strong>. Adem\u00e1s, el 31 de agosto de 2023 se estrenaba en\u00a0<strong>Netflix\u00a0<\/strong>su primera adaptaci\u00f3n\u00a0live-action\u00a0que acumul\u00f3\u00a0<strong>m\u00e1s de 18,5 millones de reproducciones,<\/strong>\u00a0col\u00e1ndose en el top 10 de las series m\u00e1s vistas\u00a0<strong>en 93 pa\u00edses del mundo<\/strong>\u00a0y consagr\u00e1ndose con el\u00a0<strong>quinto\u00a0puesto<\/strong> en el ranking hist\u00f3rico de la plataforma. La producci\u00f3n acaba de finalizar el rodaje de la segunda temporada.\n<\/p>\n<p><img loading=\"lazy\" decoding=\"async\" class=\" wp-image-450781 aligncenter\" src=\"data:image\/svg+xml,%3Csvg%20xmlns=\" http:=\"\" data-lazy- data-lazy- alt=\"\" width=\"597\" height=\"840\" data-lazy-src=\"https:\/\/ramenparados.com\/desvelado-el-diseno-de-chopper-para-el-live-action-de-one-piece\/https:\/\/spcdn.shortpixel.ai\/spio\/ret_img,q_cdnize,to_auto,s_webp:avif\/ramenparados.com\/wp-content\/uploads\/2025\/05\/portada_one-piece-n-11-3-en-1_eiichiro-oda_202503071013-1.jpg\"\/>\n<\/p>\n<p>C\u00f3mo no, un \u00e9xito de la talla de\u00a0One Piece\u00a0no pas\u00f3 desapercibido en el mercado espa\u00f1ol. El manga est\u00e1 siendo editado en Espa\u00f1a por\u00a0<strong><a href=\"https:\/\/ramenparados.com\/empresa\/planeta-comic\" rel=\"nofollow noopener\" target=\"_blank\">Planeta C\u00f3mic<\/a><\/strong>, estando publicados los 111 primeros tomos de la obra. La misma editorial tambi\u00e9n ha publicado las gu\u00edas oficiales, los libros de arte y varios anime c\u00f3mics basados en pel\u00edculas de la franquicia. Recientemente, ha empezado a publicar una edici\u00f3n 3 en 1 en castellano y catal\u00e1n, de la cual ya se pueden adquirir los 11 primeros tomos.\n<\/p>\n<p>Tambi\u00e9n lleg\u00f3 a nuestro pa\u00eds el\u00a0<strong>anime<\/strong>\u00a0de\u00a0One Piece, estando editadas las catorce primeras pel\u00edculas en DVD y Blu-ray por\u00a0<a href=\"https:\/\/ramenparados.com\/empresa\/selecta-vision\" rel=\"nofollow noopener\" target=\"_blank\"><strong>Selecta Visi\u00f3n<\/strong><\/a>. Por su parte, la \u00faltima cinta se estren\u00f3 en la gran pantalla el pasado 3 de noviembre de 2022. Respecto a la serie de televisi\u00f3n, fue licenciada por\u00a0<a href=\"https:\/\/ramenparados.com\/empresa\/arait-multimedia\" rel=\"nofollow noopener\" target=\"_blank\">Arait Multimedia<\/a>\u00a0y emitida en castellano. Su \u00faltimo paso a nivel nacional fue en\u00a0<a href=\"https:\/\/ramenparados.com\/tag\/boing\" rel=\"nofollow noopener\" target=\"_blank\">Boing<\/a>, siendo cancelada su emisi\u00f3n en abierto en 2012. Aunque, recientemente, la serie se ha recuperado en un canal dedicado a trav\u00e9s de\u00a0Pluto TV.\n<\/p>\n<p>Actualmente, la serie animada se puede disfrutar en\u00a0<a href=\"https:\/\/ramenparados.com\/empresa\/crunchyroll\" rel=\"nofollow noopener\" target=\"_blank\"><strong>Crunchyroll<\/strong><\/a>\u00a0y en\u00a0<strong><a href=\"https:\/\/ramenparados.com\/empresa\/anime-box\/\" rel=\"nofollow noopener\" target=\"_blank\">Anime Box<\/a><\/strong>\u00a0en\u00a0simulcast\u00a0en versi\u00f3n original con subt\u00edtulos al espa\u00f1ol o con una semana de diferencia en\u00a0Netflix. Desde noviembre de 2025, Netflix empez\u00f3 a incorporar la serie desde el principio con un nuevo doblaje en castellano. Anteriormente, la serie se volvi\u00f3 a emitir en 2024 en el canal infantil auton\u00f3mico de <a href=\"https:\/\/ramenparados.com\/tag\/sx3\" rel=\"nofollow noopener\" target=\"_blank\">Catalunya SX3<\/a>. Por su lado, los videojuegos tambi\u00e9n han tenido muy buena acogida en Espa\u00f1a, principalmente los publicados por <a href=\"https:\/\/ramenparados.com\/empresa\/bandai-namco\" rel=\"nofollow noopener\" target=\"_blank\">Bandai Namco Entertainment<\/a>.\n<\/p>\n<p>Fuente:\u00a0<a href=\"https:\/\/www.youtube.com\/watch?v=U737G1H-iPg\" rel=\"nofollow noopener\" target=\"_blank\">Netflix<\/a>\n<\/p>\n<p><a class=\"gofollow\" data-track=\"NTEsMiw2MA==\" href=\"https:\/\/www.planetadelibros.com\/libro-kagurabachi-n-01\/421062\" target=\"_blank\" rel=\"nofollow noopener\"><img decoding=\"async\" src=\"data:image\/svg+xml,%3Csvg%20xmlns=\" http:=\"\" data-lazy-src=\"https:\/\/www.europesays.com\/es\/wp-content\/uploads\/2025\/12\/kagurabachi728x90_v3.jpg\"\/><\/a>\t\t\t\t\t\t\t\t\t\t\t\t\t\t\t\t\t\t\t\t\t\t\t\t\t\t\t\t\t\t<\/p>\n","protected":false},"excerpt":{"rendered":"Nuevo tr\u00e1iler de la T2 del live-action de One Piece A trav\u00e9s de sus redes sociales oficiales, Netflix&hellip;\n","protected":false},"author":2,"featured_media":341412,"comment_status":"","ping_status":"","sticky":false,"template":"","format":"standard","meta":{"footnotes":""},"categories":[169],"tags":[177,146,147,25,24,176,175,152,6253,338,23],"class_list":{"0":"post-341411","1":"post","2":"type-post","3":"status-publish","4":"format-standard","5":"has-post-thumbnail","7":"category-cine","8":"tag-cine","9":"tag-entertainment","10":"tag-entretenimiento","11":"tag-es","12":"tag-espana","13":"tag-film","14":"tag-movies","15":"tag-netflix","16":"tag-one-piece","17":"tag-portada","18":"tag-spain"},"share_on_mastodon":{"url":"https:\/\/pubeurope.com\/@es\/115896904873705081","error":""},"_links":{"self":[{"href":"https:\/\/www.europesays.com\/es\/wp-json\/wp\/v2\/posts\/341411","targetHints":{"allow":["GET"]}}],"collection":[{"href":"https:\/\/www.europesays.com\/es\/wp-json\/wp\/v2\/posts"}],"about":[{"href":"https:\/\/www.europesays.com\/es\/wp-json\/wp\/v2\/types\/post"}],"author":[{"embeddable":true,"href":"https:\/\/www.europesays.com\/es\/wp-json\/wp\/v2\/users\/2"}],"replies":[{"embeddable":true,"href":"https:\/\/www.europesays.com\/es\/wp-json\/wp\/v2\/comments?post=341411"}],"version-history":[{"count":0,"href":"https:\/\/www.europesays.com\/es\/wp-json\/wp\/v2\/posts\/341411\/revisions"}],"wp:featuredmedia":[{"embeddable":true,"href":"https:\/\/www.europesays.com\/es\/wp-json\/wp\/v2\/media\/341412"}],"wp:attachment":[{"href":"https:\/\/www.europesays.com\/es\/wp-json\/wp\/v2\/media?parent=341411"}],"wp:term":[{"taxonomy":"category","embeddable":true,"href":"https:\/\/www.europesays.com\/es\/wp-json\/wp\/v2\/categories?post=341411"},{"taxonomy":"post_tag","embeddable":true,"href":"https:\/\/www.europesays.com\/es\/wp-json\/wp\/v2\/tags?post=341411"}],"curies":[{"name":"wp","href":"https:\/\/api.w.org\/{rel}","templated":true}]}}