{"id":341417,"date":"2026-01-15T03:08:12","date_gmt":"2026-01-15T03:08:12","guid":{"rendered":"https:\/\/www.europesays.com\/es\/341417\/"},"modified":"2026-01-15T03:08:12","modified_gmt":"2026-01-15T03:08:12","slug":"orihuela-inaugura-la-exposicion-colores-del-mundo","status":"publish","type":"post","link":"https:\/\/www.europesays.com\/es\/341417\/","title":{"rendered":"Orihuela inaugura la exposici\u00f3n \u201cColores del mundo\u201d"},"content":{"rendered":"<p>\t\t\t\t<img decoding=\"async\" src=\"https:\/\/www.europesays.com\/es\/wp-content\/uploads\/2026\/01\/Exposicion-Colores-del-mundo-2-scaled.jpeg\" alt=\"Exposici\u00f3n Colores del mundo (2)\"\/>\t\t    \t<\/p>\n<p>&#13;<br \/>\n\t\t\t\t\t&#13;<br \/>\n\t\t\t\t\t\t\t\t\t\t\t14 de enero de 2026&#13;<br \/>\n\t\t\t\t\t\t\t\t\t\t&#13;<br \/>\n\t\t\t\t\t&#13;\n\t\t\t\t<\/p>\n<p>El alcalde de Orihuela, Pepe Vegara, y la concejal de Cultura, Anabel Garc\u00eda, han asistido, junto a la delegada de la Fundaci\u00f3n \u201cla Caixa\u201d en la Comunidad Valenciana, Lourdes Toribio; el director de \u00c1rea de Negocio de CaixaBank en Orihuela, Carlos Merelo, y la asesora de la muestra, Alexandra Laudo, a la inauguraci\u00f3n de la exposici\u00f3n \u201cColores del mundo\u201d, organizada por la Fundaci\u00f3n La Caixa en colaboraci\u00f3n con el Ayuntamiento de Orihuela.<\/p>\n<p>Vegara ha puesto en valor la importancia de esta muestra para el municipio: \u201cLas fotograf\u00edas que hoy inauguramos nos trasladan a rincones del planeta donde los colores adquieren significados profundos, distintos, poderosos. Y lo hacen de la mano de algunos de los mejores fot\u00f3grafos del mundo\u201d. Adem\u00e1s, ha querido agradecer a la fundaci\u00f3n su iniciativa y \u201csu compromiso con esta forma de entender la cultura para que sea accesible, compartida y viva, convirtiendo a las ciudades en museos abiertos y transformando cada paseo en una oportunidad para reflexionar, aprender o emocionarnos\u201d.<\/p>\n<p>Por su parte, la edil de Cultura ha elogiado tambi\u00e9n esta iniciativa que \u201csit\u00faa la cultura en nuestras plazas y calles, integr\u00e1ndola en la vida cotidiana de nuestros vecinos y vecinas. Esta muestra nos invita a mirar el mundo desde la diversidad, la riqueza cultural y la belleza que nos rodea\u201d.<\/p>\n<p>En las sobrecogedoras fotograf\u00edas de los brumosos azules de la luz de la ma\u00f1ana, de los v\u00edvidos p\u00farpuras y rojos de la puesta de sol, de los intensos verdes de los campos o de los dorados de las hojas del oto\u00f1o, los visitantes encontrar\u00e1n una inspiradora reflexi\u00f3n sobre el significado de los colores, sus cualidades y su simbolismo a lo largo de la historia.<\/p>\n<p>De la mano de prestigiosos fot\u00f3grafos de National Geographic, entre los que se encuentran los multipremiados Joel Sartore, Steve McCurry, Michael Nichols, Lynn Johnson, Jodi Cobb, Paul Nicklen o Frans Lanting, los visitantes podr\u00e1n descubrir a trav\u00e9s de 42 obras las connotaciones de los colores en las culturas de todo el mundo a partir de la amplia gama de amarillos, naranjas, rojos, violetas, azules, verdes y blancos.<\/p>\n<p>Una m\u00ednima diferencia en la longitud de onda luminosa determina que veamos el color rojo o el azul, y la psique humana ha dotado estos colores de connotaciones que se han generalizado en las culturas de todo el mundo. La humanidad se ha sentido atra\u00edda por los colores desde tiempos inmemoriales. Uno de los primeros colores que se buscaron fue el p\u00farpura de Tiro, usado por los antiguos fenicios y extra\u00eddo de las gl\u00e1ndulas de unos caracoles del mar Mediterr\u00e1neo. Los costes de producci\u00f3n eran tan elevados que solo los ricos pod\u00edan permitirse tener prendas con ese tinte, lo que gener\u00f3 para siempre un simbolismo alrededor de este color, tambi\u00e9n llamado p\u00farpura real.<\/p>\n<p>Esta exposici\u00f3n forma parte del programa Arte en la calle, con el cual la Fundaci\u00f3n \u201dla Caixa\u201d quiere hacer de Orihuela un museo a cielo abierto. La divulgaci\u00f3n es un instrumento b\u00e1sico para promover el crecimiento de las personas. Por este motivo, a trav\u00e9s de estas exposiciones la entidad tiene el objetivo de acercar la cultura y la ciencia a todo tipo de p\u00fablicos.<\/p>\n<p>La muestra dedica un \u00e1mbito a cada uno de los siete colores elegidos y desgrana, a trav\u00e9s de seis fotos por \u00e1mbito y peque\u00f1os textos introductorios, algunas consideraciones sobre el significado de esos colores en el mundo. La exposici\u00f3n se podr\u00e1 visitar en la Glorieta Gabriel Mir\u00f3 hasta el pr\u00f3ximo 20 de febrero.<\/p>\n","protected":false},"excerpt":{"rendered":"&#13; &#13; 14 de enero de 2026&#13; &#13; &#13; El alcalde de Orihuela, Pepe Vegara, y la concejal&hellip;\n","protected":false},"author":2,"featured_media":341418,"comment_status":"","ping_status":"","sticky":false,"template":"","format":"standard","meta":{"footnotes":""},"categories":[91],"tags":[146,147,25,24,23],"class_list":{"0":"post-341417","1":"post","2":"type-post","3":"status-publish","4":"format-standard","5":"has-post-thumbnail","7":"category-entretenimiento","8":"tag-entertainment","9":"tag-entretenimiento","10":"tag-es","11":"tag-espana","12":"tag-spain"},"share_on_mastodon":{"url":"https:\/\/pubeurope.com\/@es\/115896916884819053","error":""},"_links":{"self":[{"href":"https:\/\/www.europesays.com\/es\/wp-json\/wp\/v2\/posts\/341417","targetHints":{"allow":["GET"]}}],"collection":[{"href":"https:\/\/www.europesays.com\/es\/wp-json\/wp\/v2\/posts"}],"about":[{"href":"https:\/\/www.europesays.com\/es\/wp-json\/wp\/v2\/types\/post"}],"author":[{"embeddable":true,"href":"https:\/\/www.europesays.com\/es\/wp-json\/wp\/v2\/users\/2"}],"replies":[{"embeddable":true,"href":"https:\/\/www.europesays.com\/es\/wp-json\/wp\/v2\/comments?post=341417"}],"version-history":[{"count":0,"href":"https:\/\/www.europesays.com\/es\/wp-json\/wp\/v2\/posts\/341417\/revisions"}],"wp:featuredmedia":[{"embeddable":true,"href":"https:\/\/www.europesays.com\/es\/wp-json\/wp\/v2\/media\/341418"}],"wp:attachment":[{"href":"https:\/\/www.europesays.com\/es\/wp-json\/wp\/v2\/media?parent=341417"}],"wp:term":[{"taxonomy":"category","embeddable":true,"href":"https:\/\/www.europesays.com\/es\/wp-json\/wp\/v2\/categories?post=341417"},{"taxonomy":"post_tag","embeddable":true,"href":"https:\/\/www.europesays.com\/es\/wp-json\/wp\/v2\/tags?post=341417"}],"curies":[{"name":"wp","href":"https:\/\/api.w.org\/{rel}","templated":true}]}}