{"id":341423,"date":"2026-01-15T03:11:07","date_gmt":"2026-01-15T03:11:07","guid":{"rendered":"https:\/\/www.europesays.com\/es\/341423\/"},"modified":"2026-01-15T03:11:07","modified_gmt":"2026-01-15T03:11:07","slug":"presidenta-de-la-asamblea-general-vale-la-pena-luchar-por-la-onu","status":"publish","type":"post","link":"https:\/\/www.europesays.com\/es\/341423\/","title":{"rendered":"Presidenta de la Asamblea General: Vale la pena luchar por la ONU"},"content":{"rendered":"<p>Con el sistema multilateral bajo presi\u00f3n y ataque, los Estados Miembros deben luchar por las Naciones Unidas, afirm\u00f3 el mi\u00e9rcoles la Presidenta de la <a href=\"https:\/\/www.un.org\/es\/ga\/about\/index.shtml\" rel=\"nofollow noopener\" target=\"_blank\">Asamblea General<\/a>, al exponer sus prioridades para la reanudaci\u00f3n del 80\u00ba per\u00edodo de sesiones.\u00a0<\/p>\n<p>Annalena Baerbock se\u00f1al\u00f3 que el nuevo a\u00f1o comenz\u00f3 con crisis en Venezuela e Ir\u00e1n, y que la comunidad internacional se encuentra \u00ab<strong>en un momento a\u00fan m\u00e1s urgente y decisivo<\/strong>\u00bb que cuando comenz\u00f3 el hist\u00f3rico per\u00edodo de sesiones en septiembre.\u00a0<\/p>\n<p>Insisti\u00f3 en que \u00abel mundo necesita a las Naciones Unidas\u00bb y destac\u00f3 su amplia labor, que incluye proporcionar apoyo vital en <a href=\"https:\/\/news.un.org\/es\/events\/israel-palestina\" rel=\"nofollow noopener\" target=\"_blank\">Gaza<\/a>, defender la educaci\u00f3n de las ni\u00f1as en Afganist\u00e1n, proteger a los civiles en Sud\u00e1n e intensificar los esfuerzos para poner fin a la guerra en Ucrania.\u00a0<\/p>\n<p>\u00ab<strong>De ninguna manera el mundo estar\u00eda mejor sin nuestras Naciones Unidas. Vale la pena luchar por ellas<\/strong>\u00bb, afirm\u00f3.<\/p>\n<p>Defender la Carta<\/p>\n<p>La Asamblea General es el principal \u00f3rgano normativo de las Naciones Unidas, compuesto por los 193 Estados Miembros, cada uno de los cuales tiene un voto igualitario. Se re\u00fane en sesiones ordinarias de septiembre a diciembre, y posteriormente cuando es necesario.\u00a0<\/p>\n<p>A diferencia de a\u00f1os anteriores, la presidenta evit\u00f3 enumerar exhaustivamente las pr\u00f3ximas reuniones obligatorias para la reanudaci\u00f3n del per\u00edodo de sesiones.<\/p>\n<p>\u00abMi principal prioridad hoy y durante los pr\u00f3ximos 237 d\u00edas como presidenta de la Asamblea General es defender, junto con ustedes, esta instituci\u00f3n, su Carta y los principios consagrados en ella\u00bb, afirm\u00f3 la Baerbock.\u00a0<\/p>\n<p>\u00ab<strong>Porque cada vez es m\u00e1s evidente que ya no todos cantamos la misma canci\u00f3n; no todos estamos tan comprometidos con la Carta y el derecho internacional<\/strong>\u00bb.\u00a0<\/p>\n<p>Renovado compromiso\u00a0<\/p>\n<p>Hizo un llamamiento <strong>a los Estados Miembros de todas las regiones para que se unieran con el fin de construir una alianza interregional<\/strong> para proteger y promover los principios de la <a href=\"https:\/\/www.un.org\/es\/about-us\/un-charter\" rel=\"nofollow noopener\" target=\"_blank\">Carta de las Naciones Unidas<\/a>, \u00abpara defender un orden mundial basado en el derecho internacional y los <a href=\"https:\/\/news.un.org\/es\/news\/topic\/human-rights\" rel=\"nofollow noopener\" target=\"_blank\">derechos humanos<\/a>\u00bb.\u00a0<\/p>\n<p>\u00abEsto significa dar un paso adelante cada d\u00eda. Significa levantarse. Significa renovar el compromiso\u00bb, afirm\u00f3.\u00a0<\/p>\n<p>\u00abTambi\u00e9n significa esforzarse siempre por salvar las diferencias y encontrar un compromiso, siempre y cuando el compromiso no se convierta en apaciguamiento\u00bb.\u00a0<\/p>\n<p>La presidenta de la Asamblea se refiri\u00f3 a los esfuerzos en curso para reformar las Naciones Unidas y destac\u00f3 que \u00abninguna reforma puede resolver una crisis financiera si los Estados Miembros no cumplen con sus obligaciones financieras\u00bb.\u00a0<\/p>\n<p>Destac\u00f3 la necesidad de que los pa\u00edses paguen sus contribuciones \u00edntegramente y a tiempo, \u00abporque, de lo contrario, esta instituci\u00f3n no puede funcionar y la reforma no tendr\u00e1 sentido\u00bb.<\/p>\n<p>Nuevo liderazgo<\/p>\n<p>Su otra prioridad principal es la selecci\u00f3n del pr\u00f3ximo <a href=\"https:\/\/www.un.org\/sg\/es\" rel=\"nofollow noopener\" target=\"_blank\">Secretario General<\/a> de las Naciones Unidas, ya que Ant\u00f3nio Guterres se prepara para dejar el cargo en diciembre.<\/p>\n<p>La Asamblea General nombra al jefe de las Naciones Unidas por recomendaci\u00f3n del <a href=\"https:\/\/main.un.org\/securitycouncil\/es\" rel=\"nofollow noopener\" target=\"_blank\">Consejo de Seguridad<\/a>.\u00a0<\/p>\n<p>El proceso de selecci\u00f3n ya est\u00e1 en marcha, y Baerbock anunci\u00f3 que se han programado di\u00e1logos interactivos con los candidatos para la semana del 20 de abril, en los que estos presentar\u00e1n sus declaraciones de visi\u00f3n.\u00a0<\/p>\n<p>Se buscan candidatas\u00a0<\/p>\n<p>Invit\u00f3 a los Estados Miembros a <strong>presentar candidatas cualificadas con antelaci\u00f3n para garantizar su participaci\u00f3n en los di\u00e1logos<\/strong>. Anim\u00f3 a los pa\u00edses a que consideraran seriamente la posibilidad de nominar a mujeres.\u00a0<\/p>\n<p>\u00abEn un momento en que esta instituci\u00f3n se enfrenta a fuertes vientos en contra, el proceso de selecci\u00f3n del pr\u00f3ximo Secretario General es nuestra oportunidad de enviar un mensaje claro sobre qui\u00e9nes somos y qu\u00e9 defendemos\u00bb, afirm\u00f3.\u00a0<\/p>\n<p>\u00abEl pr\u00f3ximo Secretario General no solo ser\u00e1 la cara y la voz de esta instituci\u00f3n, sino que nuestra elecci\u00f3n tambi\u00e9n determinar\u00e1 si esta organizaci\u00f3n est\u00e1 realmente al servicio de toda la humanidad, la mitad de la cual son mujeres y ni\u00f1as\u00bb.\u00a0<\/p>\n<p>La elecci\u00f3n de qui\u00e9n dirija la ONU \u00ab<strong>determinar\u00e1 c\u00f3mo abordamos los apremiantes retos mundiales<\/strong>, desde los conflictos y el <a href=\"https:\/\/news.un.org\/es\/news\/topic\/climate-change\" rel=\"nofollow noopener\" target=\"_blank\">cambio clim\u00e1tico<\/a> hasta la desigualdad\u00bb, a\u00f1adi\u00f3.\u00a0<\/p>\n<p>\u00abNecesitamos a alguien que est\u00e9 a la altura de la tarea que nos ocupa, que pueda trazar un camino hacia el futuro, al tiempo que defiende con pasi\u00f3n los principios de nuestra Carta\u00bb.\u00a0<\/p>\n","protected":false},"excerpt":{"rendered":"Con el sistema multilateral bajo presi\u00f3n y ataque, los Estados Miembros deben luchar por las Naciones Unidas, afirm\u00f3&hellip;\n","protected":false},"author":2,"featured_media":341424,"comment_status":"","ping_status":"","sticky":false,"template":"","format":"standard","meta":{"footnotes":""},"categories":[42],"tags":[17,18,13,14,11,61,62,63,64,19,20,9,10,15,16,12,21,22,65,66,67],"class_list":{"0":"post-341423","1":"post","2":"type-post","3":"status-publish","4":"format-standard","5":"has-post-thumbnail","7":"category-internacional","8":"tag-breaking-news","9":"tag-breakingnews","10":"tag-featured-news","11":"tag-featurednews","12":"tag-headlines","13":"tag-internacional","14":"tag-international","15":"tag-international-news","16":"tag-internationalnews","17":"tag-latest-news","18":"tag-latestnews","19":"tag-news","20":"tag-noticias","21":"tag-noticias-destacadas","22":"tag-noticiasdestacadas","23":"tag-titulares","24":"tag-ultimas-noticias","25":"tag-ultimasnoticias","26":"tag-world","27":"tag-world-news","28":"tag-worldnews"},"share_on_mastodon":{"url":"https:\/\/pubeurope.com\/@es\/115896928314641592","error":""},"_links":{"self":[{"href":"https:\/\/www.europesays.com\/es\/wp-json\/wp\/v2\/posts\/341423","targetHints":{"allow":["GET"]}}],"collection":[{"href":"https:\/\/www.europesays.com\/es\/wp-json\/wp\/v2\/posts"}],"about":[{"href":"https:\/\/www.europesays.com\/es\/wp-json\/wp\/v2\/types\/post"}],"author":[{"embeddable":true,"href":"https:\/\/www.europesays.com\/es\/wp-json\/wp\/v2\/users\/2"}],"replies":[{"embeddable":true,"href":"https:\/\/www.europesays.com\/es\/wp-json\/wp\/v2\/comments?post=341423"}],"version-history":[{"count":0,"href":"https:\/\/www.europesays.com\/es\/wp-json\/wp\/v2\/posts\/341423\/revisions"}],"wp:featuredmedia":[{"embeddable":true,"href":"https:\/\/www.europesays.com\/es\/wp-json\/wp\/v2\/media\/341424"}],"wp:attachment":[{"href":"https:\/\/www.europesays.com\/es\/wp-json\/wp\/v2\/media?parent=341423"}],"wp:term":[{"taxonomy":"category","embeddable":true,"href":"https:\/\/www.europesays.com\/es\/wp-json\/wp\/v2\/categories?post=341423"},{"taxonomy":"post_tag","embeddable":true,"href":"https:\/\/www.europesays.com\/es\/wp-json\/wp\/v2\/tags?post=341423"}],"curies":[{"name":"wp","href":"https:\/\/api.w.org\/{rel}","templated":true}]}}