{"id":341425,"date":"2026-01-15T03:17:35","date_gmt":"2026-01-15T03:17:35","guid":{"rendered":"https:\/\/www.europesays.com\/es\/341425\/"},"modified":"2026-01-15T03:17:35","modified_gmt":"2026-01-15T03:17:35","slug":"discurso-del-presidente-del-gobierno-pedro-sanchez-en-el-acto-de-presentacion-de-las-medidas-para-facilitar-el-acceso-de-los-jovenes-a-la-actividad-agraria","status":"publish","type":"post","link":"https:\/\/www.europesays.com\/es\/341425\/","title":{"rendered":"Discurso del presidente del Gobierno, Pedro S\u00e1nchez, en el acto de presentaci\u00f3n de las medidas para facilitar el acceso de los j\u00f3venes a la actividad agraria"},"content":{"rendered":"<p class=\"news-location\">San Fernando de Henares (Madrid)<\/p>\n<p class=\"Centrado\"><strong>INTERVENCI\u00d3N DEL PRESIDENTE DEL GOBIERNO, PEDRO S\u00c1NCHEZ<\/strong><\/p>\n<p class=\"Justificado\">Much\u00edsimas gracias, ministro, querido Luis; delegado del Gobierno, Fran; alcalde de San Fernando de Henares; directora de La Vega Innova; secretaria de Estado; directora general. En fin, amigos y amigas, j\u00f3venes agricultores, se\u00f1oras y se\u00f1ores.<\/p>\n<p class=\"Justificado\">Para m\u00ed es un placer estar aqu\u00ed de nuevo en este iHub de La Vega Innova. He tenido la ocasi\u00f3n, y adem\u00e1s quiero reconocerlo, un di\u00e1logo muy franco con j\u00f3venes, con agricultores y agricultoras, ganaderos, ganaderas, a los cuales agradezco mucho su franqueza y su claridad, porque me ha permitido conocer cu\u00e1les son sus inquietudes. Y antes lo dec\u00eda en privado y lo quiero, lo quiero ahora mismo decir en p\u00fablico, eso precisamente lo que hace es servirnos de acicate para mejorar. Eso es lo que queremos hacer, porque si estamos definiendo algo es precisamente un servicio p\u00fablico como el que vosotros y vosotras -si me permit\u00eds que os tutee- dais al conjunto de nuestra sociedad. Les he trasladado tambi\u00e9n que el Gobierno va a estar siempre a su lado, porque son el presente y el futuro de nuestro campo. Y como sab\u00e9is, hace unos d\u00edas se cumplieron 40 a\u00f1os nada m\u00e1s y nada menos de la adhesi\u00f3n de Espa\u00f1a a la extinta Comunidad Econ\u00f3mica Europea, hoy conocida como Uni\u00f3n Europea. Cuarenta a\u00f1os que yo creo que han servido para progresar, para modernizar, para construir cohesi\u00f3n social y cohesi\u00f3n territorial en nuestro pa\u00eds, gracias a fondos que desgraciadamente hoy est\u00e1n puestos en cuesti\u00f3n por la propuesta que se ha hecho por parte de la Comisi\u00f3n Europea, como son los fondos de Cohesi\u00f3n o la PAC.<\/p>\n<p class=\"Justificado\">Tambi\u00e9n en todo lo que est\u00e1 relacionado con el sector agroalimentario, donde Espa\u00f1a, como en muchas ocasiones dice Luis Planas, nuestro ministro, es una potencia de primer nivel. Tenemos la renta agraria m\u00e1s elevada de la Uni\u00f3n, gracias a las producciones diversas y el valor a\u00f1adido. Somos el cuarto mayor exportador agroalimentario de la Uni\u00f3n Europea y el s\u00e9ptimo a nivel mundial.<\/p>\n<p class=\"Justificado\">Son muchos los logros alcanzados estos a\u00f1os para un sector que es capital para nuestra econom\u00eda. Y, si no, pensemos, como antes compart\u00edamos en privado, qu\u00e9 represent\u00f3 el sector agroalimentario durante la pandemia, durante los largos meses del confinamiento en nuestro pa\u00eds. Tanto esos logros alcanzados, por tanto, como desaf\u00edos que enfrenta el sector. Uno de ellos, que tambi\u00e9n ha estado presente en nuestra conversaci\u00f3n, ha sido el de la emergencia clim\u00e1tica, c\u00f3mo podemos continuar produciendo de forma sostenible, eficiente y tambi\u00e9n rentable para los peque\u00f1os agricultores y ganaderos. Y, por supuesto, tambi\u00e9n la apuesta por el valor de nuestra gastronom\u00eda, por el impulso de una alimentaci\u00f3n mucho m\u00e1s saludable. Solamente por citar algunos de estos desaf\u00edos.<\/p>\n<p class=\"Justificado\">Es verdad, se ha dicho por parte de muchos j\u00f3venes, que hay un reto fundamental, central, que debemos situar como una de las m\u00e1ximas prioridades del Gobierno de Espa\u00f1a y lo es, y es el relevo generacional. Un relevo que es urgente y que tambi\u00e9n es necesario. Y ah\u00ed est\u00e1n los datos. Nuestro campo necesita a nuestros j\u00f3venes.<br \/>Los datos son rotundos: m\u00e1s del 40% de las titulares de los titulares de explotaciones agrarias tiene m\u00e1s de 65 a\u00f1os de edad. Solo el 9% tiene menos de 41 a\u00f1os y, por tanto, es un fen\u00f3meno que nos afecta. Es un fen\u00f3meno com\u00fan a otros muchos pa\u00edses de nuestro entorno, pero eso no le resta, digamos, valor, trascendencia al desaf\u00edo que tenemos por delante, sino que, al contrario, demuestra que es un desaf\u00edo compartido por parte de muchas econom\u00edas europeas que pertenecemos a la Uni\u00f3n Europea.<\/p>\n<p class=\"Justificado\">La raz\u00f3n de ser de la estrategia de relevo generacional en la agricultura que impulsa la Comisi\u00f3n Europea es lo que explica el que sea un fen\u00f3meno com\u00fan al cual antes he hecho referencia, con un objetivo, por cierto, bastante ambicioso, ministro, que se ha marcado la propia Comisi\u00f3n y es el duplicar la proporci\u00f3n de j\u00f3venes agricultores y agricultoras de la Uni\u00f3n Europea de aqu\u00ed al a\u00f1o 2040, lo cual creo que es muy relevante esta apuesta. Nos estamos jugando mucho en t\u00e9rminos de cohesi\u00f3n social, de cohesi\u00f3n territorial, de identidad, de supervivencia de comarcas golpeadas por la despoblaci\u00f3n -lo sabemos muy bien-, pero tambi\u00e9n lo es, si lo miramos en t\u00e9rminos positivos, en oportunidades, porque la evidencia, la experiencia, si algo demuestra es que, cuando los j\u00f3venes se incorporan al sector, a este sector, hay m\u00e1s explotaciones, m\u00e1s productivas, hay m\u00e1s valor a\u00f1adido, hay m\u00e1s empleo y m\u00e1s innovaci\u00f3n y m\u00e1s sostenibilidad.<\/p>\n<p class=\"Justificado\">Recuerdo que antes, en la conversaci\u00f3n, ha sido precisamente una joven agricultora o ganadera -no recuerdo ahora- quien ha dicho que es importante tambi\u00e9n explicarles a los j\u00f3venes c\u00f3mo hoy se trabaja en el sector de la industria agroalimentaria, que es muy distinto a lo que hac\u00edan evidentemente nuestros padres, madres y abuelos y abuelas. En pocas palabras, llevar a los j\u00f3venes a este sector nos sale a cuenta como pa\u00eds, mucho m\u00e1s en el caso de las mujeres j\u00f3venes, que suelen tener m\u00e1s formaci\u00f3n, m\u00e1s preparaci\u00f3n, y por eso es tan importante dotar de la perspectiva de g\u00e9nero a todas nuestras pol\u00edticas; tambi\u00e9n cuando hablamos de la Pol\u00edtica Agr\u00edcola Com\u00fan.<\/p>\n<p class=\"Justificado\">Hay muchos factores que juegan en contra, y no quiero tampoco ponerlos encima de la mesa porque los conoc\u00e9is vosotros mucho mejor que yo, pero es evidente que la voluntad del Gobierno de Espa\u00f1a es revertirlos para hacer posible que quien tiene esa vocaci\u00f3n, pueda cumplir con esa vocaci\u00f3n y responder a esa oportunidad.<\/p>\n<p class=\"Justificado\">Algunos de esos desaf\u00edos son culturales. Es as\u00ed. Durante muchos a\u00f1os se ha asentado la idea de que el \u00e9xito en la vida pasaba necesariamente por la universidad, por un despacho, por vivir en una gran urbe, como si el sector agr\u00edcola, el sector ganadero, no tuviera espacio para la innovaci\u00f3n. Y nada m\u00e1s lejos de la realidad. Hoy en este sector se habla el lenguaje de la inteligencia artificial, del uso de drones, de rob\u00f3tica o de edici\u00f3n gen\u00e9tica. Yo hace un a\u00f1o precisamente, ministro, en este mismo hub tuve ocasi\u00f3n de poder compartir una charla muy interesante con startups vinculadas al sector agro alimentario. Por tanto, esta es una de los de las razones.<\/p>\n<p class=\"Justificado\">Otra es, por supuesto, que en un edificio situado en el coraz\u00f3n financiero de una gran ciudad, evidentemente hay mucha gente joven que piensa que es donde puede tener la oportunidad del futuro, y no en el medio rural. Y yo creo que esto es algo desde el punto de vista cultural que debemos desmontar; debemos desmontar con datos, con pedagog\u00eda, con informaci\u00f3n veraz estos prejuicios. Que debemos dotar el desarrollo profesional del sector agrario con dignidad, con el reconocimiento social que merece, y que actuemos en todos los frentes, es decir, que tomemos o tengamos una visi\u00f3n omnicomprensiva de la realidad y los desaf\u00edos que enfrenta el sector, y yo creo humildemente que, gracias al liderazgo del ministro Planas, eso lo estamos haciendo.<\/p>\n<p class=\"Justificado\">El problema no es el talento, lo tenemos a raudales entre nuestros j\u00f3venes que quieren dedicarse a la agricultura y la ganader\u00eda. El problema real, uno de ellos, y me lo hab\u00e9is comentado en primera persona, el gran obst\u00e1culo para esa incorporaci\u00f3n efectiva es el acceso a la tierra, tambi\u00e9n al agua -pero hoy estamos hablando de ese acceso a la tierra-. Y por eso quiero anunciaros, quiero compartir m\u00e1s con la opini\u00f3n p\u00fablica, con los medios de comunicaci\u00f3n , porque ya lo hemos hecho en privado con los representantes de las opas y tambi\u00e9n con los j\u00f3venes agricultores y ganaderos, hoy quiero anunciar un conjunto de medidas plenamente orientadas a eso, a facilitar el acceso a la tierra a muchos j\u00f3venes -y no tan j\u00f3venes- agricultores y ganaderos, para avanzar precisamente en ese relevo generacional del sector con nuevas oportunidades para nuestros j\u00f3venes.<\/p>\n<p class=\"Justificado\">\u00bfCu\u00e1les son estas medidas que me gustar\u00eda compartir con todos vosotros y vosotras, y tambi\u00e9n con la opini\u00f3n p\u00fablica? La primera es la puesta en marcha de &#8216;Tierra Joven&#8217;. Este lema, este nombre de &#8216;Tierra Joven&#8217; es una plataforma de innovaci\u00f3n y de movilizaci\u00f3n de tierras agrarias que va a ser liderada por el Ministerio de Agricultura, Pesca y Alimentaci\u00f3n, en colaboraci\u00f3n con el sector, con las Comunidades aut\u00f3nomas y con todos los ministerios implicados que afecten al acceso a estas tierras agrarias.<\/p>\n<p class=\"Justificado\">Esta plataforma, \u00bfqu\u00e9 es lo que va a permitir? Va a permitir difundir la oferta y la demanda. Va a ofrecer informaci\u00f3n que es fundamental que sea homog\u00e9nea, que est\u00e9 unificada sobre el mercado de las tierras agrarias en nuestro pa\u00eds. Va a estar orientada a facilitar el acceso, especialmente a los j\u00f3venes, a las mujeres y a los nuevos profesionales agrarios. Y, por supuesto, a mejorar, por tanto, la transparencia en el funcionamiento del mercado. Con datos actualizados sobre financiaci\u00f3n, sobre normativa aplicable a la transmisi\u00f3n de explotaciones. Y algo que me hab\u00e9is comentado la conversaci\u00f3n, la fiscalidad. Por tanto, transparencia, que creo que es fundamental en todos los aspectos de esa informaci\u00f3n para poder facilitar ese objetivo com\u00fan que tenemos todos, que es el relevo generacional.<\/p>\n<p class=\"Justificado\">Pondremos en marcha su despliegue de manera inmediata. No vamos a tardar meses en hacerlo. En estos primeros meses de este a\u00f1o lo vamos a poner en marcha este proyecto, esta plataforma, con la aprobaci\u00f3n de un Real Decreto que regule sus contenidos. Y lo que haremos, una vez se apruebe la Ley de Agricultura Familiar y Profesional, es consolidarla esta plataforma. \u00bfY c\u00f3mo la vamos a consolidar? La vamos a consolidar creando una oficina de informaci\u00f3n y de transmisi\u00f3n de tierras agrarias similar a la que existe ya en otros pa\u00edses, por ejemplo, Francia. Alemania, Italia, B\u00e9lgica o Polonia. Este es el primero de los anuncios, la primera de las medidas que me gustar\u00eda compartir con todos vosotros y vosotras.<\/p>\n<p class=\"Justificado\">La segunda. Lo que vamos a hacer es comprometernos tambi\u00e9n nosotros como Administraci\u00f3n General del Estado. \u00bfY eso qu\u00e9 significa? Pues que vamos a movilizar tierras agrarias que son propiedad de la Administraci\u00f3n General del Estado y las vamos a poner a disposici\u00f3n de nuestros j\u00f3venes a trav\u00e9s de esta nueva plataforma. No estamos hablando de pocas hect\u00e1reas, estamos hablando de que ahora mismo hay unas 17.000 fincas r\u00fasticas propiedad de la Administraci\u00f3n General del Estado. 17.000. Que vamos a analizar para valorar su aptitud y en su caso, ponerlas a disposici\u00f3n preferente de los j\u00f3venes, de las mujeres y de los nuevos profesionales.<\/p>\n<p class=\"Justificado\">Por tanto, al igual que estamos haciendo por ejemplo en la pol\u00edtica de vivienda, donde hemos dicho a todos los ministerios, por ejemplo, al Ministerio de Defensa, muchas de estas tierras, de estos suelos que tienes, vamos a ponerlos a disposici\u00f3n de una casa com\u00fan, que es la construcci\u00f3n de vivienda, porque los j\u00f3venes necesitan ese acceso a la vivienda. Vamos a hacer lo propio tambi\u00e9n con tierras agrarias, con fincas agrarias que son propiedad de la Administraci\u00f3n General del Estado y que queremos que puedan contribuir a resolver ese reto que tiene el sector agroalimentario, que es el del relevo generacional.<\/p>\n<p class=\"Justificado\">Es decir, vamos a predicar con el ejemplo. No nos vamos a abstraer de este reto. No les vamos a decir a las comunidades aut\u00f3nomas ustedes hagan esto y nosotros no hagamos nada. Nosotros vamos a liderar precisamente en esa plataforma, con esta puesta en com\u00fan de estas fincas, de estas tierras r\u00fasticas y agr\u00edcolas todo lo que queremos hacer en relaci\u00f3n con el relevo generacional, dando esa disposici\u00f3n preferente a j\u00f3venes, a mujeres y a los nuevos profesionales.<\/p>\n<p class=\"Justificado\">Tierras que puedan convertirse evidentemente en proyectos generadores de empleo, de oportunidades, a quienes quieran orientar su vida hacia este sector que, a nuestro juicio, est\u00e1 lleno de futuro. Vamos a abrir un proceso de di\u00e1logo con las comunidades aut\u00f3nomas, que tienen tambi\u00e9n, l\u00f3gicamente, mucho que decir, Tambi\u00e9n con el sector, con en ese di\u00e1logo social que siempre hemos tenido con todos vosotros y vosotras, y tambi\u00e9n con todos los actores que quieran acordar un modelo que facilite ese acceso a estas tierras. Por tanto, esta es la segunda de las medidas que me gustar\u00eda compartir.<\/p>\n<p class=\"Justificado\">Y la \u00faltima. Vamos a proponer que la nueva PAC destine un 10% de sus recursos al relevo generacional. Y lo he dicho antes en privado, lo quiero decir ahora en p\u00fablico. En el debate de la PAC sobre la cantidad que la nueva PAC del 2028 al 2034 tenga que tener, hay dos debates que se interrelacionan. Uno, la ambici\u00f3n del presupuesto en su conjunto. Y dos, dentro de la ambici\u00f3n de ese presupuesto comunitario en su conjunto, cu\u00e1nto se tiene que dar a la PAC. Y Espa\u00f1a est\u00e1 defendiendo que el presupuesto comunitario sea del 2% de la renta nacional bruta disponible. Estamos muy solos, tengo que deciros, porque hay muchos gobiernos que bajo ese falso argumento de la renacionalizaci\u00f3n de competencias, de una falsa recuperaci\u00f3n de soberan\u00eda , lo que est\u00e1n haciendo es debilitar el presupuesto comunitario y lo que tenemos que hacer es apostar por un discurso europe\u00edsta y apostar por un discurso europe\u00edsta, trasladando esa soberan\u00eda nacional a esa soberan\u00eda europea es exigirle a todos los gobiernos, no a este que lo defiende, a todos -estamos muy solos en el Consejo Europeo- que esos presupuestos comunitarios tienen que ser mayores, porque los retos son cada vez m\u00e1s m\u00e1s acuciantes a muchos sectores, no solamente al sector agr\u00edcola y ganadero de nuestro pa\u00eds y de nuestro continente sino tambi\u00e9n a otros muchos sectores y por tanto necesitamos m\u00e1s recursos.<\/p>\n<p class=\"Justificado\">Lo dijo el exprimer ministro Draghi, lo dijo el ex primer ministro Letta, dos ex primeros ministros italianos. Uno por cierto, un antiguo presidente del Banco Central Europeo.<\/p>\n<p class=\"Justificado\">Y parece m\u00e1s federalista, parece m\u00e1s europe\u00edsta que muchos de los que se sientan alrededor del Consejo Europeo.<\/p>\n<p class=\"Justificado\">Por tanto, si queremos una mayor PAC tenemos que exigirles tambi\u00e9n vosotros y vosotras a nivel europeo en vuestras asociaciones europeas a las que pertenec\u00e9is que todos los gobiernos defiendan un mayor presupuesto comunitario. Porque si no lo hacemos pues evidentemente tendremos todos un problema, porque no estaremos dotando a Europa de las palancas y los recursos necesarios para hacer frente a todos esos desaf\u00edos.<\/p>\n<p class=\"Justificado\">En todo caso, el Gobierno de Espa\u00f1a va a defender una PAC fuerte. Y, en ese contexto, lo que vamos a defender es que l\u00f3gicamente la PAC destine un 10% de sus recursos a relevo generacional. Un 10%. Es decir, muy por encima de ese 6% propuesto por la Comisi\u00f3n Europea.<\/p>\n<p class=\"Justificado\">La PAC ha sido y debe seguir siendo uno de los mejores legados del proyecto europeo. Aquellos que ahora est\u00e1n defendiendo la renacionalizaci\u00f3n de pol\u00edticas comunitarias deben saber que la pol\u00edtica agr\u00edcola com\u00fan es la primera pol\u00edtica com\u00fan europea y que gobiernos pro europe\u00edstas como es este Gobierno nunca va a permitir que se debilite una de esas pol\u00edticas comunes, como es la PAC. Pero, insisto, en un presupuesto que tiene que ser necesariamente mayor y que debe representar el 2%.<\/p>\n<p class=\"Justificado\">\u00bfNo hay gobiernos que defienden 5% para otras cosas? Pues defendamos un 2% de presupuesto comunitario. Y si tenemos eso, si lo logramos, tambi\u00e9n con vuestra participaci\u00f3n como representantes de la sociedad civil en Espa\u00f1a y en Europa, os puedo garantizar que la PAC podr\u00eda tener hasta incluso m\u00e1s recursos de los que tiene ahora. Pero esa lucha es una lucha que tenemos que compartir todos.<\/p>\n<p class=\"Justificado\">Concluyo. Nuestro sector agroalimentario es uno de los aut\u00e9nticos estandartes de la Espa\u00f1a de hoy. Un sector que innova, que produce, que exporta, que sostiene territorio. En fin, el campo es presente, futuro, futuro, sostenible, inteligente, conectado y basado en el conocimiento, en la cooperaci\u00f3n y en la ciencia. Ese futuro, evidentemente, ya es presente en nuestra actividad agraria, pero necesitamos incorporar a \u00e9l a una generaci\u00f3n que ha crecido con las nuevas tecnolog\u00edas y con la digitalizaci\u00f3n.<\/p>\n<p class=\"Justificado\">Y por eso quiero deciros que vamos a apoyar decididamente a los j\u00f3venes que quieran elegir ese camino, d\u00e1ndoles todas las facilidades, todas las posibilidades para que apliquen su talento, para que emprendan. Y como bien me hab\u00e9is comentado, para que merezca la pena.<\/p>\n<p class=\"Justificado\">As\u00ed que much\u00edsimas gracias por haber dejado vuestro trabajo durante unas horas para estar con nosotros y espero que este anuncio o estos anuncios os hayan merecido la pena. Gracias.<\/p>\n<p class=\"Derecha\">(Transcripci\u00f3n editada por la Secretar\u00eda de Estado de Comunicaci\u00f3n)<\/p>\n","protected":false},"excerpt":{"rendered":"San Fernando de Henares (Madrid) INTERVENCI\u00d3N DEL PRESIDENTE DEL GOBIERNO, PEDRO S\u00c1NCHEZ Much\u00edsimas gracias, ministro, querido Luis; delegado&hellip;\n","protected":false},"author":2,"featured_media":153856,"comment_status":"","ping_status":"","sticky":false,"template":"","format":"standard","meta":{"footnotes":""},"categories":[8],"tags":[17,18,25,24,13,14,11,3481,19,20,9,10,15,16,1461,23,12,21,22],"class_list":{"0":"post-341425","1":"post","2":"type-post","3":"status-publish","4":"format-standard","5":"has-post-thumbnail","7":"category-espana","8":"tag-breaking-news","9":"tag-breakingnews","10":"tag-es","11":"tag-espana","12":"tag-featured-news","13":"tag-featurednews","14":"tag-headlines","15":"tag-intervenciones","16":"tag-latest-news","17":"tag-latestnews","18":"tag-news","19":"tag-noticias","20":"tag-noticias-destacadas","21":"tag-noticiasdestacadas","22":"tag-presidente","23":"tag-spain","24":"tag-titulares","25":"tag-ultimas-noticias","26":"tag-ultimasnoticias"},"share_on_mastodon":{"url":"https:\/\/pubeurope.com\/@es\/115896952011369453","error":""},"_links":{"self":[{"href":"https:\/\/www.europesays.com\/es\/wp-json\/wp\/v2\/posts\/341425","targetHints":{"allow":["GET"]}}],"collection":[{"href":"https:\/\/www.europesays.com\/es\/wp-json\/wp\/v2\/posts"}],"about":[{"href":"https:\/\/www.europesays.com\/es\/wp-json\/wp\/v2\/types\/post"}],"author":[{"embeddable":true,"href":"https:\/\/www.europesays.com\/es\/wp-json\/wp\/v2\/users\/2"}],"replies":[{"embeddable":true,"href":"https:\/\/www.europesays.com\/es\/wp-json\/wp\/v2\/comments?post=341425"}],"version-history":[{"count":0,"href":"https:\/\/www.europesays.com\/es\/wp-json\/wp\/v2\/posts\/341425\/revisions"}],"wp:featuredmedia":[{"embeddable":true,"href":"https:\/\/www.europesays.com\/es\/wp-json\/wp\/v2\/media\/153856"}],"wp:attachment":[{"href":"https:\/\/www.europesays.com\/es\/wp-json\/wp\/v2\/media?parent=341425"}],"wp:term":[{"taxonomy":"category","embeddable":true,"href":"https:\/\/www.europesays.com\/es\/wp-json\/wp\/v2\/categories?post=341425"},{"taxonomy":"post_tag","embeddable":true,"href":"https:\/\/www.europesays.com\/es\/wp-json\/wp\/v2\/tags?post=341425"}],"curies":[{"name":"wp","href":"https:\/\/api.w.org\/{rel}","templated":true}]}}