{"id":341426,"date":"2026-01-15T03:18:16","date_gmt":"2026-01-15T03:18:16","guid":{"rendered":"https:\/\/www.europesays.com\/es\/341426\/"},"modified":"2026-01-15T03:18:16","modified_gmt":"2026-01-15T03:18:16","slug":"la-tajante-reaccion-de-cristina-hija-de-julio-iglesias-a-sus-denuncias-por-agresion-sexual","status":"publish","type":"post","link":"https:\/\/www.europesays.com\/es\/341426\/","title":{"rendered":"La tajante reacci\u00f3n de Cristina, hija de Julio Iglesias, a sus denuncias por agresi\u00f3n sexual"},"content":{"rendered":"<p>Dos d\u00edas despu\u00e9s de conocerse que la Fiscal\u00eda de la Audiencia Nacional ha incoado diligencias preprocesales para investigar <b>la denuncia de dos mujeres contra Julio Iglesias por un presunto delito de agresi\u00f3n sexual<\/b>, el esc\u00e1ndalo parece ir a m\u00e1s, como una bola de nieve que no deja de crecer.<\/p>\n<p>El aluvi\u00f3n de reacciones y declaraciones resulta imparable y da la sensaci\u00f3n de que todo el mundo tiene algo que decir sobre unas diligencias que, conviene recordar, tienen car\u00e1cter reservado. <b>Especialmente llamativo ha sido el estruendo procedente del \u00e1mbito pol\u00edtico<\/b>, con pr\u00e1cticamente todos los l\u00edderes pronunci\u00e1ndose al respecto: desde la izquierda, que ha condenado al cantante antes de tiempo, hasta la derecha, que ensalza su legado art\u00edstico y recalca su presunci\u00f3n de inocencia.<\/p>\n<p>Frente a este ruido, resulta ensordecedor el silencio del propio protagonista. <b>Hasta la fecha de esta publicaci\u00f3n, el cantante se mantiene apartado y sus \u00fanicos movimientos se circunscriben al \u00e1mbito legal<\/b>, pidiendo a sus abogados que comiencen a dise\u00f1ar una estrategia de defensa por si, llegado el caso, fuera necesario activarla.<\/p>\n<p>Un silencio que tambi\u00e9n se extiende a su familia y a su entorno m\u00e1s cercano. <b>Ninguno de sus familiares ni amigos \u00edntimos ha alzado la voz p\u00fablicamente para defenderle<\/b>, atendiendo as\u00ed la voluntad de Iglesias, quien les habr\u00eda pedido que no alimenten la vor\u00e1gine medi\u00e1tica en la que se ha visto envuelto.<\/p>\n<p>Pero, en ocasiones, un gesto vale m\u00e1s que mil palabras y, en este caso, ha sido una de las hijas de Iglesias, Cristina, fruto de su matrimonio con Miranda Rijnsburger, la que <b>ha dado un paso al frente para defender a su padre a su manera<\/b>.<\/p>\n<p>La joven <b>ha restringido los comentarios en Instagram en una imagen con el cantante<\/b> que public\u00f3 para felicitar a Julio por el D\u00eda del Padre. \u201cTe quiero, papi\u201d, escribe Cristina junto a la tierna fotograf\u00eda, en la que Iglesias aparece con sus dos hijas gemelas cuando eran peque\u00f1as.<\/p>\n<p>Pese a la adorable estampa, en las \u00faltimas horas la publicaci\u00f3n <b>se hab\u00eda llenado de comentarios negativos contra el cantante<\/b>, por lo que su hija ha optado por restringirlos y eliminar la posibilidad de que los usuarios puedan grabar un mensaje junto a la imagen.<\/p>\n<p>Hasta el momento, la mayor\u00eda de los testimonios que han visto la luz comparten la sorpresa por las denuncias contra Julio, empezando por su exmujer, Isabel Preysler, quien se confiesa \u201cimpactada\u201d por lo ocurrido en las \u00faltimas horas. Aun as\u00ed, <b>defiende que ella no reconoce al Iglesias oscuro que se dibuja en las acusaciones y sostiene que, tanto con ella como con el servicio de su casa, siempre se comport\u00f3 como \u201cun se\u00f1or\u201d<\/b>.<\/p>\n","protected":false},"excerpt":{"rendered":"Dos d\u00edas despu\u00e9s de conocerse que la Fiscal\u00eda de la Audiencia Nacional ha incoado diligencias preprocesales para investigar&hellip;\n","protected":false},"author":2,"featured_media":341427,"comment_status":"","ping_status":"","sticky":false,"template":"","format":"standard","meta":{"footnotes":""},"categories":[5],"tags":[17,18,25,24,13,14,11,19,20,9,10,15,16,23,12,21,22],"class_list":{"0":"post-341426","1":"post","2":"type-post","3":"status-publish","4":"format-standard","5":"has-post-thumbnail","7":"category-titulares","8":"tag-breaking-news","9":"tag-breakingnews","10":"tag-es","11":"tag-espana","12":"tag-featured-news","13":"tag-featurednews","14":"tag-headlines","15":"tag-latest-news","16":"tag-latestnews","17":"tag-news","18":"tag-noticias","19":"tag-noticias-destacadas","20":"tag-noticiasdestacadas","21":"tag-spain","22":"tag-titulares","23":"tag-ultimas-noticias","24":"tag-ultimasnoticias"},"share_on_mastodon":{"url":"https:\/\/pubeurope.com\/@es\/115896955886777630","error":""},"_links":{"self":[{"href":"https:\/\/www.europesays.com\/es\/wp-json\/wp\/v2\/posts\/341426","targetHints":{"allow":["GET"]}}],"collection":[{"href":"https:\/\/www.europesays.com\/es\/wp-json\/wp\/v2\/posts"}],"about":[{"href":"https:\/\/www.europesays.com\/es\/wp-json\/wp\/v2\/types\/post"}],"author":[{"embeddable":true,"href":"https:\/\/www.europesays.com\/es\/wp-json\/wp\/v2\/users\/2"}],"replies":[{"embeddable":true,"href":"https:\/\/www.europesays.com\/es\/wp-json\/wp\/v2\/comments?post=341426"}],"version-history":[{"count":0,"href":"https:\/\/www.europesays.com\/es\/wp-json\/wp\/v2\/posts\/341426\/revisions"}],"wp:featuredmedia":[{"embeddable":true,"href":"https:\/\/www.europesays.com\/es\/wp-json\/wp\/v2\/media\/341427"}],"wp:attachment":[{"href":"https:\/\/www.europesays.com\/es\/wp-json\/wp\/v2\/media?parent=341426"}],"wp:term":[{"taxonomy":"category","embeddable":true,"href":"https:\/\/www.europesays.com\/es\/wp-json\/wp\/v2\/categories?post=341426"},{"taxonomy":"post_tag","embeddable":true,"href":"https:\/\/www.europesays.com\/es\/wp-json\/wp\/v2\/tags?post=341426"}],"curies":[{"name":"wp","href":"https:\/\/api.w.org\/{rel}","templated":true}]}}