{"id":341434,"date":"2026-01-15T03:28:09","date_gmt":"2026-01-15T03:28:09","guid":{"rendered":"https:\/\/www.europesays.com\/es\/341434\/"},"modified":"2026-01-15T03:28:09","modified_gmt":"2026-01-15T03:28:09","slug":"si-trabaje-durante-la-boda-de-mi-hija","status":"publish","type":"post","link":"https:\/\/www.europesays.com\/es\/341434\/","title":{"rendered":"S\u00ed, trabaj\u00e9 durante la boda de mi hija"},"content":{"rendered":"<p>La <strong>boda de Stella del Carmen<\/strong> (29 a\u00f1os) fue uno de los eventos m\u00e1s esperados del 2025. La hija de <strong>Antonio Banderas <\/strong>(65 a\u00f1os), que eligi\u00f3 Espa\u00f1a (concretamente un pueblo de Valladolid), <a href=\"https:\/\/www.lecturas.com\/actualidad\/stella-carmen-hija-antonio-banderas-ya-se-ha-casado-incomodo-encuentro-contratiempo-que-casi-empana-su-boda_182954\" rel=\"nofollow noopener\" target=\"_blank\">para darse el &#8216;s\u00ed, quiero&#8217;<\/a>, organiz\u00f3 una ceremonia que dur\u00f3 tres d\u00edas en la que estuvieron prohibidos los tel\u00e9fonos m\u00f3viles. Pero no solo eso, hubo cl\u00e1usulas de confidencialidad para los trabajadores e incluso llegadas en helic\u00f3ptero. Un precioso enlace que colm\u00f3 a la prensa del coraz\u00f3n de cientos de titulares.\u00a0<\/p>\n<p>El actor y padre de la joven, que ha visitado este 14 de enero &#8216;El Hormiguero&#8217; para presentar &#8216;Godspell, el musical&#8217;, <strong>fue el padrino de la boda de su hija <\/strong>e incluso sali\u00f3 a hablar con la prensa que estaba fuera de la finca para charlar y dar algunos detalles. Pero lo que nadie esperaba es que, tal y como \u00e9l mismo ha confesado a Pablo Motos, t<strong>uviera que trabajar en un d\u00eda tan espacial para toda la familia.\u00a0<\/strong><\/p>\n<p>Pablo Motos, impactado<\/p>\n<p>Queriendo saber algunos detalles sobre la celebraci\u00f3n, el presentador del formato de las noches de Antena 3 ha preguntado hasta en dos ocasiones a Antonio si era verdad que tuvo que trabajar el d\u00eda de la boda de Stella.\u00a0<\/p>\n<p><img loading=\"lazy\" decoding=\"async\"   src=\"https:\/\/www.europesays.com\/es\/wp-content\/uploads\/2026\/01\/pablo-y-antonio_cd6ea208_260114223341_1200x714.webp.webp\" alt=\"Pablo y Antonio \" class=\"lazyload\" width=\"1200\" height=\"714\" data-aspectratio=\"1200\/714\"\/><\/p>\n<p>Pablo Motos se ha quedado impactado al escuchar que Antonio tuvo que trabajar el d\u00eda de la boda de Stella del Carmen.\u00a0<\/p>\n<p>&#13;Antena 3<\/p>\n<p>\u00a0<\/p>\n<p><img loading=\"lazy\" decoding=\"async\"   src=\"https:\/\/www.europesays.com\/es\/wp-content\/uploads\/2026\/01\/antonio-banderas_17ab9742_260114223422_1200x642.webp.webp\" alt=\"Antonio Banderas\" class=\"lazyload\" width=\"1200\" height=\"642\" data-aspectratio=\"1200\/642\"\/><\/p>\n<p>Antonio Banderas ha dado algunos detalles in\u00e9ditos sobre la ceremonia que hizo su hija en Valladolid.\u00a0<\/p>\n<p>&#13;Antena 3<\/p>\n<p>\u00a0<\/p>\n<p>\u00ab<strong>\u00bfEs verdad que estuviste trabajando incluido el d\u00eda de la boda de tu hija?<\/strong>\u00ab, ha preguntado Pablo, totalmente impactado. \u00ab<strong>Estaba trabajando, pero por tel\u00e9fono<\/strong>\u00ab, ha respondido el actor entre risas. \u00abBueno, aunque sea por tel\u00e9fono\u00bb, ha insistido Motos. \u00abS\u00ed. Estaba en comunicaci\u00f3n con M\u00e1laga. S\u00ed, lo estaba haciendo\u00bb, ha contestado Antonio.<\/p>\n<p>\u00ab\u00a1El d\u00eda de la boda de tu hija!\u00bb, ha vuelto a decir el conductor de &#8216;El Hormiguero&#8217;. \u00abS\u00ed. E<strong>s que tuve que faltar cinco d\u00edas durante el periodo de ensayos y ten\u00eda que tener una comunicaci\u00f3n telef\u00f3nica con los que se hab\u00edan quedado all\u00ed<\/strong>\u00ab, se ha justificado Banderas.\u00a0<\/p>\n<p>Detalles in\u00e9ditos de la boda de Stella\u00a0<\/p>\n<p>A pesar de que &#8216;El Hormiguero&#8217; no es un programa del coraz\u00f3n, Pablo no ha podido evitar preguntar al actor sobre algunos detalles de la boda de Stella. \u00ab<strong>Necesito saber<\/strong>\u00ab, ha dicho Motos, a\u00f1adiendo si hab\u00eda repartido puros o no, como suelen hacer los padres de las novias en algunas celebraciones espa\u00f1olas.\u00a0<\/p>\n<p><img loading=\"lazy\" decoding=\"async\"   src=\"https:\/\/www.europesays.com\/es\/wp-content\/uploads\/2026\/01\/stella-del-carmen_9a6629a1_260114223714_1200x2150.webp.webp\" alt=\"Stella del Carmen\" class=\"lazyload\" width=\"1200\" height=\"2150\" data-aspectratio=\"1200\/2150\"\/><\/p>\n<p>Im\u00e1genes de los novios de peque\u00f1os se iban reflejando en la fachada de la Abad\u00eda de Retuerta.<\/p>\n<p>&#13;GTRES<\/p>\n<p>\u00a0<\/p>\n<p>\u00ab<strong>No fue una boda tradicional<\/strong>. Fue muy bonia. Hab\u00eda conocido el sitio donde lo hicimos. Una iglesia desconsagrada del siglo XII adherida a un parador. Precioso. Ella quer\u00eda eso. Lo vio y se lo ense\u00f1\u00e9 y ella me dijo que se quer\u00eda casar all\u00ed. T<strong>en\u00eda que ser en Espa\u00f1a, era un deseo porque naci\u00f3 aqu\u00ed y se siente muy espa\u00f1ola<\/strong>\u00ab, ha a\u00f1adido Banderas sobre aquel d\u00eda.\u00a0<\/p>\n","protected":false},"excerpt":{"rendered":"La boda de Stella del Carmen (29 a\u00f1os) fue uno de los eventos m\u00e1s esperados del 2025. La&hellip;\n","protected":false},"author":2,"featured_media":341435,"comment_status":"","ping_status":"","sticky":false,"template":"","format":"standard","meta":{"footnotes":""},"categories":[174],"tags":[255,146,147,25,24,256,23],"class_list":{"0":"post-341434","1":"post","2":"type-post","3":"status-publish","4":"format-standard","5":"has-post-thumbnail","7":"category-famosos","8":"tag-celebrities","9":"tag-entertainment","10":"tag-entretenimiento","11":"tag-es","12":"tag-espana","13":"tag-famosos","14":"tag-spain"},"share_on_mastodon":{"url":"https:\/\/pubeurope.com\/@es\/115896995289411997","error":""},"_links":{"self":[{"href":"https:\/\/www.europesays.com\/es\/wp-json\/wp\/v2\/posts\/341434","targetHints":{"allow":["GET"]}}],"collection":[{"href":"https:\/\/www.europesays.com\/es\/wp-json\/wp\/v2\/posts"}],"about":[{"href":"https:\/\/www.europesays.com\/es\/wp-json\/wp\/v2\/types\/post"}],"author":[{"embeddable":true,"href":"https:\/\/www.europesays.com\/es\/wp-json\/wp\/v2\/users\/2"}],"replies":[{"embeddable":true,"href":"https:\/\/www.europesays.com\/es\/wp-json\/wp\/v2\/comments?post=341434"}],"version-history":[{"count":0,"href":"https:\/\/www.europesays.com\/es\/wp-json\/wp\/v2\/posts\/341434\/revisions"}],"wp:featuredmedia":[{"embeddable":true,"href":"https:\/\/www.europesays.com\/es\/wp-json\/wp\/v2\/media\/341435"}],"wp:attachment":[{"href":"https:\/\/www.europesays.com\/es\/wp-json\/wp\/v2\/media?parent=341434"}],"wp:term":[{"taxonomy":"category","embeddable":true,"href":"https:\/\/www.europesays.com\/es\/wp-json\/wp\/v2\/categories?post=341434"},{"taxonomy":"post_tag","embeddable":true,"href":"https:\/\/www.europesays.com\/es\/wp-json\/wp\/v2\/tags?post=341434"}],"curies":[{"name":"wp","href":"https:\/\/api.w.org\/{rel}","templated":true}]}}