{"id":341438,"date":"2026-01-15T03:32:12","date_gmt":"2026-01-15T03:32:12","guid":{"rendered":"https:\/\/www.europesays.com\/es\/341438\/"},"modified":"2026-01-15T03:32:12","modified_gmt":"2026-01-15T03:32:12","slug":"indie-caliente-dos-musicos-a-las-trompadas-en-pleno-concierto-en-palermo-2","status":"publish","type":"post","link":"https:\/\/www.europesays.com\/es\/341438\/","title":{"rendered":"Indie caliente: dos m\u00fasicos, a las trompadas en pleno concierto en Palermo"},"content":{"rendered":"<p>El <strong><a href=\"https:\/\/es.rollingstone.com\/arg-festival-refresco-nina-suarez-peligrosos-gorriones-y-mas-bandas-para-pasar-el-verano-porteno\/\" target=\"_blank\" rel=\"noreferrer noopener nofollow\">Festival Refresco<\/a><\/strong>, que se llev\u00f3 a cabo el viernes pasado en <strong>Niceto Club<\/strong>, Palermo, no tuvo una jornada del todo fresca: <strong>dos m\u00fasicos de la escena independiente terminaron a las trompadas en pleno show, para desconcierto del p\u00fablico que llen\u00f3 la sala<\/strong>.<\/p>\n<p>El incidente ocurri\u00f3 durante la presentaci\u00f3n de <strong>Peligrosos Gorriones<\/strong>, grupo ic\u00f3nico del <strong>rock alternativo argentino de los 90<\/strong>, liderado por <strong>Francisco Bochat\u00f3n<\/strong>. En medio del show, el m\u00fasico abandon\u00f3 del escenario para dirigirse hasta donde se encontraba <strong>Ariel Mirabal Nigrelli<\/strong>, vocalista de <strong><a href=\"https:\/\/es.rollingstone.com\/arg-winona-riders-en-la-tapa-de-rolling-stone-a-su-generacion-no-le-importa-tu-opinion\/\" target=\"_blank\" rel=\"noreferrer noopener nofollow\">Winona Riders<\/a><\/strong> <strong>\u2014<\/strong>banda que fuera <a href=\"https:\/\/es.rollingstone.com\/arg-winona-riders-en-la-tapa-de-rolling-stone\/\" target=\"_blank\" rel=\"noreferrer noopener nofollow\">tapa de Rolling Stone en febrero de 2025<\/a> y que no tocaba en el festival esa noche<strong>\u2014<\/strong>, luego de que, seg\u00fan varios testimonios, Mirabal y un acompa\u00f1ante le arrojaran <strong>objetos como vasos con bebidas y latas desde un balc\u00f3n hacia el escenario<\/strong>.<\/p>\n<p>Testigos y asistentes grabaron la escena en la que ambos artistas forcejean, im\u00e1genes que r\u00e1pidamente se viralizaron en redes sociales durante la madrugada del s\u00e1bado y el resto del fin de semana. Y que volvieron a recobrar valor este mi\u00e9rcoles, luego del descargo que hizo el propio Bochat\u00f3n en redes.<\/p>\n<p>En su descargo, el l\u00edder de <strong>Peligrosos Gorriones<\/strong> calific\u00f3 la situaci\u00f3n como un \u201c<strong>desastre para las vidas del cuerpo de escenario<\/strong>\u201d y apunt\u00f3 directamente a Mirabal como uno de los responsables de tirar objetos hacia \u00e9l mientras tocaba. <\/p>\n<p><img decoding=\"async\" src=\"https:\/\/flex-assets.tadevel-cdn.com\/696798254e75a5459a37e240\/720.avif\" alt=\"\"\/><\/p>\n<p>Por el momento, <strong>no hay reportes oficiales de denuncias policiales ni de sanciones por parte de la organizaci\u00f3n del festival<\/strong>.<\/p>\n<p>Horas despu\u00e9s de compartir las im\u00e1genes en las redes de <strong>Peligrosos Gorriones<\/strong>, el m\u00fasico escribi\u00f3: \u201cVoy a borrar esta historia de Gorriones y este episodio porque ya me cans\u00f3 y no es el foco de nada. Simplemente, quer\u00eda informar, no para que sea un escrache o algo as\u00ed. Que me escribas tipo amenaza que no me importa nada es m\u00e1s de lo mismo. As\u00ed que basta. Ya\u201d. Desde <strong>Winona Riders<\/strong>, por su parte, todav\u00eda no hicieron p\u00fablico ning\u00fan comentario sobre el incidente.<\/p>\n","protected":false},"excerpt":{"rendered":"El Festival Refresco, que se llev\u00f3 a cabo el viernes pasado en Niceto Club, Palermo, no tuvo una&hellip;\n","protected":false},"author":2,"featured_media":340751,"comment_status":"","ping_status":"","sticky":false,"template":"","format":"standard","meta":{"footnotes":""},"categories":[170],"tags":[146,147,25,24,77657,184,185,23,77658],"class_list":{"0":"post-341438","1":"post","2":"type-post","3":"status-publish","4":"format-standard","5":"has-post-thumbnail","7":"category-musica","8":"tag-entertainment","9":"tag-entretenimiento","10":"tag-es","11":"tag-espana","12":"tag-francisco-bochaton","13":"tag-music","14":"tag-musica","15":"tag-spain","16":"tag-winona-riders"},"share_on_mastodon":{"url":"https:\/\/pubeurope.com\/@es\/115897010954118052","error":""},"_links":{"self":[{"href":"https:\/\/www.europesays.com\/es\/wp-json\/wp\/v2\/posts\/341438","targetHints":{"allow":["GET"]}}],"collection":[{"href":"https:\/\/www.europesays.com\/es\/wp-json\/wp\/v2\/posts"}],"about":[{"href":"https:\/\/www.europesays.com\/es\/wp-json\/wp\/v2\/types\/post"}],"author":[{"embeddable":true,"href":"https:\/\/www.europesays.com\/es\/wp-json\/wp\/v2\/users\/2"}],"replies":[{"embeddable":true,"href":"https:\/\/www.europesays.com\/es\/wp-json\/wp\/v2\/comments?post=341438"}],"version-history":[{"count":0,"href":"https:\/\/www.europesays.com\/es\/wp-json\/wp\/v2\/posts\/341438\/revisions"}],"wp:featuredmedia":[{"embeddable":true,"href":"https:\/\/www.europesays.com\/es\/wp-json\/wp\/v2\/media\/340751"}],"wp:attachment":[{"href":"https:\/\/www.europesays.com\/es\/wp-json\/wp\/v2\/media?parent=341438"}],"wp:term":[{"taxonomy":"category","embeddable":true,"href":"https:\/\/www.europesays.com\/es\/wp-json\/wp\/v2\/categories?post=341438"},{"taxonomy":"post_tag","embeddable":true,"href":"https:\/\/www.europesays.com\/es\/wp-json\/wp\/v2\/tags?post=341438"}],"curies":[{"name":"wp","href":"https:\/\/api.w.org\/{rel}","templated":true}]}}