{"id":341439,"date":"2026-01-15T03:33:12","date_gmt":"2026-01-15T03:33:12","guid":{"rendered":"https:\/\/www.europesays.com\/es\/341439\/"},"modified":"2026-01-15T03:33:12","modified_gmt":"2026-01-15T03:33:12","slug":"doomsday-envian-un-criptico-y-desconcertante-mensaje-a-los-fans","status":"publish","type":"post","link":"https:\/\/www.europesays.com\/es\/341439\/","title":{"rendered":"Doomsday env\u00edan un cr\u00edptico (y desconcertante) mensaje a los fans"},"content":{"rendered":"<p>Los directores de Vengadores: Doomsday, los hermanos Russo, han enviado<strong> un cr\u00edptico mensaje a los fans tras el lanzamiento del cuarto tr\u00e1iler de la pr\u00f3xima pel\u00edcula de Marvel<\/strong>, insistiendo en que no se trata ni de avances ni de tr\u00e1ilers.<\/p>\n<p>M\u00e1s bien, seg\u00fan han dicho los Russo en <a href=\"https:\/\/www.instagram.com\/reels\/DTdCXo-iE-C\/\" rel=\"noopener nofollow\" target=\"_blank\"><strong>una publicaci\u00f3n en Instagram<\/strong><\/a>, los v\u00eddeos \u2014a falta de una palabra mejor\u2014 son \u00abhistorias\u00bb y \u00abpistas\u00bb.<\/p>\n<p>Y no te pierdas&#8230;<a href=\"https:\/\/es.ign.com\/prime-video\/225523\/news\/el-top-5-de-series-mas-vistas-de-prime-video-en-espana-nos-desvela-una-tendencia-muy-clara\" class=\"recirc_odd\" rel=\"nofollow noopener\" target=\"_blank\"><img decoding=\"async\" class=\"image\" src=\"https:\/\/www.europesays.com\/es\/wp-content\/uploads\/2026\/01\/geo_57e9.640.jpg\" alt=\"El Top 5 de series m\u00e1s vistas de Prime Video en Espa\u00f1a nos desvela una tendencia muy clara\"\/>El Top 5 de series m\u00e1s vistas de Prime Video en Espa\u00f1a nos desvela una tendencia muy clara<\/a><\/p>\n<p><strong>\u00abPrestad atenci\u00f3n\u00bb, dijeron.<\/strong><\/p>\n<p>Aqu\u00ed est\u00e1 su declaraci\u00f3n completa:<\/p>\n<p>\u00abLo que han estado viendo durante las \u00faltimas cuatro semanas&#8230; no son avances. Ni tr\u00e1ilers. Son historias. Son pistas&#8230; <strong>Prestad atenci\u00f3n<\/strong>\u00ab.<\/p>\n<p>El tren del hype de Los Vengadores: Doomsday final arranc\u00f3 con <a href=\"https:\/\/es.ign.com\/avengers-the-kang-dynasty\/224886\/feature\/el-capitan-america-de-chris-evans-vuelve-en-vengadores-doomsday-pero-marvel-podria-haber-admitido-su\" rel=\"nofollow noopener\" target=\"_blank\"><strong>el avance de Steve Rogers\/Capit\u00e1n Am\u00e9rica<\/strong><\/a>, que muestra al personaje de Chris Evans sosteniendo a un beb\u00e9, presumiblemente su hijo con Peggy Carter.<\/p>\n<p>A continuaci\u00f3n <a href=\"https:\/\/es.ign.com\/avengers-the-kang-dynasty\/225138\/news\/ya-esta-aqui-el-nuevo-trailer-de-los-vengadores-doomsday-mientras-que-los-x-men-se-preparan-para-los\" rel=\"nofollow noopener\" target=\"_blank\"><strong>se mostr\u00f3 el tr\u00e1iler de Thor<\/strong><\/a>, en el que se ve al asgardiano interpretado por <strong>Chris Hemsworth<\/strong> cuidando de su hija adoptiva, <strong>Love<\/strong>. El teaser muestra a Thor (esta vez con el look de pelo corto de la muy querida y exitosa Thor Ragnarok) rezando a su padre, Od\u00edn (interpretado por Anthony Hopkins en el UCM), pidiendo la \u00abfuerza del Padre\u00bb para poder <strong>\u00abluchar una vez m\u00e1s&#8230; derrotar a un enemigo m\u00e1s y volver a casa con ella\u00bb.<\/strong><\/p>\n<p>El tr\u00e1iler de X-Men, que se muestra a continuaci\u00f3n, muestra al profesor X, Magneto y C\u00edclope en lo que parece ser una \u00faltima batalla contra los Centinelas en la Mansi\u00f3n X.<\/p>\n<p>El teaser de Wakanda sigue una tem\u00e1tica similar, con un tono siniestro marcado por Shuri\/Black Panther que, junto con el encuentro con<strong> Los Cuatro Fant\u00e1sticos<\/strong>, sugiere la preparaci\u00f3n para una batalla importante que tiene a nuestros h\u00e9roes realmente preocupados.<\/p>\n<p>Entonces, <strong>\u00bfqu\u00e9 significa realmente este cr\u00edptico mensaje de los hermanos Russo?<\/strong> Esa es la pregunta que se hacen la mayor\u00eda de los fans, y por ahora no hay ninguna respuesta clara. \u00bfSon estos clips realmente de Avengers: Doomsday? \u00bfPodr\u00edan ser material promocional adicional que no acabaremos viendo en los cines? Quiz\u00e1s haya pistas en el final de cada uno de estos v\u00eddeos, que muestran el s\u00edmbolo de los Vengadores en un misterioso <strong>\u00abreloj del fin del mundo\u00bb<\/strong> verde con runas grabadas.<\/p>\n<p>Parece que las revelaciones del teaser han terminado por ahora, ya que Marvel <a href=\"https:\/\/es.ign.com\/avengers-the-kang-dynasty\/225551\/news\/marvel-pone-en-marcha-una-cuenta-atras-justo-despues-de-publicar-un-nuevo-trailer-de-vengadores-doom\" rel=\"nofollow noopener\" target=\"_blank\"><strong>acaba de iniciar una retransmisi\u00f3n en directo de la cuenta atr\u00e1s de Avengers: Doomsday<\/strong><\/a>, que ya est\u00e1n viendo miles de personas.<\/p>\n<p>Avengers: Doomsday, por su parte, se estrenar\u00e1 el 18 de diciembre de 2026.<\/p>\n<p>                <script async src=\"\/\/www.instagram.com\/embed.js\"><\/script><\/p>\n","protected":false},"excerpt":{"rendered":"Los directores de Vengadores: Doomsday, los hermanos Russo, han enviado un cr\u00edptico mensaje a los fans tras el&hellip;\n","protected":false},"author":2,"featured_media":341440,"comment_status":"","ping_status":"","sticky":false,"template":"","format":"standard","meta":{"footnotes":""},"categories":[169],"tags":[177,146,147,25,24,176,175,23],"class_list":{"0":"post-341439","1":"post","2":"type-post","3":"status-publish","4":"format-standard","5":"has-post-thumbnail","7":"category-cine","8":"tag-cine","9":"tag-entertainment","10":"tag-entretenimiento","11":"tag-es","12":"tag-espana","13":"tag-film","14":"tag-movies","15":"tag-spain"},"share_on_mastodon":{"url":"","error":""},"_links":{"self":[{"href":"https:\/\/www.europesays.com\/es\/wp-json\/wp\/v2\/posts\/341439","targetHints":{"allow":["GET"]}}],"collection":[{"href":"https:\/\/www.europesays.com\/es\/wp-json\/wp\/v2\/posts"}],"about":[{"href":"https:\/\/www.europesays.com\/es\/wp-json\/wp\/v2\/types\/post"}],"author":[{"embeddable":true,"href":"https:\/\/www.europesays.com\/es\/wp-json\/wp\/v2\/users\/2"}],"replies":[{"embeddable":true,"href":"https:\/\/www.europesays.com\/es\/wp-json\/wp\/v2\/comments?post=341439"}],"version-history":[{"count":0,"href":"https:\/\/www.europesays.com\/es\/wp-json\/wp\/v2\/posts\/341439\/revisions"}],"wp:featuredmedia":[{"embeddable":true,"href":"https:\/\/www.europesays.com\/es\/wp-json\/wp\/v2\/media\/341440"}],"wp:attachment":[{"href":"https:\/\/www.europesays.com\/es\/wp-json\/wp\/v2\/media?parent=341439"}],"wp:term":[{"taxonomy":"category","embeddable":true,"href":"https:\/\/www.europesays.com\/es\/wp-json\/wp\/v2\/categories?post=341439"},{"taxonomy":"post_tag","embeddable":true,"href":"https:\/\/www.europesays.com\/es\/wp-json\/wp\/v2\/tags?post=341439"}],"curies":[{"name":"wp","href":"https:\/\/api.w.org\/{rel}","templated":true}]}}