{"id":341451,"date":"2026-01-15T03:40:12","date_gmt":"2026-01-15T03:40:12","guid":{"rendered":"https:\/\/www.europesays.com\/es\/341451\/"},"modified":"2026-01-15T03:40:12","modified_gmt":"2026-01-15T03:40:12","slug":"acciones-de-estados-unidos-en-venezuela-la-cobertura-de-rci","status":"publish","type":"post","link":"https:\/\/www.europesays.com\/es\/341451\/","title":{"rendered":"Acciones de Estados Unidos en Venezuela: la cobertura de RCI"},"content":{"rendered":"<p>Mientras expertos de la ONU condenaban la acci\u00f3n militar a gran escala llevada a cabo por los Estados Unidos contra la Rep\u00fablica Bolivariana de Venezuela, el bombardeo de Caracas y otras ciudades, as\u00ed como el secuestro forzoso del presidente Nicol\u00e1s Maduro y su esposa Cilia Flores, seg\u00fan declar\u00f3 el organismo internacional, se llevaban a cabo celebraciones y protestas ante los eventos en distintas partes del mundo, incluyendo Canad\u00e1.<\/p>\n<p>Las acciones de Estados Unidos en Venezuela, las amenazas de Trump de tomar por la fuerza Groenlandia, sus repetidas declaraciones de convertir a Canad\u00e1 en el estado 51 de EE. UU. , adem\u00e1s de las amenazas de expandir sus operaciones militares contra Colombia y M\u00e9xico, han puesto sobre la mesa la cuesti\u00f3n de la soberan\u00eda de los pa\u00edses.<\/p>\n<p>Tras declarar el 8 de junio que \u00abno le interesan las leyes internacionales\u00bb, las acciones de Trump parecen marcar el fin del orden internacional instituido tras el fin de la Segunda Guerra Mundial, plasmado en la Carta de la ONU, que proh\u00edbe inequ\u00edvocamente la amenaza o el uso de la fuerza contra la integridad territorial o la independencia pol\u00edtica de cualquier Estado.<\/p>\n<p>Margaret Satterthwaite, relatora especial de la ONU sobre la independencia de jueces y abogados, se\u00f1al\u00f3 que las declaraciones de Estados Unidos de rechazo al derecho internacional son \u00abextremadamente peligrosas\u00bb y que le preocupa que el mundo pueda estar volviendo a una \u00abera de imperialismo\u00bb.<\/p>\n<p>Las repercusiones de lo ocurrido en la madrugada del 3 de enero contin\u00faan siendo analizadas en todo el mundo, no solo por los venezolanos, sino tambi\u00e9n por su impacto en las Am\u00e9ricas y en la geopol\u00edtica global.<\/p>\n<p>RCI presenta la cobertura sobre esta crisis geopol\u00edtica y sus consecuencias.<\/p>\n<p>Mientras la captura de Nicol\u00e1s\u202fMaduro sacude a Venezuela, cubanos y colombianos en Canad\u00e1 observan los hechos con atenci\u00f3n. Para ellos, la crisis venezolana se refleja en sus propias realidades, desde la fragilidad de Cuba hasta los riesgos en Colombia, la noticia despierta reflexiones sobre el futuro.<\/p>\n<p><img decoding=\"async\" alt=\"CARACAS, VENEZUELA - JANUARY 7: A view of Venezuelan flags near the Petare neighborhood after the capture of Nicolas Maduro by U.S. forces, on January 7, 2026 in Caracas, Venezuela. U.S. President Donald Trump announced on January 3 that his country's military had launched a \" large-scale=\"\" attack=\"\" on=\"\" venezuela=\"\" and=\"\" captured=\"\" its=\"\" president=\"\" nicolas=\"\" maduro=\"\" his=\"\" wife=\"\" cilia=\"\" flores.=\"\" the=\"\" politician=\"\" remain=\"\" detained=\"\" in=\"\" new=\"\" york=\"\" awaiting=\"\" their=\"\" next=\"\" audience=\"\" march=\"\" by=\"\" carlos=\"\" be=\"\" loading=\"lazy\" src=\"https:\/\/www.europesays.com\/es\/wp-content\/uploads\/2026\/01\/venezuela-petroleo-presos-politicos.jpg\" class=\"sc-1ato3rl-2 lcMRyS\"\/><\/p>\n<p class=\"sc-s14me8-2 gHacOd\">Hasta el mi\u00e9rcoles 14 de enero, la cantidad de presos pol\u00edticos excarcelados, de acuerdo con la ONG Foro Penal, no alcanza los 100. El presidente de la Asamblea Nacional, Jorge Rodr\u00edguez, dijo el martes que hab\u00edan sido liberadas 400 personas.<\/p>\n<p class=\"sc-s14me8-1 jPNEHV\">Foto:\u00a0Getty Images \/ Carlos Becerra<\/p>\n<p>El ataque de Estados Unidos en Caracas y la captura de Nicol\u00e1s Maduro marcaron un punto de quiebre para el derecho internacional y la soberan\u00eda venezolana. Mientras Washington consolida su control energ\u00e9tico, expertos analizan las consecuencias jur\u00eddicas, pol\u00edticas y humanas de estas acciones.<\/p>\n<p>El presidente brasile\u00f1o, Luiz In\u00e1cio Lula da Silva, dijo que habl\u00f3 con el primer ministro Mark Carney el 8 de enero y que el l\u00edder canadiense acept\u00f3 una invitaci\u00f3n para visitar ese pa\u00eds de 213 millones de habitantes en abril.<\/p>\n<p><img decoding=\"async\" alt=\"trois personnes sourient \u00e0 la camera.\" loading=\"lazy\" src=\"https:\/\/www.europesays.com\/es\/wp-content\/uploads\/2026\/01\/venezuela-presos-politicos.PNG\" class=\"sc-1ato3rl-2 lcMRyS\"\/><\/p>\n<p class=\"sc-s14me8-2 gHacOd\">Marisela Parra, a la derecha, aparece en la imagen junto a sus hijos Leandro Leomar Chirinos Parra, a la izquierda, y Leonardo David Chirinos Parra, en 2018.<\/p>\n<p class=\"sc-s14me8-1 jPNEHV\">Foto:\u00a0Cortes\u00eda \/ Marisela Parra<\/p>\n<p>La administraci\u00f3n estadounidense de Donald Trump est\u00e1 poniendo en riesgo la vida de cientos de presos pol\u00edticos en Venezuela al no priorizar su liberaci\u00f3n en sus planes de transici\u00f3n para el pa\u00eds, afirma la madre de dos hermanos que han sido encarcelados y torturados.<\/p>\n<p>Dos historiadores en Canad\u00e1 analizan si el ataque de EE. UU. a Venezuela del 3 de enero es un cobro de deuda pol\u00edtica o parte de su hist\u00f3rica estrategia de expansi\u00f3n econ\u00f3mica y geopol\u00edtica en Am\u00e9rica Latina<\/p>\n<p><img decoding=\"async\" alt=\"Una mujer con la bandera de Venezuela pintada en la cara sostiene dos banderas y sonr\u00ede ampliamente.\" loading=\"lazy\" src=\"https:\/\/www.europesays.com\/es\/wp-content\/uploads\/2026\/01\/venezuela-frappes-americaines-diaspora-venezuela-liesse-chili.jpg\" class=\"sc-1ato3rl-2 lcMRyS\"\/><\/p>\n<p class=\"sc-s14me8-2 gHacOd\">Venezolanos residentes en Chile celebran la captura del l\u00edder venezolano Nicol\u00e1s Maduro por parte de las fuerzas estadounidenses en Santiago, el 3 de enero de 2026.<\/p>\n<p class=\"sc-s14me8-1 jPNEHV\">Foto:\u00a0afp via getty images \/ JAVIER TORRES<\/p>\n<p>Venezuela \u00abroba el petr\u00f3leo que les corresponde a los estadounidenses\u00bb, seg\u00fan el presidente Donald Trump. Esa es, de hecho, la raz\u00f3n que dio para justificar la reciente operaci\u00f3n militar en el pa\u00eds. \u00bfEs as\u00ed?<\/p>\n<p>Tras el ataque estadounidense del 3 de enero y la captura de Nicol\u00e1s Maduro, Caracas vive entre miedo y vigilancia. Algunos prefieren callar, otros se oponen abiertamente. Sus historias muestran la espera forzada y el temor de expresar opiniones.<\/p>\n<p><img decoding=\"async\" alt=\"ES: Grupo con banderas de Venezuela y Cuba frente a edificio hist\u00f3rico. FR: Groupe avec drapeaux v\u00e9n\u00e9zu\u00e9liens et cubains devant un ch\u00e2teau. EN: Group with Venezuelan and Cuban flags in front of a castle.\" loading=\"lazy\" src=\"https:\/\/www.europesays.com\/es\/wp-content\/uploads\/2026\/01\/venezuela-diaspora-canada-ottawa-intervencion-militar-eeuu-maduro.jpg\" class=\"sc-1ato3rl-2 lcMRyS\"\/><\/p>\n<p class=\"sc-s14me8-2 gHacOd\">Participantes al \u00abRally en apoyo a Venezuela por la Libertad y vuelta a la Democracia\u00bb, un acto organizado por miembros de las comunidades venezolana y cubana en la capital canadiense, Ottawa. <\/p>\n<p class=\"sc-s14me8-1 jPNEHV\">Foto:\u00a0Cortes\u00eda<\/p>\n<p>De la felicidad inicial a la inquietud por los derechos humanos, la soberan\u00eda y la falta de garant\u00edas democr\u00e1ticas, los testimonios en Canad\u00e1 coinciden en expresar una incertidumbre tras la intervenci\u00f3n militar de EE. UU. en Venezuela.<\/p>\n<p>En la ma\u00f1ana del 3 de enero, Donald Trump se present\u00f3 ante un grupo de periodistas en Mar-a-Lago, su residencia en Florida, Estados Unidos, para justificar durante casi una hora, el ataque a Venezuela y la captura del presidente venezolano, Nicol\u00e1s Maduro.<\/p>\n<p><img decoding=\"async\" alt=\"Nicol\u00e1s Maduro escoltado por varios polic\u00edas fuertemente armados.\" loading=\"lazy\" src=\"https:\/\/www.europesays.com\/es\/wp-content\/uploads\/2026\/01\/maduro-proces-dea-police.JPG\" class=\"sc-1ato3rl-2 lcMRyS\"\/><\/p>\n<p class=\"sc-s14me8-2 gHacOd\">El presidente venezolano, capturado en Caracas el 3 de enero, fue llevado a Estados Unidos. Junto a su esposa Cilia Flores, Nicol\u00e1s Maduro compareci\u00f3 ante un tribunal federal en Nueva York bajo acusaciones de narcoterrorismo.<\/p>\n<p class=\"sc-s14me8-1 jPNEHV\">Foto:\u00a0Reuters \/ Eduardo Munoz<\/p>\n<p>\u00bfDeber\u00eda Canad\u00e1, que comparte la frontera terrestre m\u00e1s larga del mundo con Estados Unidos, gobernada por un presidente que viola las leyes internacionales, preocuparse por lo que podr\u00eda ocurrir?<\/p>\n<p><img decoding=\"async\" alt=\"Donald Trump parle devant un micro, Marco Rubio se tient derri\u00e8re.\" loading=\"lazy\" src=\"https:\/\/www.europesays.com\/es\/wp-content\/uploads\/2026\/01\/donald-trump-venezuela-marco-rubio.jpg\" class=\"sc-1ato3rl-2 lcMRyS\"\/><\/p>\n<p class=\"sc-s14me8-2 gHacOd\">El presidente estadounidense Donald Trump se dirige a la prensa tras la captura del presidente venezolano Nicol\u00e1s Maduro.\n<\/p>\n<p class=\"sc-s14me8-1 jPNEHV\">Foto:\u00a0Getty Images \/ AFP \/ JIM WATSON<\/p>\n<p>En una rueda de prensa en Mar-a-Lago el s\u00e1bado 3 de enero, el presidente estadounidense Donald Trump afirm\u00f3 que Estados Unidos dirigir\u00e1 Venezuela hasta que se establezca un gobierno de transici\u00f3n.<\/p>\n<p>Los l\u00edderes pol\u00edticos canadienses celebraron y condenaron a Estados Unidos por sus ataques nocturnos en la capital de Venezuela y la posterior captura del presidente venezolano Nicol\u00e1s Maduro.<\/p>\n<p><img decoding=\"async\" alt=\"Manifestaci\u00f3n en Caracas reclamando la liberaci\u00f3n de Nicol\u00e1s Maduro.\" loading=\"lazy\" src=\"https:\/\/www.europesays.com\/es\/wp-content\/uploads\/2026\/01\/caracas-venezuela-94671.JPG\" class=\"sc-1ato3rl-2 lcMRyS\"\/><\/p>\n<p class=\"sc-s14me8-2 gHacOd\">Manifestaci\u00f3n en Caracas reclamando la liberaci\u00f3n de Nicol\u00e1s Maduro, el 7 de enero de 2025, en Caracas.<\/p>\n<p class=\"sc-s14me8-1 jPNEHV\">Foto:\u00a0Reuters \/ Gaby Oraa<\/p>\n<p>El primer ministro Mark Carney declar\u00f3 que \u00abCanad\u00e1 defiende el derecho del pueblo venezolano a decidir y construir su propio futuro en una sociedad pac\u00edfica y democr\u00e1tica\u00bb, despu\u00e9s de que el presidente de Estados Unidos, Donald Trump, anunci\u00f3 que las fuerzas estadounidenses capturaron al presidente de Venezuela en la madrugada del s\u00e1bado 3 de enero.<\/p>\n<p><img decoding=\"async\" alt=\"De la fum\u00e9e s'\u00e9l\u00e8ve suite \u00e0 des explosions \u00e0 Caracas, au Venezuela, le 3 janvier 2026, comme le montre cette capture d'\u00e9cran extraite d'une vid\u00e9o obtenue par Reuters.\" loading=\"lazy\" src=\"https:\/\/www.europesays.com\/es\/wp-content\/uploads\/2026\/01\/caracas-venezuela-attaque-etats-unis-explosion-fumee-incendie.JPG\" class=\"sc-1ato3rl-2 lcMRyS\"\/><\/p>\n<p class=\"sc-s14me8-2 gHacOd\">Varias explosiones sacudieron la capital de Venezuela, Caracas, en la madrugada del 3 de enero de 2026, tras un ataque llevado a cabo por el ej\u00e9rcito estadounidense que condujo a la captura del presidente Nicol\u00e1s Maduro.<\/p>\n<p class=\"sc-s14me8-1 jPNEHV\">Foto:\u00a0Reuters<\/p>\n<p>Estados Unidos golpe\u00f3 sorpresivamente a Venezuela con un \u00abataque a gran escala\u00bb la madrugada de este s\u00e1bado 3 de enero y dijo que su presidente, Nicol\u00e1s Maduro, fue capturado y trasladado fuera del pa\u00eds despu\u00e9s de meses de presi\u00f3n intensificada por Washington, cuyo ej\u00e9rcito asesin\u00f3 a m\u00e1s de cien de personas en ataques a embarcaciones en aguas del Caribe.<\/p>\n<p>Expertos designados por el Consejo de Derechos Humanos de la ONU declararon que el bloqueo naval impuesto por EE.UU. contra Venezuela es ilegal.<\/p>\n<p>La presidenta mexicana, Claudia Sheinbaum, pidi\u00f3 el 17 de diciembre a las Naciones Unidas que act\u00fae para evitar un derramamiento de sangre en Venezuela.<\/p>\n<p><img decoding=\"async\" alt=\"Un passager marche le long d'une all\u00e9e \u00e0 l'a\u00e9roport international Sim\u00f3n Bol\u00edvar \u00e0 Maiquet\u00eda, dans l'\u00c9tat de La Guaira, au Venezuela, le 27 novembre 2025.\" loading=\"lazy\" src=\"https:\/\/www.europesays.com\/es\/wp-content\/uploads\/2026\/01\/venezuela-tension-caribe-estados-unidos.jpg\" class=\"sc-1ato3rl-2 lcMRyS\"\/><\/p>\n<p class=\"sc-s14me8-2 gHacOd\">Un pasajero camina por un pasillo del Aeropuerto Internacional Sim\u00f3n Bol\u00edvar en Maiquet\u00eda, estado La Guaira, Venezuela, el 27 de noviembre de 2025. La decisi\u00f3n de Venezuela de prohibir a las aerol\u00edneas extranjeras que dejaron de volar al pa\u00eds caribe\u00f1o por preocupaciones sobre la actividad militar de Estados Unidos fue calificada el jueves como \u00abdesproporcionada\u00bb, mientras miles de pasajeros se apresuraban a salvar sus planes de viaje.<\/p>\n<p class=\"sc-s14me8-1 jPNEHV\">Foto:\u00a0Getty Images \/ AFP \/ Federico Parra<\/p>\n<p>Entre la esperanza y el temor, la di\u00e1spora venezolana en Canad\u00e1 observa desde la distancia la situaci\u00f3n de su pa\u00eds de origen. \u00bfEs la intervenci\u00f3n militar de Estados Unidos la v\u00eda para un cambio de gobierno en Venezuela o es la antesala de una cat\u00e1strofe? Expertos y encuestas reflejan la polarizaci\u00f3n y la incertidumbre ante un posible conflicto.<\/p>\n","protected":false},"excerpt":{"rendered":"Mientras expertos de la ONU condenaban la acci\u00f3n militar a gran escala llevada a cabo por los Estados&hellip;\n","protected":false},"author":2,"featured_media":341452,"comment_status":"","ping_status":"","sticky":false,"template":"","format":"standard","meta":{"footnotes":""},"categories":[42],"tags":[17,18,13,14,11,61,62,63,64,19,20,9,10,15,16,12,21,22,65,66,67],"class_list":{"0":"post-341451","1":"post","2":"type-post","3":"status-publish","4":"format-standard","5":"has-post-thumbnail","7":"category-internacional","8":"tag-breaking-news","9":"tag-breakingnews","10":"tag-featured-news","11":"tag-featurednews","12":"tag-headlines","13":"tag-internacional","14":"tag-international","15":"tag-international-news","16":"tag-internationalnews","17":"tag-latest-news","18":"tag-latestnews","19":"tag-news","20":"tag-noticias","21":"tag-noticias-destacadas","22":"tag-noticiasdestacadas","23":"tag-titulares","24":"tag-ultimas-noticias","25":"tag-ultimasnoticias","26":"tag-world","27":"tag-world-news","28":"tag-worldnews"},"share_on_mastodon":{"url":"https:\/\/pubeurope.com\/@es\/115897042623555499","error":""},"_links":{"self":[{"href":"https:\/\/www.europesays.com\/es\/wp-json\/wp\/v2\/posts\/341451","targetHints":{"allow":["GET"]}}],"collection":[{"href":"https:\/\/www.europesays.com\/es\/wp-json\/wp\/v2\/posts"}],"about":[{"href":"https:\/\/www.europesays.com\/es\/wp-json\/wp\/v2\/types\/post"}],"author":[{"embeddable":true,"href":"https:\/\/www.europesays.com\/es\/wp-json\/wp\/v2\/users\/2"}],"replies":[{"embeddable":true,"href":"https:\/\/www.europesays.com\/es\/wp-json\/wp\/v2\/comments?post=341451"}],"version-history":[{"count":0,"href":"https:\/\/www.europesays.com\/es\/wp-json\/wp\/v2\/posts\/341451\/revisions"}],"wp:featuredmedia":[{"embeddable":true,"href":"https:\/\/www.europesays.com\/es\/wp-json\/wp\/v2\/media\/341452"}],"wp:attachment":[{"href":"https:\/\/www.europesays.com\/es\/wp-json\/wp\/v2\/media?parent=341451"}],"wp:term":[{"taxonomy":"category","embeddable":true,"href":"https:\/\/www.europesays.com\/es\/wp-json\/wp\/v2\/categories?post=341451"},{"taxonomy":"post_tag","embeddable":true,"href":"https:\/\/www.europesays.com\/es\/wp-json\/wp\/v2\/tags?post=341451"}],"curies":[{"name":"wp","href":"https:\/\/api.w.org\/{rel}","templated":true}]}}