{"id":341453,"date":"2026-01-15T03:41:13","date_gmt":"2026-01-15T03:41:13","guid":{"rendered":"https:\/\/www.europesays.com\/es\/341453\/"},"modified":"2026-01-15T03:41:13","modified_gmt":"2026-01-15T03:41:13","slug":"sacyl-destinara-mas-de-100-000-euros-a-indemnizaciones-tras-las-muertes-en-el-hubu","status":"publish","type":"post","link":"https:\/\/www.europesays.com\/es\/341453\/","title":{"rendered":"Sacyl destinar\u00e1 m\u00e1s de 100.000 euros a indemnizaciones tras las muertes en el HUBU"},"content":{"rendered":"<p>El gerente del HUBU, Carlos Cart\u00f3n, reiter\u00f3 ayer que el error en la proporci\u00f3n en la que se rebaj\u00f3 el t\u00f3xico de la quimioterapia que se administr\u00f3 a cinco personas, dos de las cuales han fallecido por el exceso de toxicidad, es \u00abhumano\u00bb pero lo asume como propio.<\/p>\n<p>As\u00ed, explic\u00f3 que la Gerencia Regional de Salud (Sacyl) iniciar\u00e1 el procedimiento de \u00abresponsabilidad patrimonial\u00bb para indemnizar a los afectados y a sus familias, con unas cantidades todav\u00eda por determinar. En el caso de las dos personas fallecidas, se estima que la indemnizaci\u00f3n podr\u00eda rondar los 50.000 euros en cada caso, pero esta cantidad podr\u00eda variar, al alza o a la baja, en los otros tres pacientes, en funci\u00f3n de las lesiones con las que tengan que convivir de ahora en adelante y que se puedan atribuir directamente al exceso de toxicidad recibido en su tratamiento.<\/p>\n<p>En cualquier lugar, Sacyl tendr\u00e1 que destinar un m\u00ednimo de 100.000 euros a las indemnizaciones; una cantidad a la que hay que a\u00f1adir la que luego determinen las compa\u00f1\u00edas aseguradoras.<\/p>\n<p>\u00abEs una situaci\u00f3n in\u00e9dita en este hospital y en los que conocemos de nuestro medio\u00bb, dijo Cart\u00f3n, quien tuvo que afrontar este asunto en su primer d\u00eda como gerente del hospital.<\/p>\n","protected":false},"excerpt":{"rendered":"El gerente del HUBU, Carlos Cart\u00f3n, reiter\u00f3 ayer que el error en la proporci\u00f3n en la que se&hellip;\n","protected":false},"author":2,"featured_media":341454,"comment_status":"","ping_status":"","sticky":false,"template":"","format":"standard","meta":{"footnotes":""},"categories":[8],"tags":[18742,17,18,623,1066,77741,25,24,13,14,11,5694,69759,19,20,9,10,15,16,45150,166,23,12,21,22],"class_list":{"0":"post-341453","1":"post","2":"type-post","3":"status-publish","4":"format-standard","5":"has-post-thumbnail","7":"category-espana","8":"tag-aseguradoras","9":"tag-breaking-news","10":"tag-breakingnews","11":"tag-burgos","12":"tag-cancer","13":"tag-carlos-carton","14":"tag-es","15":"tag-espana","16":"tag-featured-news","17":"tag-featurednews","18":"tag-headlines","19":"tag-hubu","20":"tag-indemnizaciones","21":"tag-latest-news","22":"tag-latestnews","23":"tag-news","24":"tag-noticias","25":"tag-noticias-destacadas","26":"tag-noticiasdestacadas","27":"tag-sacyl","28":"tag-salud","29":"tag-spain","30":"tag-titulares","31":"tag-ultimas-noticias","32":"tag-ultimasnoticias"},"share_on_mastodon":{"url":"https:\/\/pubeurope.com\/@es\/115897046403446890","error":""},"_links":{"self":[{"href":"https:\/\/www.europesays.com\/es\/wp-json\/wp\/v2\/posts\/341453","targetHints":{"allow":["GET"]}}],"collection":[{"href":"https:\/\/www.europesays.com\/es\/wp-json\/wp\/v2\/posts"}],"about":[{"href":"https:\/\/www.europesays.com\/es\/wp-json\/wp\/v2\/types\/post"}],"author":[{"embeddable":true,"href":"https:\/\/www.europesays.com\/es\/wp-json\/wp\/v2\/users\/2"}],"replies":[{"embeddable":true,"href":"https:\/\/www.europesays.com\/es\/wp-json\/wp\/v2\/comments?post=341453"}],"version-history":[{"count":0,"href":"https:\/\/www.europesays.com\/es\/wp-json\/wp\/v2\/posts\/341453\/revisions"}],"wp:featuredmedia":[{"embeddable":true,"href":"https:\/\/www.europesays.com\/es\/wp-json\/wp\/v2\/media\/341454"}],"wp:attachment":[{"href":"https:\/\/www.europesays.com\/es\/wp-json\/wp\/v2\/media?parent=341453"}],"wp:term":[{"taxonomy":"category","embeddable":true,"href":"https:\/\/www.europesays.com\/es\/wp-json\/wp\/v2\/categories?post=341453"},{"taxonomy":"post_tag","embeddable":true,"href":"https:\/\/www.europesays.com\/es\/wp-json\/wp\/v2\/tags?post=341453"}],"curies":[{"name":"wp","href":"https:\/\/api.w.org\/{rel}","templated":true}]}}