{"id":341455,"date":"2026-01-15T03:42:13","date_gmt":"2026-01-15T03:42:13","guid":{"rendered":"https:\/\/www.europesays.com\/es\/341455\/"},"modified":"2026-01-15T03:42:13","modified_gmt":"2026-01-15T03:42:13","slug":"gallagher-se-marcha-a-la-premier-league","status":"publish","type":"post","link":"https:\/\/www.europesays.com\/es\/341455\/","title":{"rendered":"Gallagher se marcha a la Premier League"},"content":{"rendered":"<p data-gtm-element-container=\"modulo-texto-link\" class=\"paragraph\">Ya es una realidad, <strong>Conor Gallagher<\/strong> es nuevo jugador del <strong>Tottenham<\/strong>. Un traspaso que ha anunciado el <strong>Atl\u00e9tico de Madrid<\/strong> oficialmente este mi\u00e9rcoles 14 de enero a las 17 horas.\u00a0<\/p>\n<p data-gtm-element-container=\"modulo-texto-link\" class=\"paragraph\">Un comunicado en el que destacan que \u00abde esta manera, el centrocampista ingl\u00e9s vuelve a su pa\u00eds para comenzar un nuevo desaf\u00edo tras haber defendido nuestros colores durante una temporada y media. <strong>Gallagher <\/strong>lleg\u00f3 a nuestro club en verano de 2024 procedente del <strong>Chelsea <\/strong>y, desde entonces, ha disputado 77 partidos con la rojiblanca, marcando siete goles y repartiendo siete asistencias\u00bb.<\/p>\n<p>    Lee tambi\u00e9n<\/p>\n<p data-gtm-element-container=\"modulo-texto-link\" class=\"paragraph\">Una comunicaci\u00f3n que han cerrado con el siguiente mensaje: \u00abDesde el <strong>Atl\u00e9tico de Madrid<\/strong> le agradecemos su entrega durante su paso por nuestro club y le deseamos mucha suerte en sus futuros proyectos personales y profesionales\u00bb.<\/p>\n<p data-gtm-element-container=\"modulo-texto-link\" class=\"paragraph\">Un traspaso al <strong>Tottenham<\/strong> que superar\u00eda los 40 millones de euros, y que, por tanto, supondr\u00eda casi la misma inversi\u00f3n que hicieron los colchoneros hace a\u00f1o y medio por internacional brit\u00e1nico.\u00a0<\/p>\n<p>        Lee tambi\u00e9n<\/p>\n<p>    Walter Zimmermann<\/p>\n<p>             <img loading=\"lazy\" decoding=\"async\" data-full-src=\"https:\/\/www.mundodeportivo.com\/uploads\/2025\/11\/29\/692ababa20cdc.jpeg\" alt=\"Horizontal\" width=\"334\" height=\"164\" src=\"https:\/\/www.europesays.com\/es\/wp-content\/uploads\/2026\/01\/692ababa20cdc.r_d.1904-1129.jpeg\" class=\"lazy\"\/><\/p>\n<blockquote class=\"twitter-tweet\" data-lang=\"es\"><p>\n<a href=\"https:\/\/twitter.com\/Atleti\/status\/2011468671814652028\" rel=\"nofollow noopener\" target=\"_blank\">\n<\/p><\/blockquote>\n<p data-gtm-element-container=\"modulo-texto-link\" class=\"paragraph\">Una salida que deja muy mermada la plantilla en el centro del campo, y que pr\u00e1cticamente obliga a <strong>Mateu Alemany<\/strong> a mover ficha para reforzar el equipo en este mercado de invierno. Desde la secretar\u00eda t\u00e9cnica ya se est\u00e1 moviendo ficha al respecto.\u00a0\u00a0<\/p>\n<p><script async src=\"https:\/\/platform.twitter.com\/widgets.js\" charset=\"utf-8\"><\/script><\/p>\n","protected":false},"excerpt":{"rendered":"Ya es una realidad, Conor Gallagher es nuevo jugador del Tottenham. Un traspaso que ha anunciado el Atl\u00e9tico&hellip;\n","protected":false},"author":2,"featured_media":341456,"comment_status":"","ping_status":"","sticky":false,"template":"","format":"standard","meta":{"footnotes":""},"categories":[5],"tags":[17,18,25,24,13,14,11,19,20,9,10,15,16,23,12,21,22],"class_list":{"0":"post-341455","1":"post","2":"type-post","3":"status-publish","4":"format-standard","5":"has-post-thumbnail","7":"category-titulares","8":"tag-breaking-news","9":"tag-breakingnews","10":"tag-es","11":"tag-espana","12":"tag-featured-news","13":"tag-featurednews","14":"tag-headlines","15":"tag-latest-news","16":"tag-latestnews","17":"tag-news","18":"tag-noticias","19":"tag-noticias-destacadas","20":"tag-noticiasdestacadas","21":"tag-spain","22":"tag-titulares","23":"tag-ultimas-noticias","24":"tag-ultimasnoticias"},"share_on_mastodon":{"url":"https:\/\/pubeurope.com\/@es\/115897050236555693","error":""},"_links":{"self":[{"href":"https:\/\/www.europesays.com\/es\/wp-json\/wp\/v2\/posts\/341455","targetHints":{"allow":["GET"]}}],"collection":[{"href":"https:\/\/www.europesays.com\/es\/wp-json\/wp\/v2\/posts"}],"about":[{"href":"https:\/\/www.europesays.com\/es\/wp-json\/wp\/v2\/types\/post"}],"author":[{"embeddable":true,"href":"https:\/\/www.europesays.com\/es\/wp-json\/wp\/v2\/users\/2"}],"replies":[{"embeddable":true,"href":"https:\/\/www.europesays.com\/es\/wp-json\/wp\/v2\/comments?post=341455"}],"version-history":[{"count":0,"href":"https:\/\/www.europesays.com\/es\/wp-json\/wp\/v2\/posts\/341455\/revisions"}],"wp:featuredmedia":[{"embeddable":true,"href":"https:\/\/www.europesays.com\/es\/wp-json\/wp\/v2\/media\/341456"}],"wp:attachment":[{"href":"https:\/\/www.europesays.com\/es\/wp-json\/wp\/v2\/media?parent=341455"}],"wp:term":[{"taxonomy":"category","embeddable":true,"href":"https:\/\/www.europesays.com\/es\/wp-json\/wp\/v2\/categories?post=341455"},{"taxonomy":"post_tag","embeddable":true,"href":"https:\/\/www.europesays.com\/es\/wp-json\/wp\/v2\/tags?post=341455"}],"curies":[{"name":"wp","href":"https:\/\/api.w.org\/{rel}","templated":true}]}}