{"id":341461,"date":"2026-01-15T03:52:12","date_gmt":"2026-01-15T03:52:12","guid":{"rendered":"https:\/\/www.europesays.com\/es\/341461\/"},"modified":"2026-01-15T03:52:12","modified_gmt":"2026-01-15T03:52:12","slug":"30-de-la-manana-lee-la-prensa-mientras-desayuna-un-cafe-de-starbucks-y-luego-entrena-tenis","status":"publish","type":"post","link":"https:\/\/www.europesays.com\/es\/341461\/","title":{"rendered":"30 de la ma\u00f1ana, lee la prensa mientras desayuna un caf\u00e9 de Starbucks y luego entrena tenis"},"content":{"rendered":"<p>En junio de 2025 la prensa de moda se paralizaba. La archiconocida directora de Vogue USA, <strong>Anna Wintour (76 a\u00f1os)<\/strong>, dejaba los mandos de la edici\u00f3n americana despu\u00e9s de m\u00e1s de 35 a\u00f1os al mando. Todas nos pregunt\u00e1bamos lo mismo, \u00bfpor qu\u00e9? <strong>\u00bfQu\u00e9 va a hacer ahora? <\/strong>\u00bfQui\u00e9n ser\u00e1 su sustituta? La \u00faltima, no tardamos en conocerla, ser\u00eda la periodista Chloe Malle, la responsable de ponerse al frente del tim\u00f3n. Sin embargo, lo que <strong>no quedaba muy claro<\/strong> \u2014incluso dentro de la industria\u2014 es que ser\u00eda, entonces, de la vida de Wintour.<\/p>\n<p>Meses m\u00e1s tarde, tenemos respuesta. Actualmente, Anna sigue siendo <strong>un peso pesado<\/strong> en la arquitectura de Vogue, ocupando un puesto como editora global de Vogue y jefa de contenidos del grupo editorial Cond\u00e9 Nast \u2014un ascenso profesional, para quien se lo pregunte\u2014.<\/p>\n<p>Pero lo que, verdaderamente, ha trascendido de ella, en este \u00faltimo tiempo, es<strong> la exigente rutina<\/strong> que ha seguido todos estos a\u00f1os (y sigue desarrollando)<strong> para llegar a la \u00e9lite<\/strong> de la moda: despertador <a href=\"https:\/\/www.lecturas.com\/estilo-de-vida\/robin-sharma-levantarse-a-5-manana-y-hacer-ejercicio-menos-5-veces-a-semana-permite-superar-sindrome-necesidad-recompensa_185277\" rel=\"nofollow noopener\" target=\"_blank\">a las 5 de la ma\u00f1ana<\/a>, caf\u00e9 en Starbucks, tenis\u2026 Ahondamos en el d\u00eda a d\u00eda de la editora m\u00e1s famosa del planeta.<\/p>\n<p><img loading=\"lazy\" decoding=\"async\"   src=\"https:\/\/www.europesays.com\/es\/wp-content\/uploads\/2026\/01\/anna-wintour_e214d48d_260113122854_1200x1641.webp.webp\" alt=\"Anna Wintour \" class=\"lazyload\" width=\"1200\" height=\"1641\" data-aspectratio=\"1200\/1641\"\/><\/p>\n<p>Como otros muchos nombres exitosos, Anna Wintour se levanta antes de amanecer, a las 5 de la ma\u00f1ana aproximadamente.\u00a0<\/p>\n<p>&#13;Gtresonline<br \/>\nEmpezar el d\u00eda a las 5 de la ma\u00f1ana como norma<\/p>\n<p>Todas hemos dicho alguna vez aquello de \u201cA quien madruga, Dios la ayuda\u201d, pero en el caso de Wintour no puede ser m\u00e1s cierto. Como compart\u00eda en una docencia para Masterclass.com a\u00f1os atr\u00e1s,<strong> la clave del \u00e9xito <\/strong>de la periodista inglesa est\u00e1 en <strong>su despertador<\/strong>, levant\u00e1ndose d\u00eda s\u00ed y d\u00eda tambi\u00e9n a las 5:30 de la ma\u00f1ana. Y es que, como otras muchas celebridades, la editora considera que, al levantarse a esa hora, consigue cumplir con todas sus responsabilidades de la ma\u00f1ana.\u00a0<\/p>\n<p>Como tambi\u00e9n compart\u00eda el doctor Arthur Brooks, de la \u00a0Universidad de Harvard, \u201cpor las ma\u00f1anas\u00a0<a href=\"https:\/\/www.lecturas.com\/estilo-de-vida\/arthur-brooks-profesor-universidad-harvard-por-mananas-tenemos-mas-claridad-disciplina-quietud-porque-nuestro-cortisol-apunta-su-punto-maximo-temprano_181590\" rel=\"nofollow noopener\" target=\"_blank\">tenemos m\u00e1s claridad, disciplina y quietud<\/a>, porque nuestro cortisol (la hormona que moviliza la energ\u00eda) alcanza su punto m\u00e1ximo\u201d. Es decir, cuando m\u00e1s pronto nos levantamos, m\u00e1s <strong>aprovechamos la ma\u00f1ana<\/strong> porque estamos en ese pico de alta actividad.<\/p>\n<p><img loading=\"lazy\" decoding=\"async\"   src=\"https:\/\/www.europesays.com\/es\/wp-content\/uploads\/2026\/01\/anna-wintour_e16d1038_260113122944_1200x1799.webp.webp\" alt=\"Anna Wintour\" class=\"lazyload\" width=\"1200\" height=\"1799\" data-aspectratio=\"1200\/1799\"\/><\/p>\n<p>Reuniones, tenis, un desayuno para ganar energ\u00eda&#8230; La rutina de Anna Wintour a los 76 a\u00f1os nada tiene que envidiar a la de una mujer de 40 o 50 a\u00f1os.\u00a0<\/p>\n<p>&#13;Gtresonline<br \/>\nUn innegociable: su partido de tenis<\/p>\n<p>\u201cTengo una estructura bastante consistente para mi d\u00eda a d\u00eda y creo que<strong> funciona muy bien<\/strong> para m\u00ed\u201d, compart\u00eda la editora en la citada formaci\u00f3n. \u00bfC\u00f3mo empieza? Nada m\u00e1s y nada menos con <strong>una disciplina deportiva<\/strong> de la que Anna es apasionada:<strong> el tenis.\u00a0<\/strong><\/p>\n<p>Como experta en lifestyle, adem\u00e1s de estar informada de las \u00faltimas tendencias, la brit\u00e1nica sabe lo importante que es<strong> mantenerse en forma\u00a0<\/strong>f\u00edsicamente (para estarlo mentalmente) y un innegociable en su rutina, incluso a los 70 a\u00f1os, es su partido de tenis a primera hora de la ma\u00f1ana, \u201cdespu\u00e9s de leer el peri\u00f3dico\u201d, explicaba.<\/p>\n<p>Seg\u00fan recoge la prensa internacional, Anna suele empezar su d\u00eda en el \u2018Midtown Tennis Club\u2019, situado en el distrito de Manhattan, para practicar <strong>un entreno de una hora<\/strong>, de 5:45 a 6:45 aproximadamente, seg\u00fan \u2018The Telegraph\u2019. Completado, llega el momento de su caf\u00e9 y su puesta a punto para Vogue.\u00a0<\/p>\n<p><img loading=\"lazy\" decoding=\"async\"   src=\"https:\/\/www.europesays.com\/es\/wp-content\/uploads\/2026\/01\/anna-wintour_8236d249_260113123336_1200x1800.webp.webp\" alt=\"Anna Wintour\" class=\"lazyload\" width=\"1200\" height=\"1800\" data-aspectratio=\"1200\/1800\"\/><\/p>\n<p>Apasionada del tenis, Anna Wintour no solo lo ve, tambi\u00e9n lo pr\u00e1ctica. Desde hace d\u00e9cadas, la editora entre una hora, todas las ma\u00f1anas.\u00a0<\/p>\n<p>&#13;Gtresonline<br \/>\nLeer la prensa y un buen caf\u00e9 para empezar el d\u00eda<\/p>\n<p>Eso s\u00ed, antes de este entrenamiento, Anna \u201cse despierta\u201d con su pasi\u00f3n, la prensa. Y es que, como tambi\u00e9n compart\u00eda en su docencia, <strong>lo primero que hace<\/strong> nada m\u00e1s suena su alarma es <strong>leer los principales peri\u00f3dicos<\/strong> brit\u00e1nicos \u2014su pa\u00eds de procedencia\u2014 y estadounidenses online para, en palabras de Wintour, saber exactamente lo que est\u00e1 sucediendo en el mundo.<\/p>\n<p>Con esta pr\u00e1ctica Anna<strong> despierta sus sentidos<\/strong> y ya est\u00e1 lista para su, ya mencionado, partido de tenis matutino. \u00bfY despu\u00e9s? Otro insustituible en el d\u00eda de Wintour: <a href=\"https:\/\/www.lecturas.com\/estilo-de-vida\/jane-seymour-74-anos-sobre-su-dieta-empiezo-dia-cafe-huevos-duros-para-obtener-proteinas-no-es-hasta-hora-almuerzo-cuando-tengo-comida-completa_176853\" rel=\"nofollow noopener\" target=\"_blank\">un buen caf\u00e9<\/a> para empezar con energ\u00eda su d\u00eda.<\/p>\n<p>Seg\u00fan desvelaba la biograf\u00eda \u2018Anna\u2019, editada por el peri\u00f3dico The New York Times, la editora es <strong>una apasionada de Starbucks <\/strong>y suele arrancar sus ma\u00f1anas con <strong>un caf\u00e9 latte<\/strong>, de tama\u00f1o grande y acompa\u00f1ado \u2014siempre que le es posible\u2014 de un <a href=\"https:\/\/www.lecturas.com\/recetas\/ni-harina-ni-azucar-muffins-mas-saludables-faciles-hacer-avena-arandanos-platano-meriendas-triunfan_17877.html\" rel=\"nofollow noopener\" target=\"_blank\">muffin de ar\u00e1ndanos<\/a>.\u00a0<\/p>\n<p>Durante este desayuno, Anna disfruta de un momento \u201cpara ella\u201d, de pausa consigo, para ahora s\u00ed <strong>trasladarse hasta las oficinas<\/strong> centrales de Vogue USA y arrancar su fren\u00e9tica ma\u00f1ana de reuniones, mails, planificaciones y otros muchos roles profesionales que, a sus 76 a\u00f1os, Anna Wintour supera como una poderosa \u2018bussines women\u2019.\u00a0<\/p>\n<p><img loading=\"lazy\" decoding=\"async\"   src=\"https:\/\/www.europesays.com\/es\/wp-content\/uploads\/2026\/01\/anna-wintour_1a8d0d45_260113123416_1200x1800.webp.webp\" alt=\"Anna Wintour\" class=\"lazyload\" width=\"1200\" height=\"1800\" data-aspectratio=\"1200\/1800\"\/><\/p>\n<p>Un buen caf\u00e9 y la prensa brit\u00e1nica son dos de los pilares del d\u00eda a d\u00eda de Anna Wintour.\u00a0<\/p>\n<p>&#13;Gtresonline<br \/>\nTarde en casa con su \u2018caja m\u00e1gica\u2019<\/p>\n<p>Superada la ma\u00f1ana, otra norma que sigue Anna (desde hace d\u00e9cadas) es la de <strong>cerrar a la 5 de la tarde<\/strong>. Eso s\u00ed, no del todo. Como detalla en Masterclass.com, siempre se ha llevado trabajo a casa, en forma de una peque\u00f1a bolsa que ella misma tild\u00f3 como \u201c<strong>caja m\u00e1gica<\/strong> de trucos\u201d.<\/p>\n<p>Un batiburrillo de tareas pendientes \u2014como curriculums, presentaciones, art\u00edculos u otros asuntos a resolver\u2014 que Wintour continuaba durante la noche, cuando en casa estaba todo en orden. \u201cPara m\u00ed es muy importante <strong>terminar todo por la noche<\/strong> para poder estar al tanto del trabajo y que nadie espere mis comentarios\u201d, explicaba la editora en el portal de formaci\u00f3n.\u00a0<\/p>\n<p><img decoding=\"async\" src=\"https:\/\/www.europesays.com\/es\/wp-content\/uploads\/2026\/01\/miranda-rijnsburger-y-julio-iglesias_2e9e5736_260114123032_800x800.webp.webp\" alt=\"Miranda Rijnsburger y Julio Iglesias\" class=\"image lazyload\"\/><img loading=\"lazy\" decoding=\"async\" src=\"https:\/\/www.europesays.com\/es\/wp-content\/uploads\/2026\/01\/miranda-rijnsburger-y-julio-iglesias_2e9e5736_260114123037_1280x720.webp.webp\" alt=\"Luis Pliego, director de la revista Lecturas, sobre Julio Iglesias: &quot;Del testimonio de estas mujeres se desprende que Miranda y Julio est\u00e1n separados&quot;\" class=\"image lazyload\" width=\"1280\" height=\"720\" data-aspectratio=\"1280\/720\"\/><\/p>\n<p>Desde hace a\u00f1os, en pocas palabras, el \u00e9xito de Anna Wintour ha estado definido por <strong>una agenda precisa.<\/strong> Con una rutina que empieza antes del amanecer, donde se exprime hasta el \u00faltimo minuto. Donde<strong> informaci\u00f3n, pero tambi\u00e9n bienestar <\/strong>son pilares para la editora y, al mismo tiempo, se permite el lujo de <strong>\u201cplaceres culpables\u201d <\/strong>como su insustituible caf\u00e9 latte cada ma\u00f1ana, antes de llegar a las oficinas de Cond\u00e9 Nast. \u00a0\u00a0<\/p>\n","protected":false},"excerpt":{"rendered":"En junio de 2025 la prensa de moda se paralizaba. La archiconocida directora de Vogue USA, Anna Wintour&hellip;\n","protected":false},"author":2,"featured_media":341462,"comment_status":"","ping_status":"","sticky":false,"template":"","format":"standard","meta":{"footnotes":""},"categories":[174],"tags":[255,146,147,25,24,256,23],"class_list":{"0":"post-341461","1":"post","2":"type-post","3":"status-publish","4":"format-standard","5":"has-post-thumbnail","7":"category-famosos","8":"tag-celebrities","9":"tag-entertainment","10":"tag-entretenimiento","11":"tag-es","12":"tag-espana","13":"tag-famosos","14":"tag-spain"},"share_on_mastodon":{"url":"https:\/\/pubeurope.com\/@es\/115897089668273988","error":""},"_links":{"self":[{"href":"https:\/\/www.europesays.com\/es\/wp-json\/wp\/v2\/posts\/341461","targetHints":{"allow":["GET"]}}],"collection":[{"href":"https:\/\/www.europesays.com\/es\/wp-json\/wp\/v2\/posts"}],"about":[{"href":"https:\/\/www.europesays.com\/es\/wp-json\/wp\/v2\/types\/post"}],"author":[{"embeddable":true,"href":"https:\/\/www.europesays.com\/es\/wp-json\/wp\/v2\/users\/2"}],"replies":[{"embeddable":true,"href":"https:\/\/www.europesays.com\/es\/wp-json\/wp\/v2\/comments?post=341461"}],"version-history":[{"count":0,"href":"https:\/\/www.europesays.com\/es\/wp-json\/wp\/v2\/posts\/341461\/revisions"}],"wp:featuredmedia":[{"embeddable":true,"href":"https:\/\/www.europesays.com\/es\/wp-json\/wp\/v2\/media\/341462"}],"wp:attachment":[{"href":"https:\/\/www.europesays.com\/es\/wp-json\/wp\/v2\/media?parent=341461"}],"wp:term":[{"taxonomy":"category","embeddable":true,"href":"https:\/\/www.europesays.com\/es\/wp-json\/wp\/v2\/categories?post=341461"},{"taxonomy":"post_tag","embeddable":true,"href":"https:\/\/www.europesays.com\/es\/wp-json\/wp\/v2\/tags?post=341461"}],"curies":[{"name":"wp","href":"https:\/\/api.w.org\/{rel}","templated":true}]}}