{"id":341467,"date":"2026-01-15T03:57:09","date_gmt":"2026-01-15T03:57:09","guid":{"rendered":"https:\/\/www.europesays.com\/es\/341467\/"},"modified":"2026-01-15T03:57:09","modified_gmt":"2026-01-15T03:57:09","slug":"quieres-hacerles-perder-el-tiempo","status":"publish","type":"post","link":"https:\/\/www.europesays.com\/es\/341467\/","title":{"rendered":"\u00bfQuieres hacerles perder el tiempo?"},"content":{"rendered":"<p><strong>Matt Damon<\/strong> no se ha olvidado de c\u00f3mo fue trabajar bajo las \u00f3rdenes de <a class=\"text-outboundlink\" href=\"https:\/\/www.espinof.com\/listas\/mejores-peliculas-clint-eastwood\" data-vars-post-title=\"Las 15 mejores pel\u00edculas de Clint Eastwood\" data-vars-post-url=\"https:\/\/www.espinof.com\/listas\/mejores-peliculas-clint-eastwood\" rel=\"nofollow noopener\" target=\"_blank\">Clint Eastwood<\/a>. Para \u00e9l fue una experiencia que le marc\u00f3 profundamente y tambi\u00e9n fue una primera colaboraci\u00f3n que dejar\u00eda huella en su carrera. El proyecto supon\u00eda para \u00e9l <strong>la oportunidad de ponerse a la altura de uno de sus referentes profesionales<\/strong>, y al mismo tiempo el reto de asumir un papel que exig\u00eda meses de preparaci\u00f3n t\u00e9cnica y vocal.\u00a0<\/p>\n<p>Sin embargo, en lugar del escenario ideal que hab\u00eda imaginado, Damon se encontr\u00f3 con un m\u00e9todo de trabajo radicalmente distinto al que estaba acostumbrado. Entre la presi\u00f3n del set y la admiraci\u00f3n por Eastwood,<strong> aquel primer encuentro termin\u00f3 convirti\u00e9ndose en una an\u00e9cdota<\/strong> que define perfectamente la forma de dirigir del veterano cineasta.<\/p>\n<p>Mejor no hacerle perder el tiempo<\/p>\n<p>La an\u00e9cdota sali\u00f3 a la luz cuando Damon visit\u00f3 el podcast &#8216;<a rel=\"noopener, noreferrer nofollow\" href=\"https:\/\/www.youtube.com\/watch?list=PLVL8S3lUHf0Te3TvS37LaF6dk4rhkc2gg&amp;v=UZ1kCEGjYX0\" target=\"_blank\">Conan O&#8217;Brien Needs a Friend<\/a>&#8216;, donde record\u00f3 su trabajo en &#8216;<a class=\"text-outboundlink\" href=\"https:\/\/www.espinof.com\/criticas\/clint-eastwood-invictus\" data-vars-post-title=\"Clint Eastwood: &#039;Invictus&#039;\" data-vars-post-url=\"https:\/\/www.espinof.com\/criticas\/clint-eastwood-invictus\" rel=\"nofollow noopener\" target=\"_blank\">Invictus<\/a>&#8216; (2009), un papel que le vali\u00f3 una nominaci\u00f3n al oscar. El actor explic\u00f3 el desaf\u00edo inicial del personaje: <strong>\u00abInterpretaba a un jugador de rugby sudafricano, y ese acento es realmente dif\u00edcil de imitar\u00bb<\/strong>, recordando que \u00abpas\u00f3 seis meses\u00bb entrenando para lograrlo. \u00ab[El entrenador] ven\u00eda de 9 a 5, de lunes a viernes. Era much\u00edsimo trabajo\u00bb, afirm\u00f3.<\/p>\n<p>    <a href=\"https:\/\/www.espinof.com\/directores-y-guionistas\/clint-eastwood-que-su-mejor-pelicula-fue-fracaso-estados-unidos-mucha-gente-acabo-decepcionada\" class=\"pivot-outboundlink\" data-vars-post-title=\"Clint Eastwood, sobre por qu\u00e9 su mejor pel\u00edcula fue un fracaso en Estados Unidos: &quot;Mucha gente acab\u00f3 decepcionada&quot;\" rel=\"nofollow noopener\" target=\"_blank\"><br \/>\n     <img loading=\"lazy\" decoding=\"async\" alt=\"Clint Eastwood, sobre por qu\u00e9 su mejor pel\u00edcula fue un fracaso en Estados Unidos: &quot;Mucha gente acab\u00f3 decepcionada&quot;\" width=\"375\" height=\"142\" src=\"https:\/\/www.europesays.com\/es\/wp-content\/uploads\/2026\/01\/1768449429_97_375_142.jpeg\"\/><br \/>\n    <\/a><\/p>\n<p>Con ese nivel de preparaci\u00f3n lleg\u00f3 al primer d\u00eda de rodaje, listo para impresionar a su \u00eddolo: \u00abLlegu\u00e9 [al set] y estaba listo, y era mi oportunidad de trabajar con uno de mis h\u00e9roes\u00bb. Pero tras la primera toma, Eastwood solt\u00f3 decidi\u00f3 seguir adelante y priorizar la eficiencia: \u00abLa primera toma la hice\u2026 Estoy pensando en varias maneras de hacer la escena y \u00e9l simplemente me dijo: Corten, impriman, sigamos adelante\u00bb.<\/p>\n<p>Damon intent\u00f3 pedir una segunda oportunidad, pero recibi\u00f3 una respuesta contundente: \u00abYo le dije: Espere, espere, espere, jefe. Quiero, quiero hacer otra. \u00a1Esa fue la primera!. Y \u00e9l dijo: <strong>\u00bfPor qu\u00e9? \u00bfQuieres hacerle perder el tiempo a todos? <\/strong>Y yo le dije: No, supongo que debemos seguir adelante\u00bb.<\/p>\n<p>                   <img class=\"centro_sinmarco\" height=\"800\" width=\"1422\" loading=\"lazy\" decoding=\"async\"  fetchpriority=\"high\"  src=\"https:\/\/www.europesays.com\/es\/wp-content\/uploads\/2026\/01\/1768449429_605_450_1000.jpeg\" alt=\"Morgan Freeman y Matt Damon en 'Invictus'\"\/><\/p>\n<p>A pesar del impacto inicial, Damon asegura que el rechazo no fue cruel: \u00abFue amable\u00bb, dijo, calificando a Eastwood como \u00abun tipo encantador\u00bb y se\u00f1alando la filosof\u00eda detr\u00e1s de su m\u00e9todo: <strong>\u00abToda su mentalidad era&#8230; tu equipo ir\u00e1 hasta el fin del mundo por ti, siempre y cuando no les exijas en cada toma\u00bb<\/strong>.<\/p>\n<p>Hoy, con 95 a\u00f1os, Eastwood mantiene intacta su reputaci\u00f3n de director pr\u00e1ctico, decisivo y al\u00e9rgico a perder tiempo. Y es algo que explica su trayectoria como un cineasta irrepetible.<\/p>\n<p>En Espinof | <a class=\"text-outboundlink\" href=\"https:\/\/www.espinof.com\/cine-clasico\/fue-elegida-mejor-frase-historia-cine-accion-mitica-conocida-como-legendario-actor-que-dice\" data-vars-post-title=\"Fue elegida la mejor frase de la historia del cine de acci\u00f3n. Es tan m\u00edtica y conocida como el legendario actor que la dice \" data-vars-post-url=\"https:\/\/www.espinof.com\/cine-clasico\/fue-elegida-mejor-frase-historia-cine-accion-mitica-conocida-como-legendario-actor-que-dice\" rel=\"nofollow noopener\" target=\"_blank\">Fue elegida la mejor frase de la historia del cine de acci\u00f3n. Es tan m\u00edtica y conocida como el legendario actor que la dice<\/a><\/p>\n<p>En Espinof | <a class=\"text-outboundlink\" href=\"https:\/\/www.espinof.com\/cine-clasico\/mejores-peliculas-aventuras-historia-clint-eastwood-cree-que-esta-obra-maestra-horrible\" data-vars-post-title=\"Esta obra maestra de Akira Kurosawa es una de las mejores pel\u00edculas de aventuras de la historia, pero Clint Eastwood la odia: &quot;Es horrible&quot;\" data-vars-post-url=\"https:\/\/www.espinof.com\/cine-clasico\/mejores-peliculas-aventuras-historia-clint-eastwood-cree-que-esta-obra-maestra-horrible\" rel=\"nofollow noopener\" target=\"_blank\">Esta obra maestra de Akira Kurosawa es una de las mejores pel\u00edculas de aventuras de la historia, pero Clint Eastwood la odia: \u00abEs horrible\u00bb<\/a><\/p>\n","protected":false},"excerpt":{"rendered":"Matt Damon no se ha olvidado de c\u00f3mo fue trabajar bajo las \u00f3rdenes de Clint Eastwood. Para \u00e9l&hellip;\n","protected":false},"author":2,"featured_media":341468,"comment_status":"","ping_status":"","sticky":false,"template":"","format":"standard","meta":{"footnotes":""},"categories":[169],"tags":[177,146,147,25,24,176,175,23],"class_list":{"0":"post-341467","1":"post","2":"type-post","3":"status-publish","4":"format-standard","5":"has-post-thumbnail","7":"category-cine","8":"tag-cine","9":"tag-entertainment","10":"tag-entretenimiento","11":"tag-es","12":"tag-espana","13":"tag-film","14":"tag-movies","15":"tag-spain"},"share_on_mastodon":{"url":"https:\/\/pubeurope.com\/@es\/115897109303128768","error":""},"_links":{"self":[{"href":"https:\/\/www.europesays.com\/es\/wp-json\/wp\/v2\/posts\/341467","targetHints":{"allow":["GET"]}}],"collection":[{"href":"https:\/\/www.europesays.com\/es\/wp-json\/wp\/v2\/posts"}],"about":[{"href":"https:\/\/www.europesays.com\/es\/wp-json\/wp\/v2\/types\/post"}],"author":[{"embeddable":true,"href":"https:\/\/www.europesays.com\/es\/wp-json\/wp\/v2\/users\/2"}],"replies":[{"embeddable":true,"href":"https:\/\/www.europesays.com\/es\/wp-json\/wp\/v2\/comments?post=341467"}],"version-history":[{"count":0,"href":"https:\/\/www.europesays.com\/es\/wp-json\/wp\/v2\/posts\/341467\/revisions"}],"wp:featuredmedia":[{"embeddable":true,"href":"https:\/\/www.europesays.com\/es\/wp-json\/wp\/v2\/media\/341468"}],"wp:attachment":[{"href":"https:\/\/www.europesays.com\/es\/wp-json\/wp\/v2\/media?parent=341467"}],"wp:term":[{"taxonomy":"category","embeddable":true,"href":"https:\/\/www.europesays.com\/es\/wp-json\/wp\/v2\/categories?post=341467"},{"taxonomy":"post_tag","embeddable":true,"href":"https:\/\/www.europesays.com\/es\/wp-json\/wp\/v2\/tags?post=341467"}],"curies":[{"name":"wp","href":"https:\/\/api.w.org\/{rel}","templated":true}]}}