{"id":341481,"date":"2026-01-15T04:04:26","date_gmt":"2026-01-15T04:04:26","guid":{"rendered":"https:\/\/www.europesays.com\/es\/341481\/"},"modified":"2026-01-15T04:04:26","modified_gmt":"2026-01-15T04:04:26","slug":"el-31-o-foro-barcelona-de-seguridad-vial-analiza-el-papel-de-la-comunicacion-en-la-seguridad-vial-guardia-urbana-de-barcelona","status":"publish","type":"post","link":"https:\/\/www.europesays.com\/es\/341481\/","title":{"rendered":"El 31.\u00ba Foro Barcelona de Seguridad Vial analiza el papel de la comunicaci\u00f3n en la seguridad vial | Guardia Urbana de Barcelona"},"content":{"rendered":"<p><strong>Seguridad y prevenci\u00f3n.<\/strong> La jornada ha tenido lugar hoy con cerca de 150 asistentes.<\/p>\n<p><strong>La 31.\u00aa edici\u00f3n del Foro Barcelona de Seguridad Vial ha tenido lugar esta ma\u00f1ana en el Colegio de Ingenieros de Caminos, Canales y Puertos, con el t\u00edtulo \u201cComunicar para proteger: el papel del mensaje en la seguridad vial\u201d.<\/strong><\/p>\n<p>La sesi\u00f3n ha sido inaugurada por el teniente de alcald\u00eda de Seguridad, Prevenci\u00f3n, Convivencia y R\u00e9gimen Interior, Albert Batlle, y clausurada por Laia Bonet, teniente de alcald\u00eda de Urbanismo, Acci\u00f3n Clim\u00e1tica, Movilidad, Plan de Barrios y Servicios Urbanos. Tambi\u00e9n han participado Josep Mateu, presidente del RACC, Ramon Lamiel, director del Servicio Catal\u00e1n de Tr\u00e1fico (SCT), y Vicente S\u00e1nchez, presidente de Prevenci\u00f3n de Accidentes de Tr\u00e1fico, P(A)T.<\/p>\n<p>La jornada ha empezado con la ponencia inaugural del profesor y experto en comunicaci\u00f3n Ferran Lalueza, que ha puesto en valor el di\u00e1logo como herramienta de seguridad vial a la hora de concienciar, educar y acompa\u00f1ar en este reto \u00e9tico y social.<\/p>\n<p>La primera mesa redonda ha reflexionado sobre c\u00f3mo puede construirse conciencia vial, as\u00ed como sobre la influencia que tienen las campa\u00f1as de publicidad y la difusi\u00f3n que se hace en los medios de comunicaci\u00f3n sobre la conciencia de las personas con el objetivo de conseguir una movilidad m\u00e1s segura.<\/p>\n<p>La segunda mesa redonda ha analizado el papel de la comunicaci\u00f3n a la hora de modelar conductas y generar responsabilidad, desde los ni\u00f1os y ni\u00f1as hasta las personas mayores, haciendo de la prevenci\u00f3n un valor compartido tanto por las instituciones como por las empresas y la ciudadan\u00eda.<\/p>\n<p>En el caso de la <strong>Guardia Urbana<\/strong> <strong>de Barcelona<\/strong>, el cuerpo dispone del programa <strong>\u201cGuardia Urbana en las escuelas\u201d<\/strong>, dirigido a todas las etapas educativas, desde infantil hasta bachillerato, con actividades te\u00f3rico-pr\u00e1cticas impartidas por agentes monitores en los centros educativos de los diez distritos de la ciudad. El objetivo es fomentar h\u00e1bitos correctos como peatones, ciclistas y usuarios del transporte p\u00fablico y concienciar sobre las consecuencias de los siniestros.<\/p>\n<p>La Guardia Urbana tambi\u00e9n imparte talleres en los casales de personas mayores para prevenir accidentes entre este colectivo, as\u00ed como formaciones en las empresas dirigidas a los trabajadores que se desplazan en moto y con consejos para mejorar la conducci\u00f3n responsable.<\/p>\n<p>Finalmente, la tercera mesa redonda ha puesto el acento en la importancia de la comunicaci\u00f3n postsiniestral: tanto en la coordinaci\u00f3n de los diferentes cuerpos de seguridad y emergencias que intervienen como en el mensaje que se traslada a v\u00edctimas y familiares.<\/p>\n<p>El <strong>Foro Barcelona de Seguridad Vial<\/strong> lo organizan anualmente el Ayuntamiento de Barcelona, el Servicio Catal\u00e1n de Tr\u00e1fico, el RACC y Prevenci\u00f3n de Accidentes de Tr\u00e1fico, P(A)T.<\/p>\n","protected":false},"excerpt":{"rendered":"Seguridad y prevenci\u00f3n. La jornada ha tenido lugar hoy con cerca de 150 asistentes. La 31.\u00aa edici\u00f3n del&hellip;\n","protected":false},"author":2,"featured_media":341482,"comment_status":"","ping_status":"","sticky":false,"template":"","format":"standard","meta":{"footnotes":""},"categories":[8],"tags":[17,18,25,24,13,14,11,19,20,9,10,15,16,23,12,21,22],"class_list":{"0":"post-341481","1":"post","2":"type-post","3":"status-publish","4":"format-standard","5":"has-post-thumbnail","7":"category-espana","8":"tag-breaking-news","9":"tag-breakingnews","10":"tag-es","11":"tag-espana","12":"tag-featured-news","13":"tag-featurednews","14":"tag-headlines","15":"tag-latest-news","16":"tag-latestnews","17":"tag-news","18":"tag-noticias","19":"tag-noticias-destacadas","20":"tag-noticiasdestacadas","21":"tag-spain","22":"tag-titulares","23":"tag-ultimas-noticias","24":"tag-ultimasnoticias"},"share_on_mastodon":{"url":"https:\/\/pubeurope.com\/@es\/115897136846899674","error":""},"_links":{"self":[{"href":"https:\/\/www.europesays.com\/es\/wp-json\/wp\/v2\/posts\/341481","targetHints":{"allow":["GET"]}}],"collection":[{"href":"https:\/\/www.europesays.com\/es\/wp-json\/wp\/v2\/posts"}],"about":[{"href":"https:\/\/www.europesays.com\/es\/wp-json\/wp\/v2\/types\/post"}],"author":[{"embeddable":true,"href":"https:\/\/www.europesays.com\/es\/wp-json\/wp\/v2\/users\/2"}],"replies":[{"embeddable":true,"href":"https:\/\/www.europesays.com\/es\/wp-json\/wp\/v2\/comments?post=341481"}],"version-history":[{"count":0,"href":"https:\/\/www.europesays.com\/es\/wp-json\/wp\/v2\/posts\/341481\/revisions"}],"wp:featuredmedia":[{"embeddable":true,"href":"https:\/\/www.europesays.com\/es\/wp-json\/wp\/v2\/media\/341482"}],"wp:attachment":[{"href":"https:\/\/www.europesays.com\/es\/wp-json\/wp\/v2\/media?parent=341481"}],"wp:term":[{"taxonomy":"category","embeddable":true,"href":"https:\/\/www.europesays.com\/es\/wp-json\/wp\/v2\/categories?post=341481"},{"taxonomy":"post_tag","embeddable":true,"href":"https:\/\/www.europesays.com\/es\/wp-json\/wp\/v2\/tags?post=341481"}],"curies":[{"name":"wp","href":"https:\/\/api.w.org\/{rel}","templated":true}]}}