{"id":341505,"date":"2026-01-15T04:25:09","date_gmt":"2026-01-15T04:25:09","guid":{"rendered":"https:\/\/www.europesays.com\/es\/341505\/"},"modified":"2026-01-15T04:25:09","modified_gmt":"2026-01-15T04:25:09","slug":"trump-dice-que-no-planea-despedir-a-powell-de-la-fed-pese-a-la-investigacion","status":"publish","type":"post","link":"https:\/\/www.europesays.com\/es\/341505\/","title":{"rendered":"Trump dice que no planea despedir a Powell de la Fed pese a la investigaci\u00f3n"},"content":{"rendered":"\n<p class=\"yf-vbsvxt\">Por Steve Holland y Trevor Hunnicutt<\/p>\n<p class=\"yf-vbsvxt\">WASHINGTON, 14 ene (Reuters) &#8211; El presidente de Estados Unidos, Donald Trump, dijo el mi\u00e9rcoles que no tiene planes de despedir a Jerome Powell a pesar de la investigaci\u00f3n penal del Departamento \u200bde Justicia sobre el presidente de la Reserva Federal, pero que era \u00abdemasiado pronto\u00bb para decir lo que har\u00eda en \u200c\u00faltima instancia.<\/p>\n<p class=\"yf-vbsvxt\">\u00abNo tengo ning\u00fan plan para hacerlo\u00bb, dijo Trump a Reuters en una entrevista cuando se le pregunt\u00f3 si intentar\u00eda destituir a Powell.<\/p>\n<p class=\"yf-vbsvxt\">Consultado sobre si la investigaci\u00f3n \u200cle daba motivos para hacerlo, Trump a\u00f1adi\u00f3: \u00abAhora mismo, estamos (en) un poco a la espera con \u00e9l, y vamos a determinar qu\u00e9 hacer. Pero no puedo entrar en ello. Es demasiado pronto. Demasiado pronto\u00bb.<\/p>\n<p class=\"yf-vbsvxt\">El mandato de Powell como jefe de la Fed termina en mayo, pero no est\u00e1 obligado a dejar la Junta de Gobernadores con sede en Washington hasta 2028.<\/p>\n<p class=\"yf-vbsvxt\">Trump sugiri\u00f3 que se inclinaba por nominar al exgobernador \u2060de la Fed Kevin Warsh o al \u200cdirector del Consejo Econ\u00f3mico Nacional Kevin Hassett para sustituir a Powell. Tambi\u00e9n dijo que hab\u00eda descartado al secretario del Tesoro de Estados Unidos, Scott Bessent, para el papel, \u00abporque quiere quedarse donde est\u00e1\u00bb.<\/p>\n<p class=\"yf-vbsvxt\">\u00abLos dos Kevins \u200dson muy buenos\u00bb, dijo Trump. \u00abTambi\u00e9n tienen otras buenas personas, pero anunciar\u00e9 algo en las pr\u00f3ximas semanas\u00bb.<\/p>\n<p class=\"yf-vbsvxt\">TRUMP DESESTIMA CR\u00cdTICAS SOBRE INDEPENDENCIA DE LA FED<\/p>\n<p class=\"yf-vbsvxt\">El gobierno Trump abri\u00f3 recientemente una investigaci\u00f3n penal a Powell por los sobrecostos de un proyecto de 2.500 millones de d\u00f3lares para renovar dos edificios hist\u00f3ricos \u200ben el complejo de su sede central.<\/p>\n<p class=\"yf-vbsvxt\">Powell, que revel\u00f3 la investigaci\u00f3n el domingo, niega haber actuado mal, y dijo que las \u200cacciones sin precedentes son un pretexto para presionarle por no satisfacer las demandas de larga data de Trump de tasas de inter\u00e9s mucho m\u00e1s bajas.<\/p>\n<p class=\"yf-vbsvxt\">Algunos miembros clave del partido republicano de Trump en el Senado, que debe confirmar a su nominado para suceder a Powell, se han unido a funcionarios econ\u00f3micos extranjeros, inversores y exfuncionarios del gobierno estadounidense de ambos partidos pol\u00edticos para criticar la medida como una politizaci\u00f3n de la formulaci\u00f3n de pol\u00edticas sensibles.<\/p>\n<p class=\"yf-vbsvxt\">La administraci\u00f3n Trump ha dicho que tiene el deber de investigar posibles irregularidades.<\/p>\n<p class=\"yf-vbsvxt\">Trump \u2060ha presionado p\u00fablicamente a Powell, a quien nombr\u00f3 presidente de la Fed \u200bdurante su primer mandato, por no bajar las tasas de inter\u00e9s de referencia \u200bni tan r\u00e1pido ni tanto como prefiere el presidente republicano.<\/p>\n<p class=\"yf-vbsvxt\">De cara a las elecciones legislativas de mitad de mandato de noviembre, los votantes afirman que las cuestiones relacionadas con el costo de la vida son \u200dun tema clave, y valoran mal \u2060la gesti\u00f3n de Trump al respecto.<\/p>\n","protected":false},"excerpt":{"rendered":"Por Steve Holland y Trevor Hunnicutt WASHINGTON, 14 ene (Reuters) &#8211; El presidente de Estados Unidos, Donald Trump,&hellip;\n","protected":false},"author":2,"featured_media":341506,"comment_status":"","ping_status":"","sticky":false,"template":"","format":"standard","meta":{"footnotes":""},"categories":[80],"tags":[82,352,95,94,77751,25,24,1845,14279,23,77750,26454],"class_list":{"0":"post-341505","1":"post","2":"type-post","3":"status-publish","4":"format-standard","5":"has-post-thumbnail","7":"category-economia","8":"tag-business","9":"tag-donald-trump","10":"tag-economia","11":"tag-economy","12":"tag-el-costo-de-la-vida","13":"tag-es","14":"tag-espana","15":"tag-jerome-powell","16":"tag-presidente-de-estados-unidos","17":"tag-spain","18":"tag-steve-holland","19":"tag-tasas-de-interes"},"share_on_mastodon":{"url":"https:\/\/pubeurope.com\/@es\/115897219520237100","error":""},"_links":{"self":[{"href":"https:\/\/www.europesays.com\/es\/wp-json\/wp\/v2\/posts\/341505","targetHints":{"allow":["GET"]}}],"collection":[{"href":"https:\/\/www.europesays.com\/es\/wp-json\/wp\/v2\/posts"}],"about":[{"href":"https:\/\/www.europesays.com\/es\/wp-json\/wp\/v2\/types\/post"}],"author":[{"embeddable":true,"href":"https:\/\/www.europesays.com\/es\/wp-json\/wp\/v2\/users\/2"}],"replies":[{"embeddable":true,"href":"https:\/\/www.europesays.com\/es\/wp-json\/wp\/v2\/comments?post=341505"}],"version-history":[{"count":0,"href":"https:\/\/www.europesays.com\/es\/wp-json\/wp\/v2\/posts\/341505\/revisions"}],"wp:featuredmedia":[{"embeddable":true,"href":"https:\/\/www.europesays.com\/es\/wp-json\/wp\/v2\/media\/341506"}],"wp:attachment":[{"href":"https:\/\/www.europesays.com\/es\/wp-json\/wp\/v2\/media?parent=341505"}],"wp:term":[{"taxonomy":"category","embeddable":true,"href":"https:\/\/www.europesays.com\/es\/wp-json\/wp\/v2\/categories?post=341505"},{"taxonomy":"post_tag","embeddable":true,"href":"https:\/\/www.europesays.com\/es\/wp-json\/wp\/v2\/tags?post=341505"}],"curies":[{"name":"wp","href":"https:\/\/api.w.org\/{rel}","templated":true}]}}