{"id":341507,"date":"2026-01-15T04:26:09","date_gmt":"2026-01-15T04:26:09","guid":{"rendered":"https:\/\/www.europesays.com\/es\/341507\/"},"modified":"2026-01-15T04:26:09","modified_gmt":"2026-01-15T04:26:09","slug":"gobierno-del-estado-de-tamaulipas-31","status":"publish","type":"post","link":"https:\/\/www.europesays.com\/es\/341507\/","title":{"rendered":"Gobierno del Estado de Tamaulipas"},"content":{"rendered":"<p>\t\t\t<img width=\"850\" height=\"500\" src=\"https:\/\/www.europesays.com\/es\/wp-content\/uploads\/2026\/01\/SEC-001-2026.-Crece-la-fortaleza-exportadora-de-Tamaulipas-2-850x500.jpeg\" class=\"img-responsive center-block destacada wp-post-image\" alt=\"\" decoding=\"async\" fetchpriority=\"high\"\/><\/p>\n<p>\u00a0<\/p>\n<p>\u00a0<\/p>\n<p>\u00a0<\/p>\n<p>\u00a0<\/p>\n<p style=\"text-align: center\">Secretaria Ninfa Cant\u00fa destac\u00f3 que entre enero y septiembre de 2025, el estado acumul\u00f3 27,871 millones de d\u00f3lares en exportaciones<\/p>\n<p>\u00a0<\/p>\n<p style=\"text-align: right\">SEC-001-2026<\/p>\n<p>Enero 14 de 2026<\/p>\n<p style=\"text-align: justify\">Ciudad Victoria, Tamaulipas.- Como resultado del dinamismo de sectores estrat\u00e9gicos y al entorno de confianza en la econom\u00eda del estado, las exportaciones de Tamaulipas crecieron 2.1% al acumular 27,871 millones de d\u00f3lares al III Trimestre de acuerdo con informaci\u00f3n del INEGI<\/p>\n<p style=\"text-align: justify\">Ninfa Cant\u00fa De\u00e1ndar secretaria de Econom\u00eda dio a conocer que la fortaleza exportadora del estado es resultado del compromiso de las empresas e industrias de seguir creciendo en el estado y en su gente, gracias al clima propicio para el desarrollo empresarial que promueve la administraci\u00f3n del gobernador Am\u00e9rico Villarreal.<\/p>\n<p style=\"text-align: justify\">Destac\u00f3 que en periodo de referencia, las variaciones a la alza m\u00e1s importantes fueron la industria met\u00e1lica b\u00e1sica con un aumento del 42.6%, la fabricaci\u00f3n de maquinaria y equipo con un 14.9% y la industria del pl\u00e1stico y hule cuyas exportaciones crecieron 9.2%.<\/p>\n<p style=\"text-align: justify\">Cant\u00fa De\u00e1ndar se\u00f1al\u00f3 que Tamaulipas destaca en el \u00e1mbito nacional como potencia exportadora en sectores como la industria qu\u00edmica donde ocupa el 4\u00b0 lugar, la fabricaci\u00f3n de accesorios, aparatos el\u00e9ctricos y equipo de generaci\u00f3n de energ\u00eda el\u00e9ctrica que ubican al estado en el 3er sitio en exportaciones. Otros rubros donde la entidad destaca son equipo de computaci\u00f3n y maquinaria y equipo.<\/p>\n<p style=\"text-align: justify\">Con respecto a las aduanas de nuestro estado, la recaudaci\u00f3n a trav\u00e9s de sus 7 aduanas fue de 23.72% del total nacional.<\/p>\n<p style=\"text-align: center\">***<\/p>\n<p>\u00a0<\/p>\n<p>\u00a0<\/p>\n<p> <a href=\"https:\/\/www.tamaulipas.gob.mx\/wp-content\/uploads\/2026\/01\/SEC-001-2026.-Crece-la-fortaleza-exportadora-de-Tamaulipas-1.jpeg\" rel=\"galeria nofollow noopener\" target=\"_blank\"><img decoding=\"async\" src=\"https:\/\/www.europesays.com\/es\/wp-content\/uploads\/2026\/01\/SEC-001-2026.-Crece-la-fortaleza-exportadora-de-Tamaulipas-1-850x500.jpeg\"   alt=\"\"\/><\/a><a href=\"https:\/\/www.tamaulipas.gob.mx\/wp-content\/uploads\/2026\/01\/SEC-001-2026.-Crece-la-fortaleza-exportadora-de-Tamaulipas-2.jpeg\" rel=\"galeria nofollow noopener\" target=\"_blank\"><img decoding=\"async\" src=\"https:\/\/www.europesays.com\/es\/wp-content\/uploads\/2026\/01\/SEC-001-2026.-Crece-la-fortaleza-exportadora-de-Tamaulipas-2-850x500.jpeg\"   alt=\"\"\/><\/a><\/p>\n<p>Enlace de descarga.<\/p>\n<p><a href=\"https:\/\/drive.google.com\/drive\/folders\/1N80RC0ZXq7nX1eec6PsXfLAoeO3FKRrx?usp=sharing\" rel=\"nofollow noopener\" target=\"_blank\">https:\/\/drive.google.com\/drive\/folders\/1N80RC0ZXq7nX1eec6PsXfLAoeO3FKRrx?usp=sharing<\/a><\/p>\n<p>\u00a0<\/p>\n","protected":false},"excerpt":{"rendered":"\u00a0 \u00a0 \u00a0 \u00a0 Secretaria Ninfa Cant\u00fa destac\u00f3 que entre enero y septiembre de 2025, el estado acumul\u00f3&hellip;\n","protected":false},"author":2,"featured_media":341508,"comment_status":"","ping_status":"","sticky":false,"template":"","format":"standard","meta":{"footnotes":""},"categories":[42],"tags":[71032,17,18,13,14,71031,582,71029,11,61,62,63,64,19,20,9,10,15,16,71030,71033,12,21,22,65,66,67],"class_list":{"0":"post-341507","1":"post","2":"type-post","3":"status-publish","4":"format-standard","5":"has-post-thumbnail","7":"category-internacional","8":"tag-americo-villarreal","9":"tag-breaking-news","10":"tag-breakingnews","11":"tag-featured-news","12":"tag-featurednews","13":"tag-gobernador-americo-villarreal","14":"tag-gobierno","15":"tag-gobierno-de-tamaulipas","16":"tag-headlines","17":"tag-internacional","18":"tag-international","19":"tag-international-news","20":"tag-internationalnews","21":"tag-latest-news","22":"tag-latestnews","23":"tag-news","24":"tag-noticias","25":"tag-noticias-destacadas","26":"tag-noticiasdestacadas","27":"tag-tamaulipas","28":"tag-tamps","29":"tag-titulares","30":"tag-ultimas-noticias","31":"tag-ultimasnoticias","32":"tag-world","33":"tag-world-news","34":"tag-worldnews"},"share_on_mastodon":{"url":"https:\/\/pubeurope.com\/@es\/115897223361905890","error":""},"_links":{"self":[{"href":"https:\/\/www.europesays.com\/es\/wp-json\/wp\/v2\/posts\/341507","targetHints":{"allow":["GET"]}}],"collection":[{"href":"https:\/\/www.europesays.com\/es\/wp-json\/wp\/v2\/posts"}],"about":[{"href":"https:\/\/www.europesays.com\/es\/wp-json\/wp\/v2\/types\/post"}],"author":[{"embeddable":true,"href":"https:\/\/www.europesays.com\/es\/wp-json\/wp\/v2\/users\/2"}],"replies":[{"embeddable":true,"href":"https:\/\/www.europesays.com\/es\/wp-json\/wp\/v2\/comments?post=341507"}],"version-history":[{"count":0,"href":"https:\/\/www.europesays.com\/es\/wp-json\/wp\/v2\/posts\/341507\/revisions"}],"wp:featuredmedia":[{"embeddable":true,"href":"https:\/\/www.europesays.com\/es\/wp-json\/wp\/v2\/media\/341508"}],"wp:attachment":[{"href":"https:\/\/www.europesays.com\/es\/wp-json\/wp\/v2\/media?parent=341507"}],"wp:term":[{"taxonomy":"category","embeddable":true,"href":"https:\/\/www.europesays.com\/es\/wp-json\/wp\/v2\/categories?post=341507"},{"taxonomy":"post_tag","embeddable":true,"href":"https:\/\/www.europesays.com\/es\/wp-json\/wp\/v2\/tags?post=341507"}],"curies":[{"name":"wp","href":"https:\/\/api.w.org\/{rel}","templated":true}]}}