{"id":341509,"date":"2026-01-15T04:27:18","date_gmt":"2026-01-15T04:27:18","guid":{"rendered":"https:\/\/www.europesays.com\/es\/341509\/"},"modified":"2026-01-15T04:27:18","modified_gmt":"2026-01-15T04:27:18","slug":"la-escritora-esther-raez-presentara-su-cuento-sofia-y-el-misterio-del-cielo-en-la-biblioteca-de-estacion-de-cartama-ayuntamiento-de-cartama","status":"publish","type":"post","link":"https:\/\/www.europesays.com\/es\/341509\/","title":{"rendered":"La escritora Esther R\u00e1ez presentar\u00e1 su cuento Sof\u00eda y el misterio del cielo en la Biblioteca de Estaci\u00f3n de C\u00e1rtama &#8211; Ayuntamiento de C\u00e1rtama"},"content":{"rendered":"<ol>\n<li><a href=\"https:\/\/news.google.com\/rss\/articles\/CBMi_wFBVV95cUxPeXpUaC1kbUFNbTdVZFBGR2JpZUk1SWZtbzBJX1pqVHkxSXlpS1RzVlJQbjlIUGRiLWdZVjlQcVc1T3dZNjBKUEZzVGh1UWRudlVfd0dvY05NQlRnQXdDME9mN2U4MmxBYU96RFNaMS03SmE5dDRJNmVyMjE5M3B3RkkxX3M5bDRoR3pRdUZIcnZmV04tNlV4YkRHell0blJKMGZXZE1tdkItQWhfdjNQeDFXbXRyTDhSalI4VjRkakw1ZGV6ZTNhakloajRldTQ2eV8wUzlLTFVJeEJ6SXE4ekFhbnNfeEQ1V3lEVzVHd285UmRweUJfOVpIRGI5V1E?oc=5\" target=\"_blank\" rel=\"nofollow noopener\">La escritora Esther R\u00e1ez presentar\u00e1 su cuento Sof\u00eda y el misterio del cielo en la Biblioteca de Estaci\u00f3n de C\u00e1rtama<\/a>&nbsp;&nbsp;Ayuntamiento de C\u00e1rtama<\/li>\n<li><a href=\"https:\/\/news.google.com\/rss\/articles\/CBMi9AFBVV95cUxPSDhlU3V1WDFzZ0hnMFQtYzFoLUpwQW1MYm5BY1lESmMtMjFwSm1zc0JHS0NsS1RmOHBRUTFlb2hYRjNXNVFudmc0ZGtFNGkyWWU5RElTeG5BeFloUkRwV2kyRVdmQmZkQ2lwWW9LU0xLelQzOTMxeXBydlFCOW91UHAxbUFJbms1cVlFNmtnT0psSWVvZlVtS1VRZ2ViMDdLS181R2xjZHU2ZHBrckV0MGpPUXRyZ3p5QnR5UnJVdWp3WUNCV2dYZzZxRnh2azVzSncyNHI3QVd2bDJ2WS1DdXJ1Y18xTVJ2LV9zVzBHdlVMWUtG?oc=5\" target=\"_blank\" rel=\"nofollow noopener\">El Ayuntamiento colabora con una iniciativa cultural para que los centros educativos aborden el duelo de la p\u00e9rdida<\/a>&nbsp;&nbsp;Ayuntamiento de Estepona<\/li>\n<li><a href=\"https:\/\/news.google.com\/rss\/articles\/CBMiowFBVV95cUxOYUdqazN6bHNLeU5zbGs3dmpzTWdza1d5QzdDbTQwcHFMOXBBX1pYeFZUcm5yOHNsV1F4a2VuMVZEQjdVSDh5bUw1WGdrTFUwQ0V6UWxOM1pJYXlLa2lyRnBaeVE4elZILXBHcFhkMC11cFF6cVFNRlVsU2pIaEhONHRSMHJwS0c5eEJrTTV2VUtjTUZjMnNuemxhVzg3ZE1xYmVv?oc=5\" target=\"_blank\" rel=\"nofollow noopener\">La escritora Esther R\u00e1ez presentar\u00e1 su cuento \u00abSof\u00eda y el misterio del cielo\u00bb en la Biblioteca de Estaci\u00f3n de C\u00e1rtama<\/a>&nbsp;&nbsp;La Noci\u00f3n<\/li>\n<li><a href=\"https:\/\/news.google.com\/rss\/articles\/CBMiwwFBVV95cUxPdzVpOTZPV2dFenR6U2RkdzJRem5GWHM4MEFlYlEwTHpXYUtlT0tGWHdIU01FOVprTUZESk11b1F3VC03eXFOT2dmREtSb1FMUzZXajVYSUEyckhDNEg5cDJMWnFlXzFSYnFNZm1GdGlQejdhd0stVU5IbXRQZjRrd0N3dy1vS1RnR1dZQ1FXRXgzZmluOVhYdlFqeU5zem1mY2w1eDhudlY3Y1kxODYyX3A4M0g4ZkZreWJ5ejNRQklJUWc?oc=5\" target=\"_blank\" rel=\"nofollow noopener\">Actividades culturales en la Red de Bibliotecas de C\u00e1rtama para enero de 2026<\/a>&nbsp;&nbsp;Revista Lugar de Encuentro<\/li>\n<\/ol>\n","protected":false},"excerpt":{"rendered":"La escritora Esther R\u00e1ez presentar\u00e1 su cuento Sof\u00eda y el misterio del cielo en la Biblioteca de Estaci\u00f3n&hellip;\n","protected":false},"author":2,"featured_media":338026,"comment_status":"","ping_status":"","sticky":false,"template":"","format":"standard","meta":{"footnotes":""},"categories":[8],"tags":[17,18,25,24,13,14,11,19,20,9,10,15,16,23,12,21,22],"class_list":{"0":"post-341509","1":"post","2":"type-post","3":"status-publish","4":"format-standard","5":"has-post-thumbnail","7":"category-espana","8":"tag-breaking-news","9":"tag-breakingnews","10":"tag-es","11":"tag-espana","12":"tag-featured-news","13":"tag-featurednews","14":"tag-headlines","15":"tag-latest-news","16":"tag-latestnews","17":"tag-news","18":"tag-noticias","19":"tag-noticias-destacadas","20":"tag-noticiasdestacadas","21":"tag-spain","22":"tag-titulares","23":"tag-ultimas-noticias","24":"tag-ultimasnoticias"},"share_on_mastodon":{"url":"https:\/\/pubeurope.com\/@es\/115897227237974365","error":""},"_links":{"self":[{"href":"https:\/\/www.europesays.com\/es\/wp-json\/wp\/v2\/posts\/341509","targetHints":{"allow":["GET"]}}],"collection":[{"href":"https:\/\/www.europesays.com\/es\/wp-json\/wp\/v2\/posts"}],"about":[{"href":"https:\/\/www.europesays.com\/es\/wp-json\/wp\/v2\/types\/post"}],"author":[{"embeddable":true,"href":"https:\/\/www.europesays.com\/es\/wp-json\/wp\/v2\/users\/2"}],"replies":[{"embeddable":true,"href":"https:\/\/www.europesays.com\/es\/wp-json\/wp\/v2\/comments?post=341509"}],"version-history":[{"count":0,"href":"https:\/\/www.europesays.com\/es\/wp-json\/wp\/v2\/posts\/341509\/revisions"}],"wp:featuredmedia":[{"embeddable":true,"href":"https:\/\/www.europesays.com\/es\/wp-json\/wp\/v2\/media\/338026"}],"wp:attachment":[{"href":"https:\/\/www.europesays.com\/es\/wp-json\/wp\/v2\/media?parent=341509"}],"wp:term":[{"taxonomy":"category","embeddable":true,"href":"https:\/\/www.europesays.com\/es\/wp-json\/wp\/v2\/categories?post=341509"},{"taxonomy":"post_tag","embeddable":true,"href":"https:\/\/www.europesays.com\/es\/wp-json\/wp\/v2\/tags?post=341509"}],"curies":[{"name":"wp","href":"https:\/\/api.w.org\/{rel}","templated":true}]}}