{"id":341510,"date":"2026-01-15T04:28:12","date_gmt":"2026-01-15T04:28:12","guid":{"rendered":"https:\/\/www.europesays.com\/es\/341510\/"},"modified":"2026-01-15T04:28:12","modified_gmt":"2026-01-15T04:28:12","slug":"jd-vance-y-marco-rubio-recibieron-a-representantes-de-dinamarca-y-groenlandia-en-la-casa-blanca","status":"publish","type":"post","link":"https:\/\/www.europesays.com\/es\/341510\/","title":{"rendered":"JD Vance y Marco Rubio recibieron a representantes de Dinamarca y Groenlandia en la Casa Blanca"},"content":{"rendered":"<p><img alt=\"El ministro de Asuntos Exteriores\" class=\"global-image\" decoding=\"async\" fetchpriority=\"high\" height=\"3400\" loading=\"eager\" src=\"https:\/\/www.europesays.com\/es\/wp-content\/uploads\/2026\/01\/OSTJ37QKNZEGVCXPFOYQBZ7EBY.JPG\" width=\"5104\"\/>El ministro de Asuntos Exteriores de Dinamarca, Lars Loekke Rasmussen, y la ministra de Asuntos Exteriores de Groenlandia, Vivian Motzfeldt, se preparan en la embajada danesa para una reuni\u00f3n con el vicepresidente estadounidense, J.D. Vance, y el ministro de Asuntos Exteriores, Marco Rubio, que tendr\u00e1 lugar en la Casa Blanca, en Washington D. C., EE. UU., el 14 de enero de 2026. Ritzau Scanpix\/Mads Claus Rasmussen v\u00eda REUTERS.<\/p>\n<p class=\"paragraph\">Una delegaci\u00f3n de <b>Dinamarca <\/b>y <b>Groenlandia <\/b>se reuni\u00f3 este mi\u00e9rcoles en la <b>Casa Blanca <\/b>con altos funcionarios estadounidenses, en un contexto marcado por la renovada presi\u00f3n de <b>Donald Trump<\/b> para que Estados Unidos controle la isla \u00e1rtica, a la que considera \u201cvital\u201d para la seguridad nacional estadounidense y la defensa antimisiles. El encuentro, que comenz\u00f3 poco despu\u00e9s de las 10:30 horas locales (15:00 GMT) y finaliz\u00f3 cerca del mediod\u00eda, congreg\u00f3 al ministro dan\u00e9s de Asuntos Exteriores, <b>Lars<\/b> <b>L\u00f8kke Rasmussen<\/b>, su hom\u00f3loga groenlandesa, <b>Vivian Motzfeldt<\/b>, el vicepresidente estadounidense, <b>JD Vance<\/b>, y el secretario de Estado, <b>Marco Rubio<\/b>. Ninguna de las partes realiz\u00f3 declaraciones tras la reuni\u00f3n.<\/p>\n<p class=\"paragraph\">La postura de Trump ha tensado las relaciones transatl\u00e1nticas desde su regreso a la presidencia hace casi un a\u00f1o. En las horas previas al di\u00e1logo en Washington, Trump reiter\u00f3 en su red social que \u201c<b>Estados Unidos necesita Groenlandia por motivos de Seguridad Naciona<\/b>l\u201d y afirm\u00f3 que \u201cla OTAN debe liderar el camino para que la isla est\u00e9 bajo control estadounidense. Cualquier otra cosa es inaceptable\u201d. El mandatario advirti\u00f3 que, si no se concreta la anexi\u00f3n, \u201cRusia o China lo har\u00e1n\u201d, y subray\u00f3 que la presencia estadounidense har\u00eda a la OTAN \u201cm\u00e1s formidable y efectiva\u201d. Trump vincul\u00f3 la adquisici\u00f3n de Groenlandia con la construcci\u00f3n de la \u201c<b>C\u00fapula Dorada<\/b>\u201d, un sistema de defensa antimisiles, e inst\u00f3 a la alianza atl\u00e1ntica a presionar a Dinamarca para que entregue el territorio: \u201c\u00a1D\u00edganle a Dinamarca que se salgan de ah\u00ed, YA! \u00a1Dos trineos de perros no bastan! \u00a1Solo Estados Unidos puede lograrlo!\u201d, escribi\u00f3 en Truth Social.<\/p>\n<p class=\"paragraph\">Desde Copenhague, el ministro de Defensa dan\u00e9s, <b>Troels Lund <\/b>Poulsen, anunci\u00f3 el refuerzo inmediato de la presencia militar en Groenlandia y el Atl\u00e1ntico Norte, en coordinaci\u00f3n con aliados de la OTAN. Poulsen comunic\u00f3 que, a partir de este mi\u00e9rcoles, \u201c<b>habr\u00e1 un aumento de presencia militar en y alrededor de Groenlandia, con aviones, barcos y soldados, incluidos efectivos de otros pa\u00edses aliados<\/b>\u201d. El primer ministro sueco, Ulf Kristersson, confirm\u00f3 en X el env\u00edo de militares suecos a Groenlandia para participar en ejercicios conjuntos bajo la Operaci\u00f3n Arctic Endurance. El gobierno dan\u00e9s se\u00f1al\u00f3 que se han invertido casi 14.000 millones de d\u00f3lares para robustecer la defensa en el \u00c1rtico, rechazando las acusaciones estadounidenses de desprotecci\u00f3n ante Rusia y China.<\/p>\n<p class=\"paragraph\">Las autoridades de Groenlandia y Dinamarca han reiterado que la isla, de 2,16 millones de kil\u00f3metros cuadrados, no est\u00e1 en venta y que cualquier intento de violar su soberan\u00eda tendr\u00eda consecuencias imprevisibles. La presidenta de la Comisi\u00f3n Europea, Ursula von der Leyen, afirm\u00f3 que los habitantes de Groenlandia \u201cpueden contar con nosotros\u201d. Desde Par\u00eds, el presidente franc\u00e9s, Emmanuel Macron, advirti\u00f3 sobre posibles \u201cconsecuencias en cascada\u201d si se afecta la soberan\u00eda de un pa\u00eds europeo aliado, y anunci\u00f3 la apertura de un consulado franc\u00e9s en Nuuk el 6 de febrero.<\/p>\n<p class=\"paragraph\">La poblaci\u00f3n local ha manifestado su rechazo a la propuesta estadounidense. El primer ministro groenland\u00e9s, Jens-Frederik Nielsen, declar\u00f3 al diario Sermitsiaq que \u201csi tenemos que elegir entre Estados Unidos y Dinamarca, elegimos Dinamarca, la OTAN, el Reino de Dinamarca y la Uni\u00f3n Europea\u201d. Su hom\u00f3loga Motzfeldt subray\u00f3: \u201cElegimos la Groenlandia que conocemos hoy, como parte del Reino de Dinamarca\u201d. A trav\u00e9s de redes sociales, la representaci\u00f3n groenlandesa en Estados Unidos y Canad\u00e1 pregunt\u00f3 \u201c\u00bfpor qu\u00e9 no nos consultan?\u201d y record\u00f3 que una minor\u00eda de los 57.000 habitantes de la isla apoyar\u00eda la incorporaci\u00f3n a EEUU.<\/p>\n<p><img alt=\"El vicepresidente estadounidense, J. D.\" class=\"global-image\" decoding=\"async\" fetchpriority=\"low\" height=\"3480\" loading=\"lazy\" src=\"https:\/\/www.europesays.com\/es\/wp-content\/uploads\/2026\/01\/IW2FNYQSIZFZVCORKJZYBZRGVQ.JPG\" width=\"5528\"\/>El vicepresidente estadounidense, J. D. Vance, visita la base espacial Pituffik del ej\u00e9rcito estadounidense en Groenlandia el 28 de marzo de 2025. Jim Watson\/v\u00eda REUTERS\/Foto de archivo<\/p>\n<p class=\"paragraph\">En las calles de Nuuk, la crisis ha sido tema central entre periodistas y residentes. Tuuta Mikaelsen, estudiante de 22 a\u00f1os, expres\u00f3 a The Associated Press su deseo de que \u201clos funcionarios estadounidenses reciban el mensaje de que se retiren\u201d. Otros ciudadanos, como el ingeniero Lars Vintner y su amigo Hans N\u00f8rgaard, pusieron en duda el argumento de la amenaza rusa o china en la isla y sugirieron que el inter\u00e9s de Trump responde a los recursos naturales a\u00fan sin explotar.<\/p>\n<p class=\"paragraph\">La presi\u00f3n de Washington tambi\u00e9n se ha hecho sentir en el plano diplom\u00e1tico. Rasmussen y Motzfeldt, junto con el embajador dan\u00e9s, mantuvieron encuentros con senadores estadounidenses del Arctic Caucus. Adem\u00e1s, una delegaci\u00f3n bipartidista del Congreso estadounidense tiene previsto viajar a Copenhague para reuniones con autoridades danesas y groenlandesas.<\/p>\n<p><img alt=\"Las banderas de Groenlandia y\" class=\"global-image\" decoding=\"async\" fetchpriority=\"low\" height=\"4218\" loading=\"lazy\" src=\"https:\/\/www.europesays.com\/es\/wp-content\/uploads\/2026\/01\/N6RL6HDUYRCCDHKRFUAR54DDAI.JPG\" width=\"6327\"\/>Las banderas de Groenlandia y Dinamarca ondean en el Puerto Cultural con el Castillo de Kronborg al fondo, en Elsinor, Dinamarca, el 14 de enero de 2026. Ritzau Scanpix\/Keld Navntoft v\u00eda REUTERS<\/p>\n<p class=\"paragraph\">Seg\u00fan un sondeo de Reuters\/Ipsos, solo el 17% de los estadounidenses apoya los esfuerzos de anexar Groenlandia, mientras que la mayor\u00eda rechaza cualquier uso de la fuerza militar.<\/p>\n<p class=\"paragraph\">La disputa por Groenlandia ha planteado interrogantes sobre la cohesi\u00f3n de la OTAN y la estabilidad en el \u00c1rtico, una regi\u00f3n donde el deshielo facilita nuevas rutas comerciales y el acceso a minerales estrat\u00e9gicos. Dinamarca, miembro fundador de la alianza atl\u00e1ntica, reiter\u00f3 su compromiso de fortalecer la cooperaci\u00f3n militar y buscar una soluci\u00f3n diplom\u00e1tica a la crisis.<\/p>\n<p class=\"paragraph\">(Con informaci\u00f3n de AFP, Reuters y AP)<\/p>\n","protected":false},"excerpt":{"rendered":"El ministro de Asuntos Exteriores de Dinamarca, Lars Loekke Rasmussen, y la ministra de Asuntos Exteriores de Groenlandia,&hellip;\n","protected":false},"author":2,"featured_media":341511,"comment_status":"","ping_status":"","sticky":false,"template":"","format":"standard","meta":{"footnotes":""},"categories":[5],"tags":[17,18,405,25,24,13,14,11,62,19,20,9,3119,10,15,16,48876,23,12,21,22],"class_list":{"0":"post-341510","1":"post","2":"type-post","3":"status-publish","4":"format-standard","5":"has-post-thumbnail","7":"category-titulares","8":"tag-breaking-news","9":"tag-breakingnews","10":"tag-diplomacy-foreign-policy","11":"tag-es","12":"tag-espana","13":"tag-featured-news","14":"tag-featurednews","15":"tag-headlines","16":"tag-international","17":"tag-latest-news","18":"tag-latestnews","19":"tag-news","20":"tag-north-america","21":"tag-noticias","22":"tag-noticias-destacadas","23":"tag-noticiasdestacadas","24":"tag-relations","25":"tag-spain","26":"tag-titulares","27":"tag-ultimas-noticias","28":"tag-ultimasnoticias"},"share_on_mastodon":{"url":"https:\/\/pubeurope.com\/@es\/115897231211521184","error":""},"_links":{"self":[{"href":"https:\/\/www.europesays.com\/es\/wp-json\/wp\/v2\/posts\/341510","targetHints":{"allow":["GET"]}}],"collection":[{"href":"https:\/\/www.europesays.com\/es\/wp-json\/wp\/v2\/posts"}],"about":[{"href":"https:\/\/www.europesays.com\/es\/wp-json\/wp\/v2\/types\/post"}],"author":[{"embeddable":true,"href":"https:\/\/www.europesays.com\/es\/wp-json\/wp\/v2\/users\/2"}],"replies":[{"embeddable":true,"href":"https:\/\/www.europesays.com\/es\/wp-json\/wp\/v2\/comments?post=341510"}],"version-history":[{"count":0,"href":"https:\/\/www.europesays.com\/es\/wp-json\/wp\/v2\/posts\/341510\/revisions"}],"wp:featuredmedia":[{"embeddable":true,"href":"https:\/\/www.europesays.com\/es\/wp-json\/wp\/v2\/media\/341511"}],"wp:attachment":[{"href":"https:\/\/www.europesays.com\/es\/wp-json\/wp\/v2\/media?parent=341510"}],"wp:term":[{"taxonomy":"category","embeddable":true,"href":"https:\/\/www.europesays.com\/es\/wp-json\/wp\/v2\/categories?post=341510"},{"taxonomy":"post_tag","embeddable":true,"href":"https:\/\/www.europesays.com\/es\/wp-json\/wp\/v2\/tags?post=341510"}],"curies":[{"name":"wp","href":"https:\/\/api.w.org\/{rel}","templated":true}]}}