{"id":341516,"date":"2026-01-15T04:37:10","date_gmt":"2026-01-15T04:37:10","guid":{"rendered":"https:\/\/www.europesays.com\/es\/341516\/"},"modified":"2026-01-15T04:37:10","modified_gmt":"2026-01-15T04:37:10","slug":"asi-pito-garcia-verdura-la-galerna-2","status":"publish","type":"post","link":"https:\/\/www.europesays.com\/es\/341516\/","title":{"rendered":"As\u00ed pit\u00f3 Garc\u00eda Verdura &#8211; La Galerna"},"content":{"rendered":"<p>Arbitr\u00f3 V\u00edctor Garc\u00eda Verdura, del colegio catal\u00e1n. En el VAR estuvo Caparr\u00f3s Hern\u00e1ndez.<\/p>\n<p>Partido sin demasiados problemas ni jugadas pol\u00e9micas.<\/p>\n<p>En la primera mitad puso alto el list\u00f3n de las faltas y las tarjetas porque dej\u00f3 sin se\u00f1alar una obstrucci\u00f3n sobre Arda y Cestero se libr\u00f3 de una amarilla. Eso, durante el periodo de la niebla que dej\u00f3 ver poco el desarrollo del juego.<\/p>\n<p>El empate a uno del Real Madrid lleg\u00f3 en un c\u00f3rner al filo del descanso, pero por escaso margen de un par de segundos estaba dentro de tiempo.<\/p>\n<p>Las dos amarillas del choque llegaron en la segunda parte. Ambas para los centrales merengues. Primero para Huijsen por agarrar a Riki en el 64&#8242; y la segunda para Asencio por derribar a Jeft\u00e9.<\/p>\n<p>Garc\u00eda Verdura, <strong>CORRECTO<\/strong>.<\/p>\n","protected":false},"excerpt":{"rendered":"Arbitr\u00f3 V\u00edctor Garc\u00eda Verdura, del colegio catal\u00e1n. En el VAR estuvo Caparr\u00f3s Hern\u00e1ndez. Partido sin demasiados problemas ni&hellip;\n","protected":false},"author":2,"featured_media":288679,"comment_status":"","ping_status":"","sticky":false,"template":"","format":"standard","meta":{"footnotes":""},"categories":[268],"tags":[168,25,24,280,282,281,23,167],"class_list":{"0":"post-341516","1":"post","2":"type-post","3":"status-publish","4":"format-standard","5":"has-post-thumbnail","7":"category-futbol","8":"tag-deportes","9":"tag-es","10":"tag-espana","11":"tag-football","12":"tag-futbol","13":"tag-soccer","14":"tag-spain","15":"tag-sports"},"share_on_mastodon":{"url":"https:\/\/pubeurope.com\/@es\/115897266637915950","error":""},"_links":{"self":[{"href":"https:\/\/www.europesays.com\/es\/wp-json\/wp\/v2\/posts\/341516","targetHints":{"allow":["GET"]}}],"collection":[{"href":"https:\/\/www.europesays.com\/es\/wp-json\/wp\/v2\/posts"}],"about":[{"href":"https:\/\/www.europesays.com\/es\/wp-json\/wp\/v2\/types\/post"}],"author":[{"embeddable":true,"href":"https:\/\/www.europesays.com\/es\/wp-json\/wp\/v2\/users\/2"}],"replies":[{"embeddable":true,"href":"https:\/\/www.europesays.com\/es\/wp-json\/wp\/v2\/comments?post=341516"}],"version-history":[{"count":0,"href":"https:\/\/www.europesays.com\/es\/wp-json\/wp\/v2\/posts\/341516\/revisions"}],"wp:featuredmedia":[{"embeddable":true,"href":"https:\/\/www.europesays.com\/es\/wp-json\/wp\/v2\/media\/288679"}],"wp:attachment":[{"href":"https:\/\/www.europesays.com\/es\/wp-json\/wp\/v2\/media?parent=341516"}],"wp:term":[{"taxonomy":"category","embeddable":true,"href":"https:\/\/www.europesays.com\/es\/wp-json\/wp\/v2\/categories?post=341516"},{"taxonomy":"post_tag","embeddable":true,"href":"https:\/\/www.europesays.com\/es\/wp-json\/wp\/v2\/tags?post=341516"}],"curies":[{"name":"wp","href":"https:\/\/api.w.org\/{rel}","templated":true}]}}