{"id":341517,"date":"2026-01-15T04:38:11","date_gmt":"2026-01-15T04:38:11","guid":{"rendered":"https:\/\/www.europesays.com\/es\/341517\/"},"modified":"2026-01-15T04:38:11","modified_gmt":"2026-01-15T04:38:11","slug":"rosa-lopez-no-quiero-ir-al-ginecologo-ni-al-medico-pero-creo-que-tengo-premenopausia","status":"publish","type":"post","link":"https:\/\/www.europesays.com\/es\/341517\/","title":{"rendered":"Rosa L\u00f3pez: \u00abNo quiero ir al ginec\u00f3logo ni al m\u00e9dico, pero creo que tengo premenopausia\u00bb"},"content":{"rendered":"<p><strong>Rosa L\u00f3pez<\/strong>, o &#8216;Rosa de Espa\u00f1a&#8217; como muchos la conocen, no necesita mucha presentaci\u00f3n. Fue la primera ganadora de &#8216;Operaci\u00f3n Triunfo&#8217;, el talent musical que este 2026 cumple su 25 aniversario. Eso s\u00ed, el formato de TVE no es lo \u00fanico que est\u00e1 de celebraci\u00f3n. Y es que la artista de &#8216;Caradura&#8217; o &#8216;Cara o cruz&#8217; <strong>ha soplado las velas de su 45 cumplea\u00f1os este mismo 14 de enero.\u00a0<\/strong><\/p>\n<p>A pesar de que su carrera en el mundo de la canci\u00f3n ha estado llena de altibajos, Rosa ha aprovechado todos estos a\u00f1os para <strong>participar en programas tan importantes como &#8216;Mira qui\u00e9n baila&#8217;<\/strong>, edici\u00f3n en la que tambi\u00e9n se alz\u00f3 como ganadora, <strong>o\u00a0<\/strong><strong>&#8216;Tu cara me suena&#8217; o &#8216;El Desaf\u00edo&#8217;, formatos en los que se llev\u00f3 la medalla<\/strong> de plata gracias a sus interpretaciones o retos tan importantes como la prueba de apnea, en la que hasta ahora ten\u00eda el r\u00e9cord con 4:40 minutos.\u00a0<\/p>\n<p><strong>En plena gira de &#8217;12 diamantes negros&#8217;<\/strong>, disco en el que sus fans pueden encontrar temas como &#8216;Poderosa y Valiente&#8217; o &#8216;Curiosa&#8217;, <strong>Rosa ha sacado un hueco entre sus ensayos para hablar\u00a0sobre sus planes de boda, su entrada a la menopausia<\/strong> y el posible reencuentro por los 25 a\u00f1os de &#8216;Operaci\u00f3n Triunfo&#8217;. \u00a1Nos lo cuenta todo!<\/p>\n<p><img decoding=\"async\" src=\"https:\/\/www.europesays.com\/es\/wp-content\/uploads\/2026\/01\/miranda-rijnsburger-y-julio-iglesias_2e9e5736_260114123032_800x800.webp.webp\" alt=\"Miranda Rijnsburger y Julio Iglesias\" class=\"image lazyload\"\/><img loading=\"lazy\" decoding=\"async\" src=\"https:\/\/www.europesays.com\/es\/wp-content\/uploads\/2026\/01\/miranda-rijnsburger-y-julio-iglesias_2e9e5736_260114123037_1280x720.webp.webp\" alt=\"Luis Pliego, director de la revista Lecturas, sobre Julio Iglesias: &quot;Del testimonio de estas mujeres se desprende que Miranda y Julio est\u00e1n separados&quot;\" class=\"image lazyload\" width=\"1280\" height=\"720\" data-aspectratio=\"1280\/720\"\/><\/p>\n<p><strong>\u00a1Cumples 45 a\u00f1os! \u00bfC\u00f3mo est\u00e1s?\u00a0<\/strong><\/p>\n<p>Ay&#8230; s\u00ed&#8230; Siempre es bonito, pero\u00a0una se siente m\u00e1s mayor, aunque con alegr\u00eda. Me gusta decir que el de ahora\u00a0siempre es mi mejor momento. Siempre digo &#8216;hoy es mejor que ma\u00f1ana y hoy est\u00e1s m\u00e1s joven que ma\u00f1ana&#8217;. La verdad que soy feliz. Adem\u00e1s, aunque las circunstancias no sean las mejores, mi padre me ense\u00f1\u00f3 a crear el momento y procurar serlo. \u00c9l me dec\u00eda &#8216;t\u00fa tienes que ser feliz porque eso es un servicio a la sociedad. Si no lo haces por ti, hazlo por los dem\u00e1s&#8217;.\u00a0<\/p>\n<p><strong>\u00bfCu\u00e1l es el recuerdo que dir\u00edas que tienes m\u00e1s bonito de tu infancia?<\/strong><\/p>\n<p>Cuando mi padre ven\u00eda de trabajar con la camisa fuera, reventado, que com\u00eda s\u00faper tarde. Mi madre ten\u00eda la comida preparada y yo estaba muy a gustito. \u00c9l terminaba de comer, se dorm\u00eda en la misma mesa y yo me pon\u00eda detr\u00e1s de su espalda. Ese calorcito para m\u00ed es un recuerdo que lo uso mucho para relajarme en los momentos que m\u00e1s nerviosa estoy. Tambi\u00e9n cuando no ten\u00edamos dinero y el plan era dar vueltas en la furgoneta, que incluso me quedaba dormida. Cuando me sub\u00eda por la escalera del piso donde viv\u00edamos, me encantaba.\u00a0<\/p>\n<p><img loading=\"lazy\" decoding=\"async\"   src=\"https:\/\/www.europesays.com\/es\/wp-content\/uploads\/2026\/01\/rosa-lopez_767104d9_260114190937_1200x1802.webp.webp\" alt=\"Rosa L\u00f3pez\" class=\"lazyload\" width=\"1200\" height=\"1802\" data-aspectratio=\"1200\/1802\"\/><\/p>\n<p>Rosa L\u00f3pez confiesa en Lecturas que ha comenzado los 45 con s\u00edntomas de menopausia.\u00a0<\/p>\n<p>&#13;Pern\u00eda<\/p>\n<p>\u00a0<\/p>\n<p><strong>\u00bfC\u00f3mo cuidas con cumplidos los 45?,\u00a0 \u00bfc\u00f3mo son tus rutinas? <\/strong><\/p>\n<p>Soy consciente de que la vida va cambiando. Por las ma\u00f1anas, me levanto con un dolor de los hombros tremendo, que no s\u00e9 por d\u00f3nde va ni por d\u00f3nde viene. Y por las noches tengo sofocos, como unas fiebres muy fuertes. Estoy sufriendo unos cambios que nunca he vivido. Y la piel m\u00e1s seca. No le doy importancia, pero claro, no tengo 20 a\u00f1os.\u00a0<\/p>\n<p><strong>\u00bfSer\u00e1 premenopausia?<\/strong><\/p>\n<p>Creo que s\u00ed. No quiero ir al ginec\u00f3logo ni al m\u00e9dico a que me la diagnostiquen, pero creo que s\u00ed tengo premenopausia. Me lo diagnostico yo sola. Pero me digo que no la tengo y ya est\u00e1. <\/p>\n<p><strong>Este a\u00f1o se cumplen 25 a\u00f1os de &#8216;Operaci\u00f3n Triunfo&#8217;, \u00bfsabes algo de un posible reencuentro? <\/strong><\/p>\n<p>No s\u00e9 nada. Desde que falleci\u00f3 \u00c1lex Casademunt, a m\u00ed me hizo un clic en mi mente y en mi coraz\u00f3n. Ahora &#8216;Mi m\u00fasica es tu voz&#8217; tiene un verdadero sentido. La canci\u00f3n est\u00e1 para cantarla ahora, pero, sin embargo, no es lo mismo. Ya no est\u00e1 ese trozo de nosotros para cantarla. <\/p>\n<p><strong>Ser\u00eda muy bonito hacerle un homenaje&#8230;\u00a0<\/strong><\/p>\n<p>Lo hacemos cada d\u00eda. Pero es verdad que hay algo que duele. Para m\u00ed es como un himno. <\/p>\n<p><strong>Nos cont\u00f3 Ver\u00f3nica Romero hace poco en Lecturas que hab\u00e9is retomado la relaci\u00f3n,\u00bfc\u00f3mo fue la reconciliaci\u00f3n?\u00a0<\/strong><\/p>\n<p>\u00bfC\u00f3mo? <a href=\"https:\/\/www.lecturas.com\/actualidad\/exclusiva-veronica-romero-ot1-se-sincera-lecturas-estados-unidos-toque-fondo-pense-que-que-sentido-tenia-vida_183625\" rel=\"nofollow noopener\" target=\"_blank\">Pero si nunca hemos dejado de hablar<\/a>. No s\u00e9 nada de esto. No tengo informaci\u00f3n. Jam\u00e1s me he enfadado con ning\u00fan compa\u00f1ero y si algo nos hace da\u00f1o entre nosotras podemos hablarlo. Pero adem\u00e1s, si fuera as\u00ed, no lo har\u00eda p\u00fablico.\u00a0<\/p>\n<p><img loading=\"lazy\" decoding=\"async\"   src=\"https:\/\/www.europesays.com\/es\/wp-content\/uploads\/2026\/01\/rosa-lopez_545bb396_260114191925_1200x1803.webp.webp\" alt=\"Rosa L\u00f3pez\" class=\"lazyload\" width=\"1200\" height=\"1803\" data-aspectratio=\"1200\/1803\"\/><\/p>\n<p>Rosa L\u00f3pez ha contado en Lecturas que no se casa por el estr\u00e9s de organizarlo.\u00a0<\/p>\n<p>&#13;Pern\u00eda<\/p>\n<p>\u00a0<\/p>\n<p><strong>Acaba de terminar una edici\u00f3n nueva de &#8216;OT&#8217;, \u00bfno te hubiera gustado que te invitaran para hablar con los chavales? <\/strong><\/p>\n<p>Aqu\u00ed me tienen, yo siempre estoy aqu\u00ed para cuando me llamen. Noem\u00ed lo est\u00e1 haciendo s\u00faper bien, se involucra mucho, es muy generosa. Tambi\u00e9n te digo que la importancia de si yo voy o no, no es relevante. Pero claro, me gustar\u00eda e ir\u00eda de cabeza. <\/p>\n<p><strong>En 2019 rechazaste &#8216;Supervivientes&#8217;, \u00bfsigues pensando lo mismo o te atrever\u00edas?<\/strong><\/p>\n<p>Me atrever\u00eda a ir, ser\u00eda una aventura incre\u00edble, pero sin la parte reality. Es cuesti\u00f3n de que tuviera un concepto mucho m\u00e1s blanco y se enfocara m\u00e1s a la aventura. No quiero competir m\u00e1s, quiero disfrutar de la experiencia.<\/p>\n<p><strong>\u00bfSabes que este a\u00f1o superan tu r\u00e9cord de apnea en &#8216;El Desaf\u00edo&#8217;?<\/strong><\/p>\n<p>\u00a1Qu\u00e9 me dices! \u00a1M\u00e1s de cuatro minutos cuarenta segundos! No me lo puedo creer. <\/p>\n<p><strong>\u00bfNo querr\u00edas volver a intentarlo para mantener tu marca?\u00a0<\/strong><\/p>\n<p>Estoy loca, pero si me llama Jorge Salvador le dir\u00e9 que s\u00ed. Aunque tiene que ser para donar el dinero a alguna cosa ben\u00e9fica, no por ego. \u00bfSabes que a partir de los 5 minutos te quedas inconsciente? Es como un infarto, pero silencioso. Hay que entrenar mucho. Quiero saber qui\u00e9n ser\u00e1. Y lo que la gente no sabe es que a los dos minutos te meas encima. Le pasa a mucha gente, pero no lo dicen. <\/p>\n<p><strong>Estamos todos expectantes. \u00bf2026 va a ser el a\u00f1o de tu boda?<\/strong><\/p>\n<p><a href=\"https:\/\/www.lecturas.com\/actualidad\/rosa-lopez-cuenta-verdad-sobre-su-boda-inaki-garcia_144082\" rel=\"nofollow noopener\" target=\"_blank\">No lo s\u00e9. No creo<\/a>. Es que lo que no me hace ilusi\u00f3n es el estr\u00e9s de organizarlo todo. Quiz\u00e1 ir a firmar y en &#8216;petit comit\u00e9&#8217; ser\u00eda guay. Es verdad que es como si nos hubi\u00e9ramos casado ya.<\/p>\n<p><img loading=\"lazy\" decoding=\"async\"   src=\"https:\/\/www.europesays.com\/es\/wp-content\/uploads\/2026\/01\/rosa-lopez-e-inaki-su-novio_a96a1ff1_260114192111_1200x800.webp.webp\" alt=\"Rosa L\u00f3pez e I\u00f1aki, su novio \" class=\"lazyload\" width=\"1200\" height=\"800\" data-aspectratio=\"1200\/800\"\/><\/p>\n<p>Rosa L\u00f3pez descarta ser madre porque tiene s\u00edntomas de premenopausia.\u00a0<\/p>\n<p>&#13;Gtres<\/p>\n<p>\u00a0<\/p>\n<p><strong>Tambi\u00e9n has dicho que querr\u00edas ser madre, pero si ya me has dicho que est\u00e1s premenop\u00e1usica, se va a complicar&#8230;<\/strong><\/p>\n<p>Va a ser dif\u00edcil, s\u00ed. Ya es un poco tarde. <\/p>\n<p><strong>\u00bfY adoptar? <\/strong><\/p>\n<p>Tampoco pienso en eso, porque no es tan f\u00e1cil. Adem\u00e1s, tengo la sensaci\u00f3n que trabajo por y para I\u00f1aki, la m\u00fasica y mi perro. <\/p>\n<p><strong>Si tuvieses que decir un rinc\u00f3n al que te gusta escapar cuando quieres estar tranquila, \u00bfcu\u00e1l ser\u00eda? <\/strong><\/p>\n<p>La casa de mi madre. Con la estufa y la mesa llena de cosas. Con &#8216;Canal Sur de fondo&#8217;.\u00a0<\/p>\n<p><strong>\u00bfCu\u00e1l es el sue\u00f1o que queda por cumplir?\u00a0<\/strong><\/p>\n<p>Una casa nueva, pero hay que trabajar mucho. Son car\u00edsimas. En Madrid, por menos de un mill\u00f3n de euros no encuentras. Pero querr\u00eda tener una para que fuera mi templo. <\/p>\n<p><strong>\u00bfY tu mayor preocupaci\u00f3n?<\/strong><\/p>\n<p>Mi madre cumple 70. Cuanto m\u00e1s mayor me hago, m\u00e1s necesito verla. Tiene su az\u00facar, su coraz\u00f3n, pero est\u00e1 estupenda. Me da miedo y empiezo a preocuparme de una manera estratosf\u00e9rica por ella. <\/p>\n<p><img loading=\"lazy\" decoding=\"async\"   src=\"https:\/\/www.europesays.com\/es\/wp-content\/uploads\/2026\/01\/rosa-lopez_00000000_3502d174_260114192828_1200x842.webp.webp\" alt=\"Rosa L\u00f3pez\" class=\"lazyload\" width=\"1200\" height=\"842\" data-aspectratio=\"1200\/842\"\/><\/p>\n<p>Rosa L\u00f3pez ha contado en Lecturas que echa mucho de menos a su padre y que recuerda mucho cuando se quedaba dormida en su espalda.\u00a0<\/p>\n<p>&#13;Instagram @rosalopezoficial<\/p>\n<p><strong>\u00bfEres creyente?<\/strong><\/p>\n<p>S\u00ed, pero no rezo todos los d\u00edas, ni voy a la iglesia. Cuando miro al cielo sue\u00f1o en que me voy a ir a alg\u00fan sitio y que mi padre est\u00e1 all\u00ed. Como ser humano me cuestiono muchas cosas, pero al final lo m\u00e1s bonito es tener fe.\u00a0<\/p>\n<p><strong>Con esto que ha salido de Julio Iglesias, \u00bft\u00fa has vivido alguna situaci\u00f3n de abuso?\u00a0<\/strong><\/p>\n<p><a href=\"https:\/\/www.lecturas.com\/actualidad\/luis-pliego-director-lecturas-recuerda-duro-testimonio-vaitiare-ex-julio-iglesias-obligaba-a-acostarse-otras-mujeres_187167\" rel=\"nofollow noopener\" target=\"_blank\">Siempre le quito hierro a las cosas<\/a> y he tenido suerte que he sabido lidiar con algunas situaciones a pesar de mi desinformaci\u00f3n. Pero s\u00ed, he vivido muchas situaciones inc\u00f3modas. A\u00a0veces como seres humanos dejamos mucho que desear, pero tambi\u00e9n hay mucha gente buena en el camino y al final eso es lo que hace bonita la vida.\u00a0<\/p>\n","protected":false},"excerpt":{"rendered":"Rosa L\u00f3pez, o &#8216;Rosa de Espa\u00f1a&#8217; como muchos la conocen, no necesita mucha presentaci\u00f3n. Fue la primera ganadora&hellip;\n","protected":false},"author":2,"featured_media":341518,"comment_status":"","ping_status":"","sticky":false,"template":"","format":"standard","meta":{"footnotes":""},"categories":[174],"tags":[255,146,147,25,24,256,23],"class_list":{"0":"post-341517","1":"post","2":"type-post","3":"status-publish","4":"format-standard","5":"has-post-thumbnail","7":"category-famosos","8":"tag-celebrities","9":"tag-entertainment","10":"tag-entretenimiento","11":"tag-es","12":"tag-espana","13":"tag-famosos","14":"tag-spain"},"share_on_mastodon":{"url":"https:\/\/pubeurope.com\/@es\/115897270595781925","error":""},"_links":{"self":[{"href":"https:\/\/www.europesays.com\/es\/wp-json\/wp\/v2\/posts\/341517","targetHints":{"allow":["GET"]}}],"collection":[{"href":"https:\/\/www.europesays.com\/es\/wp-json\/wp\/v2\/posts"}],"about":[{"href":"https:\/\/www.europesays.com\/es\/wp-json\/wp\/v2\/types\/post"}],"author":[{"embeddable":true,"href":"https:\/\/www.europesays.com\/es\/wp-json\/wp\/v2\/users\/2"}],"replies":[{"embeddable":true,"href":"https:\/\/www.europesays.com\/es\/wp-json\/wp\/v2\/comments?post=341517"}],"version-history":[{"count":0,"href":"https:\/\/www.europesays.com\/es\/wp-json\/wp\/v2\/posts\/341517\/revisions"}],"wp:featuredmedia":[{"embeddable":true,"href":"https:\/\/www.europesays.com\/es\/wp-json\/wp\/v2\/media\/341518"}],"wp:attachment":[{"href":"https:\/\/www.europesays.com\/es\/wp-json\/wp\/v2\/media?parent=341517"}],"wp:term":[{"taxonomy":"category","embeddable":true,"href":"https:\/\/www.europesays.com\/es\/wp-json\/wp\/v2\/categories?post=341517"},{"taxonomy":"post_tag","embeddable":true,"href":"https:\/\/www.europesays.com\/es\/wp-json\/wp\/v2\/tags?post=341517"}],"curies":[{"name":"wp","href":"https:\/\/api.w.org\/{rel}","templated":true}]}}