{"id":341534,"date":"2026-01-15T04:50:30","date_gmt":"2026-01-15T04:50:30","guid":{"rendered":"https:\/\/www.europesays.com\/es\/341534\/"},"modified":"2026-01-15T04:50:30","modified_gmt":"2026-01-15T04:50:30","slug":"inaugurada-la-exposicion-del-xxvi-certamen-de-pintura-acor-en-la-sala-de-las-francesas","status":"publish","type":"post","link":"https:\/\/www.europesays.com\/es\/341534\/","title":{"rendered":"Inaugurada la exposici\u00f3n del XXVI Certamen de Pintura ACOR en la Sala de las Francesas"},"content":{"rendered":"<p>Descripci\u00f3n<\/p>\n<ul class=\"cmListDisc\">\n<li>\nLa artista cordobesa Virginia Bersab\u00e9 gana la XXVI edici\u00f3n del certamen por \u2018A la vera\u2019.\n<\/li>\n<\/ul>\n<p class=\"cmParagraph cmAlignjustify\">La Sala Municipal de Exposiciones de las Francesas\u2013 Fundaci\u00f3n Municipal de Cultura acoge desde hoy y hasta el 1 de febrero la exposici\u00f3n de las obras finalistas del XXVI Certamen de Pintura ACOR, seleccionadas entre las 437 obras presentadas de todo el panorama nacional.<\/p>\n<p class=\"cmParagraph cmAlignjustify\">En la inauguraci\u00f3n ha participado la artista ganadora de esta edici\u00f3n, la cordobesa Virginia Bersab\u00e9, por su obra \u2018A la vera\u2019, una reflexi\u00f3n permanente sobre la memoria, el paso del tiempo y las transformaciones del cuerpo femenino. La autora ha estado acompa\u00f1ada por el concejal de Hacienda, Personal y Modernizaci\u00f3n Administrativa, Francisco Blanco, el presidente y el director general de ACOR, Jes\u00fas Posadas y Jos\u00e9 Luis Dom\u00ednguez.<\/p>\n<p class=\"cmParagraph cmAlignjustify\">El XXVI Certamen de Pintura ACOR ha contado con el apoyo del Ayuntamiento de Valladolid, que, a trav\u00e9s de la Fundaci\u00f3n Municipal de Cultura, cede la Sala de las Francesas para exponer las 27 obras seleccionadas. La exposici\u00f3n se puede visitar con entrada gratuita, hasta el 1 de febrero, en horario de martes a domingo de 12:00 a 14:00 y de 18:30 a 21:30 horas.<\/p>\n<p class=\"cmParagraph cmAlignjustify\"><strong>Homenaje a la memoria<\/strong><\/p>\n<p class=\"cmParagraph cmAlignjustify\">La pieza ganadora del XXVI Certamen de Pintura ACOR forma parte del proyecto \u00abMorada al sur\u00bb. Un proyecto pict\u00f3rico en el que la artista ha puesto el \u00e9nfasis sobre la piel, su riqueza crom\u00e1tica, la fuerza expresiva de sus texturas y sus variaciones.<\/p>\n<p class=\"cmParagraph cmAlignjustify\">Bersab\u00e9 (C\u00f3rdoba, 1990), que recibir\u00e1 un premio de 6.000 euros, es conocida por sus trabajos en torno al Alzheimer (ha pintado una serie de grandes murales en cortijos abandonados de Andaluc\u00eda). Una investigaci\u00f3n que asume una nueva luz, que dialoga con el entorno y que, por la alquimia del arte, nos confrontan al convertirse en color y en ritmo.<\/p>\n<p class=\"cmParagraph cmAlignjustify\">Con su paleta delicada, la obra de Bersab\u00e9 muestra las vicisitudes de la vejez y la verdad. Celia Guilarte Calder\u00f3n de la Barca, portavoz del jurado, afirm\u00f3 que \u00abmuestra lo crudo de la vejez, pero con sutileza. En cuanto a la t\u00e9cnica, demuestra una gran capacidad para enfrentarse a ese cuerpo, pero tambi\u00e9n al contexto, y donde prima lo luminoso. No ha habido duda, es una obra digna de reconocerse\u00bb.<\/p>\n<p class=\"cmParagraph cmAlignjustify\">Bersab\u00e9, al conocer la noticia, reconoci\u00f3 su emoci\u00f3n y asegur\u00f3 que \u00abadem\u00e1s del honor y orgullo que supone para m\u00ed, teniendo en cuenta la l\u00ednea de investigaci\u00f3n que trabajo, es un reconocimiento no solo para mi obra, sino para todas esas mujeres con las que trabajo. Esto supone darles luz y dignidad. Yo siempre pienso que un pintor siempre pinta lo que tiene en casa, y yo siempre me rode\u00e9 de mi abuela, y el amor y la familia siempre ha estado cerca. Y me fui acercando a la vejez a trav\u00e9s de la memoria y la familia\u00bb.<\/p>\n<p class=\"cmParagraph cmAlignjustify\">En esta ocasi\u00f3n no hubo menci\u00f3n especial por parte del jurado.<\/p>\n<p class=\"cmParagraph cmAlignjustify\"><strong>Edici\u00f3n r\u00e9cord con 437 obras presentadas<\/strong><\/p>\n<p class=\"cmParagraph cmAlignjustify\">La edici\u00f3n de este a\u00f1o se consolida como la que ha registrado el mayor n\u00famero de obras presentadas en la historia del certamen, \u00fanicamente superada por la edici\u00f3n especial de 2022, celebrada con motivo del 60.\u00ba aniversario de ACOR y de car\u00e1cter internacional, en la que participaron cerca de 500 artistas, 400 de ellos nacionales.<\/p>\n<p class=\"cmParagraph cmAlignjustify\">En esta convocatoria, el 20 % de las obras presentadas corresponde a artistas de Castilla y Le\u00f3n, de las cuales 44 son de autor\u00eda vallisoletana. El certamen despierta asimismo un notable inter\u00e9s en la Comunidad de Madrid, de donde proceden casi 100 de las 437 obras recibidas. En cuanto a la distribuci\u00f3n por sexo, hay una pr\u00e1ctica paridad, con 219 hombres y 207 mujeres, mientras que 11 artistas no indicaron su g\u00e9nero. Respecto a la edad, se constata un incremento de la participaci\u00f3n de menores de 35 a\u00f1os, que ya representan una quinta parte del total de artistas.<\/p>\n<p class=\"cmParagraph cmAlignjustify\"><strong>Jurado de la XXVI Edici\u00f3n del Certamen de Pintura ACOR <\/strong><\/p>\n<p class=\"cmParagraph cmAlignjustify\">La presente edici\u00f3n del Certamen de Pintura ACOR ha contado con la inestimable participaci\u00f3n de tres reconocidas personalidades del mundo del arte.<\/p>\n<p class=\"cmParagraph cmAlignjustify\">&#8211;       Celia Guilarte Calder\u00f3n de la Barca, es jefa del \u00c1rea de Comunicaci\u00f3n y Asuntos Corporativos del Museo del Prado. Miembro del Cuerpo Facultativo de Conservadores de Museos desde el a\u00f1o 2008. Licenciada en Historia del Arte por la Universidad de Salamanca en 2003, M\u00e1ster en Gesti\u00f3n de Patrimonio Cultural por la Universidad Complutense de Madrid en 2006, M\u00e1ster de Estudios Avanzados en Investigaci\u00f3n Hist\u00f3rica, Art\u00edstica y Geogr\u00e1fica por la UNED en 2018, desempe\u00f1\u00f3 el cargo de Jefa de Comunicaci\u00f3n en el Museo Nacional de Escultura desde el a\u00f1o 2008 hasta su incorporaci\u00f3n al Museo Nacional del Prado en 2018.<\/p>\n<p class=\"cmParagraph cmAlignjustify\">&#8211;       Jos\u00e9 Mar\u00eda Nieto, conocido como JM Nieto, es un ilustrador y humorista gr\u00e1fico espa\u00f1ol. Desde 2013 publica sus ilustraciones y vi\u00f1etas c\u00f3micas en el diario espa\u00f1ol ABC, en \u2018Fe de ratas\u2019, donde realiza diariamente una vi\u00f1eta cuyos protagonistas son unas simp\u00e1ticas ratas. Ha publicado varios libros de car\u00e1cter humor\u00edstico-social y ha recibido numerosas distinciones por el desarrollo de su trabajo y proyectos profesionales.<\/p>\n<p class=\"cmParagraph cmAlignjustify\">&#8211;       Augusto Ferrer-Dalmau, es un pintor espa\u00f1ol de estilo realista y academicista, especializado en pintura de historia y de batallas. Retrata en muchos casos diversos aspectos y \u00e9pocas de las Fuerzas Armadas espa\u00f1olas con gran naturalismo y atenci\u00f3n al detalle. Su obra le ha valido numerosas distinciones y reconocimientos, entre ellos la Orden de Isabel la Cat\u00f3lica, la Gran Cruz al M\u00e9rito Militar o la Medalla de Oro al M\u00e9rito en las Bellas Artes.<\/p>\n<p class=\"cmParagraph cmAlignjustify\"><strong>Sobre ACOR <\/strong><\/p>\n<p class=\"cmParagraph cmAlignjustify\">La Cooperativa ACOR, fundada en 1962 y con sede en Olmedo (Valladolid), agrupa a m\u00e1s de 3.500 socios agricultores y desarrolla su actividad en las \u00e1reas de producci\u00f3n, transformaci\u00f3n y comercializaci\u00f3n de remolacha azucarera, aceites y harinas vegetales. Comprometida con la innovaci\u00f3n y la sostenibilidad, ACOR trabaja para mejorar la eficiencia de sus procesos industriales y reforzar el valor que aporta al conjunto de sus socios y al entorno rural de Castilla y Le\u00f3n.<\/p>\n","protected":false},"excerpt":{"rendered":"Descripci\u00f3n La artista cordobesa Virginia Bersab\u00e9 gana la XXVI edici\u00f3n del certamen por \u2018A la vera\u2019. La Sala&hellip;\n","protected":false},"author":2,"featured_media":341535,"comment_status":"","ping_status":"","sticky":false,"template":"","format":"standard","meta":{"footnotes":""},"categories":[8],"tags":[4115,4109,249,1250,17,18,4107,4114,777,4110,25,24,13,14,260,11,19,20,4108,9,4112,10,15,16,4111,4116,4113,23,12,21,22,1607],"class_list":{"0":"post-341534","1":"post","2":"type-post","3":"status-publish","4":"format-standard","5":"has-post-thumbnail","7":"category-espana","8":"tag-agendas","9":"tag-alcaldia","10":"tag-ayudas","11":"tag-ayuntamiento","12":"tag-breaking-news","13":"tag-breakingnews","14":"tag-castilla","15":"tag-centros","16":"tag-ciudad","17":"tag-corporacion","18":"tag-es","19":"tag-espana","20":"tag-featured-news","21":"tag-featurednews","22":"tag-gente","23":"tag-headlines","24":"tag-latest-news","25":"tag-latestnews","26":"tag-leon","27":"tag-news","28":"tag-normativas","29":"tag-noticias","30":"tag-noticias-destacadas","31":"tag-noticiasdestacadas","32":"tag-presupuestos","33":"tag-publicaciones","34":"tag-servicios","35":"tag-spain","36":"tag-titulares","37":"tag-ultimas-noticias","38":"tag-ultimasnoticias","39":"tag-valladolid"},"share_on_mastodon":{"url":"https:\/\/pubeurope.com\/@es\/115897317635544548","error":""},"_links":{"self":[{"href":"https:\/\/www.europesays.com\/es\/wp-json\/wp\/v2\/posts\/341534","targetHints":{"allow":["GET"]}}],"collection":[{"href":"https:\/\/www.europesays.com\/es\/wp-json\/wp\/v2\/posts"}],"about":[{"href":"https:\/\/www.europesays.com\/es\/wp-json\/wp\/v2\/types\/post"}],"author":[{"embeddable":true,"href":"https:\/\/www.europesays.com\/es\/wp-json\/wp\/v2\/users\/2"}],"replies":[{"embeddable":true,"href":"https:\/\/www.europesays.com\/es\/wp-json\/wp\/v2\/comments?post=341534"}],"version-history":[{"count":0,"href":"https:\/\/www.europesays.com\/es\/wp-json\/wp\/v2\/posts\/341534\/revisions"}],"wp:featuredmedia":[{"embeddable":true,"href":"https:\/\/www.europesays.com\/es\/wp-json\/wp\/v2\/media\/341535"}],"wp:attachment":[{"href":"https:\/\/www.europesays.com\/es\/wp-json\/wp\/v2\/media?parent=341534"}],"wp:term":[{"taxonomy":"category","embeddable":true,"href":"https:\/\/www.europesays.com\/es\/wp-json\/wp\/v2\/categories?post=341534"},{"taxonomy":"post_tag","embeddable":true,"href":"https:\/\/www.europesays.com\/es\/wp-json\/wp\/v2\/tags?post=341534"}],"curies":[{"name":"wp","href":"https:\/\/api.w.org\/{rel}","templated":true}]}}