{"id":341536,"date":"2026-01-15T04:51:35","date_gmt":"2026-01-15T04:51:35","guid":{"rendered":"https:\/\/www.europesays.com\/es\/341536\/"},"modified":"2026-01-15T04:51:35","modified_gmt":"2026-01-15T04:51:35","slug":"el-artista-alejandro-gamez-presenta-geometria-abstracta-en-el-csc-caleidoscopio","status":"publish","type":"post","link":"https:\/\/www.europesays.com\/es\/341536\/","title":{"rendered":"El artista Alejandro G\u00e1mez presenta \u201cGeometr\u00eda Abstracta\u201d en el CSC Caleidoscopio"},"content":{"rendered":"<ul>\n<li class=\" cmAlignjustify\"><strong>La exposici\u00f3n se podr\u00e1 visitar del 23 de enero al 1 de marzo.<\/strong><\/li>\n<\/ul>\n<p class=\"cmParagraph cmAlignjustify\"><img loading=\"lazy\" decoding=\"async\" src=\"https:\/\/www.europesays.com\/es\/wp-content\/uploads\/2026\/01\/1430544-noticia expo alejandro.jpg\" width=\"400\" height=\"225\" alt=\"noticia expo alejandro\"\/>El Centro Sociocultural Caleidoscopio acoge del 23 de enero al 1 de marzo la exposici\u00f3n \u00abGeometr\u00eda Abstracta\u00bb, del artista Alejandro G\u00e1mez. <\/p>\n<p class=\"cmParagraph cmAlignjustify\">La muestra presenta un conjunto de obras pict\u00f3ricas donde los colores y las diferentes combinaciones crean fuertes contrastes, generando una din\u00e1mica de movimiento continuo. <\/p>\n<p class=\"cmParagraph cmAlignjustify\">En las obras, donde predominan las gamas de grises, azules, rojos, granates, negros y espacios en blanco, los espacios que se generan dan como resultado superposiciones, encuentros, inicios, puntos de fuga y dobleces. El origen no tiene un destino definido, sino el contacto y el encuentro con otros destinos geom\u00e9tricos indefinidos, que se interfieren y se alteran, con el color como elemento de equilibrio. <\/p>\n<p class=\"cmParagraph cmAlignjustify\">El artista utiliza la geometr\u00eda como elemento esencial para desarrollar composiciones espaciales que muestran un proceso evolutivo y como homenaje, entre otros, al estilo tecno, que influy\u00f3 tanto en la m\u00fasica como en la arquitectura, o a las culturas prehisp\u00e1nicas y su conceptualizaci\u00f3n de la piedra como material b\u00e1sico de construcci\u00f3n, dura, s\u00f3lida y demoledora, dentro de una naturaleza salvaje, pero bella. <\/p>\n<p class=\"cmParagraph cmAlignjustify\">El conjunto de la obra se ha realizado a trav\u00e9s de varias combinaciones de gamas similares y diferentes espesores para su aplicaci\u00f3n, con apoyo de colores pastel en barras para difuminar en ciertas \u00e1reas del cuadro.<\/p>\n","protected":false},"excerpt":{"rendered":"La exposici\u00f3n se podr\u00e1 visitar del 23 de enero al 1 de marzo. El Centro Sociocultural Caleidoscopio acoge&hellip;\n","protected":false},"author":2,"featured_media":341537,"comment_status":"","ping_status":"","sticky":false,"template":"","format":"standard","meta":{"footnotes":""},"categories":[5],"tags":[1201,6853,1250,17,18,6854,777,2800,5509,25,24,13,14,11,6852,1928,6850,19,20,6849,9,10,15,16,4111,6851,23,12,21,22,6855],"class_list":{"0":"post-341536","1":"post","2":"type-post","3":"status-publish","4":"format-standard","5":"has-post-thumbnail","7":"category-titulares","8":"tag-alcalde","9":"tag-atencioacuten-ciudadana","10":"tag-ayuntamiento","11":"tag-breaking-news","12":"tag-breakingnews","13":"tag-callejero","14":"tag-ciudad","15":"tag-distritos","16":"tag-empleo","17":"tag-es","18":"tag-espana","19":"tag-featured-news","20":"tag-featurednews","21":"tag-headlines","22":"tag-inversioacuten","23":"tag-joven","24":"tag-juventud","25":"tag-latest-news","26":"tag-latestnews","27":"tag-moacutestoles","28":"tag-news","29":"tag-noticias","30":"tag-noticias-destacadas","31":"tag-noticiasdestacadas","32":"tag-presupuestos","33":"tag-sede-electroacutenica","34":"tag-spain","35":"tag-titulares","36":"tag-ultimas-noticias","37":"tag-ultimasnoticias","38":"tag-webs-municipales"},"share_on_mastodon":{"url":"","error":"Validation failed: Text character limit of 500 exceeded"},"_links":{"self":[{"href":"https:\/\/www.europesays.com\/es\/wp-json\/wp\/v2\/posts\/341536","targetHints":{"allow":["GET"]}}],"collection":[{"href":"https:\/\/www.europesays.com\/es\/wp-json\/wp\/v2\/posts"}],"about":[{"href":"https:\/\/www.europesays.com\/es\/wp-json\/wp\/v2\/types\/post"}],"author":[{"embeddable":true,"href":"https:\/\/www.europesays.com\/es\/wp-json\/wp\/v2\/users\/2"}],"replies":[{"embeddable":true,"href":"https:\/\/www.europesays.com\/es\/wp-json\/wp\/v2\/comments?post=341536"}],"version-history":[{"count":0,"href":"https:\/\/www.europesays.com\/es\/wp-json\/wp\/v2\/posts\/341536\/revisions"}],"wp:featuredmedia":[{"embeddable":true,"href":"https:\/\/www.europesays.com\/es\/wp-json\/wp\/v2\/media\/341537"}],"wp:attachment":[{"href":"https:\/\/www.europesays.com\/es\/wp-json\/wp\/v2\/media?parent=341536"}],"wp:term":[{"taxonomy":"category","embeddable":true,"href":"https:\/\/www.europesays.com\/es\/wp-json\/wp\/v2\/categories?post=341536"},{"taxonomy":"post_tag","embeddable":true,"href":"https:\/\/www.europesays.com\/es\/wp-json\/wp\/v2\/tags?post=341536"}],"curies":[{"name":"wp","href":"https:\/\/api.w.org\/{rel}","templated":true}]}}