{"id":341558,"date":"2026-01-15T05:13:06","date_gmt":"2026-01-15T05:13:06","guid":{"rendered":"https:\/\/www.europesays.com\/es\/341558\/"},"modified":"2026-01-15T05:13:06","modified_gmt":"2026-01-15T05:13:06","slug":"huelga-de-medicos-en-espana-y-catalunya-hoy-en-directo-ultima-hora-de-las-protestas-este-15-de-enero-y-de-los-servicios-minimos-en-hospitales-y-cap-el-periodico","status":"publish","type":"post","link":"https:\/\/www.europesays.com\/es\/341558\/","title":{"rendered":"Huelga de m\u00e9dicos en Espa\u00f1a y Catalunya, hoy en directo: \u00faltima hora de las protestas este 15 de enero y de los servicios m\u00ednimos en hospitales y CAP &#8211; El Peri\u00f3dico"},"content":{"rendered":"<ol>\n<li><a href=\"https:\/\/news.google.com\/rss\/articles\/CBMi-gFBVV95cUxQTVhKbU5rTGZzNVFMNnNWRTJONG9nam1kNVhYdjlCcnB6ZE1YcVoxNC1yUVl3eThjeF9WTHpXNmRjMWEwOHpSaV9VdEFfb1RtOXU0MlFEQ1htRU5QRDNrYVROZ1BqNGtvSWNteU5yNlJSS0RRM051MHJLOVpCZ2xURDNvN2UtdmVMZGZsU3pBN0hVUllYZ2RycGlBdUwxNjBJMzAwMlVmMEFJaG5tMVNyNGJRM2xBQjh6TzdxcXhNamJ1NUNKQXI2MkE4Q1ZGSkloanNZejBwUUlxak5qRlZjWG1lQ3R0LXhFM01jbVRFeC1WYTN3ZU9XZTJn0gH6AUFVX3lxTFBlUTNVYnlWOEZNUGpXR2x0ZXBLWFZhSXpOTXNKWGxWN3VYNXY1T0FFdEE1RnQ2ekx6OEhBOUZ2WW8tWTNjVXdXRDlFUzZHUlJ0MjdwdnZWQlVwelYxTy16U3Rfb3FPSmt5cEVST2ctU3A5YnoyZ29jNWNsbUVscDE2blVCVHdrczVYNW9oUS00YzRHM1dtU0dvTEJXYVl0RldHUDZlWnBYRWNoMEFEblhyNWRNMUx5dW1TLTJtNWhCVXN5enVqemYzbTBxbnl6MnVZNWhMUkV1cmFFd3pnNjdBOUtRWC1veWl1TGJZN01zdnRkbmRCRDFybXc?oc=5\" target=\"_blank\" rel=\"nofollow noopener\">Huelga de m\u00e9dicos en Espa\u00f1a y Catalunya, hoy en directo: \u00faltima hora de las protestas este 15 de enero y de los servicios m\u00ednimos en hospitales y CAP<\/a>&nbsp;&nbsp;El Peri\u00f3dico<\/li>\n<li><a href=\"https:\/\/news.google.com\/rss\/articles\/CBMiyAFBVV95cUxOOHZQN1ZXTURFc2g2ZkY4NDFTQzRzQ2NxZXl0T2EzMGtHTlpDVGl1WWotaUJPR3FxMmNjcDNSUjFfaFFWREVzQTBmZ2M5X1VfSGdiOTJMZFlEZkV4dHdnYVo5S2tCcTdyZVhqYlkyWl9uekRUQ3puZnlpZkhmSVdiclV0ZTYyQWl3NXh2Vk4zVUhlZkxGV3hjSlVEbkJtc0JYczE2b2dpQWRocWtfYlRCVk1zOGZEaFE5NG9GZDQydHItcmVBY3NWcA?oc=5\" target=\"_blank\" rel=\"nofollow noopener\">Los j\u00f3venes tiran de una huelga m\u00e9dica con altibajos: \u00abMantenemos el pulso\u00bb<\/a>&nbsp;&nbsp;Redacci\u00f3n M\u00e9dica<\/li>\n<li><a href=\"https:\/\/news.google.com\/rss\/articles\/CBMijgFBVV95cUxQWGlyVUZfVlRLcWxsOHFwNW4yaVBuaVBETHV1eDFVZl94OExBYWQxdzRfdUhIWkVEZ1JLYUo0X0pTV0xiaDNTdHVvc0xIQmZzTU1YX2E0Mjg1UVdJZG9RX2JBUjZFN2dOX25fR1FYS1huV2pscG1KZVg4OHlzX3Axa3gtT0J0N1l4SnNVUFpB0gGOAUFVX3lxTFBPX0ZxWGE2RjhXSzhBN2MyX0luNDM0NXM4MkV2V0NkMElmQVNMaHB0eXJ3NkM5RFhBUzF6Z1dlOFpEQWtSc3J3MzhrM0VRTmxRQzFQS1ZvSDFoWHFzWDQ1SU9oNTVua2FyYlVxeDNhNjZGdmY4akEyMFVYY1BibDBJWlZsM0xUMi1zeGJONkE?oc=5\" target=\"_blank\" rel=\"nofollow noopener\">Contin\u00faa el pulso de los m\u00e9dicos a Sanidad con la primera jornada de huelga de 2026: \u00abLas propuestas nos dejan en la misma situaci\u00f3n de discriminaci\u00f3n y de semiesclavitud que en 2003\u00bb<\/a>&nbsp;&nbsp;El Mundo<\/li>\n<li><a href=\"https:\/\/news.google.com\/rss\/articles\/CBMihAJBVV95cUxORkxoNDFxTVM5U3Y3MUZfWkNtTk9qX01KaWdTNHBLTG5iVkRmQzg1d0JnUnlkQnpqdFZUQlJodTFHTUxzSGpkRzYwWE1wOTlsS0VWLTFZZF90U0JaUEQ1RWtnS2IyM19WZkV6dFZaSnRvOU5pSjZJME1DRTJRUFhXVUxjaVcyUmZrel9aN29HWkVPWDBMUDZJanJGb1FiRE9yT2p3YXUyUlN4RUU3ZnV3U1NXRTRGZzk4RXRfOEpUQnp6dl9tWGhMQTA1M05GWmY2cXpUbTFJeERiWHFKQW5ucHFhS2JwTXdjTnQ4UWdKWTdnZkEtdTNrQWNPWVU4cGNsbDJja9IBoAJBVV95cUxNZXZBRXlnRkRNOWFMSEZOMUp0dlZnYUNHU1l4RDUyWFpkWHNPVC1vejEtVkVFN0hLdEpnM2MzdXJTLXJiUS1iWld2QUU0WUpSNW9aSEwyY0x6NTB3UWF3MHAtdzRxVC02VS04U2p4SHhuNkVXb05kNVhhWXdhOEVKa1Uxeno4UE5ydU9FVlBTTHdNY096MzZnUHNScjFhb0hpNDJfVkgtdjNCLVF2YWlreFBuektQaGZucHZGUUx6YUZIYWV0em43cEZ3SE0xTXd3NjgxWTRLNHlwS3V5SnFZcmRBUUsyVWdrTnRreGJFM3FQOGpZVlliRVhVVUplcDR0UFJneW5TMTZ2UnhaR0dhQ1N0N2N3Ulp4R3VRZnJaTkg?oc=5\" target=\"_blank\" rel=\"nofollow noopener\">La primera jornada de huelga de los m\u00e9dicos contra el estatuto marco obliga a cancelar 205 cirug\u00edas en Galicia<\/a>&nbsp;&nbsp;La Voz de Galicia<\/li>\n<li><a href=\"https:\/\/news.google.com\/rss\/articles\/CBMiqwFBVV95cUxNRWp0TlY1bzJzSnhQWWY0Z0lPbkpMeVBpdnU2M19ZT2pwMC1GaGFFclQxT0hDck9NZDhWSmplTnJTbjkwdlFtdlRoWGdHOG1pMHRaakhPQ3lTZXdDeE53SnNja0tzQ3NnMHJzRkxZbVh0bmRiVnVQWUNLYjgyaFp5UnhEeUNxaG5LZGRlZ0FXUGV0MUphd0pLLVJkNkZTZll5Vm1EcHdCMVB5S1E?oc=5\" target=\"_blank\" rel=\"nofollow noopener\">&#8216;Pinchazo&#8217; de la \u00faltima huelga a la que los m\u00e9dicos van por separado, solo convocada en ocho autonom\u00edas<\/a>&nbsp;&nbsp;ABC<\/li>\n<\/ol>\n","protected":false},"excerpt":{"rendered":"Huelga de m\u00e9dicos en Espa\u00f1a y Catalunya, hoy en directo: \u00faltima hora de las protestas este 15 de&hellip;\n","protected":false},"author":2,"featured_media":338026,"comment_status":"","ping_status":"","sticky":false,"template":"","format":"standard","meta":{"footnotes":""},"categories":[8],"tags":[17,18,25,24,13,14,11,19,20,9,10,15,16,23,12,21,22],"class_list":{"0":"post-341558","1":"post","2":"type-post","3":"status-publish","4":"format-standard","5":"has-post-thumbnail","7":"category-espana","8":"tag-breaking-news","9":"tag-breakingnews","10":"tag-es","11":"tag-espana","12":"tag-featured-news","13":"tag-featurednews","14":"tag-headlines","15":"tag-latest-news","16":"tag-latestnews","17":"tag-news","18":"tag-noticias","19":"tag-noticias-destacadas","20":"tag-noticiasdestacadas","21":"tag-spain","22":"tag-titulares","23":"tag-ultimas-noticias","24":"tag-ultimasnoticias"},"share_on_mastodon":{"url":"https:\/\/pubeurope.com\/@es\/115897408185425537","error":""},"_links":{"self":[{"href":"https:\/\/www.europesays.com\/es\/wp-json\/wp\/v2\/posts\/341558","targetHints":{"allow":["GET"]}}],"collection":[{"href":"https:\/\/www.europesays.com\/es\/wp-json\/wp\/v2\/posts"}],"about":[{"href":"https:\/\/www.europesays.com\/es\/wp-json\/wp\/v2\/types\/post"}],"author":[{"embeddable":true,"href":"https:\/\/www.europesays.com\/es\/wp-json\/wp\/v2\/users\/2"}],"replies":[{"embeddable":true,"href":"https:\/\/www.europesays.com\/es\/wp-json\/wp\/v2\/comments?post=341558"}],"version-history":[{"count":0,"href":"https:\/\/www.europesays.com\/es\/wp-json\/wp\/v2\/posts\/341558\/revisions"}],"wp:featuredmedia":[{"embeddable":true,"href":"https:\/\/www.europesays.com\/es\/wp-json\/wp\/v2\/media\/338026"}],"wp:attachment":[{"href":"https:\/\/www.europesays.com\/es\/wp-json\/wp\/v2\/media?parent=341558"}],"wp:term":[{"taxonomy":"category","embeddable":true,"href":"https:\/\/www.europesays.com\/es\/wp-json\/wp\/v2\/categories?post=341558"},{"taxonomy":"post_tag","embeddable":true,"href":"https:\/\/www.europesays.com\/es\/wp-json\/wp\/v2\/tags?post=341558"}],"curies":[{"name":"wp","href":"https:\/\/api.w.org\/{rel}","templated":true}]}}