{"id":341559,"date":"2026-01-15T05:14:08","date_gmt":"2026-01-15T05:14:08","guid":{"rendered":"https:\/\/www.europesays.com\/es\/341559\/"},"modified":"2026-01-15T05:14:08","modified_gmt":"2026-01-15T05:14:08","slug":"tras-una-tensa-reunion-entre-dinamarca-y-ee-uu-las-potencias-europeas-envian-refuerzos-a-groenlandia","status":"publish","type":"post","link":"https:\/\/www.europesays.com\/es\/341559\/","title":{"rendered":"Tras una tensa reuni\u00f3n entre Dinamarca y EE.UU., las potencias europeas env\u00edan refuerzos a Groenlandia"},"content":{"rendered":"<p class=\"com-paragraph  --capital --s\">WASHINGTON.\u2013 Luego de que el presidente <strong>Donald Trump<\/strong> insistiera sobre la <strong>\u201cnecesidad\u201d de Estados Unidos<\/strong> <strong>de <\/strong><a href=\"https:\/\/www.lanacion.com.ar\/el-mundo\/es-estrategica-desde-mas-de-una-perspectiva-por-que-groenlandia-es-tan-codiciada-por-trump-nid10012026\/\" target=\"_self\" title=\"https:\/\/www.lanacion.com.ar\/el-mundo\/es-estrategica-desde-mas-de-una-perspectiva-por-que-groenlandia-es-tan-codiciada-por-trump-nid10012026\/\" class=\"com-link break-word\" data-mrf-recirculation=\"n_link_parrafo\" rel=\"nofollow noopener\"><strong>tomar el control de Groenlandia<\/strong> <\/a>y anticipara as\u00ed una <strong>tensa<\/strong> <strong>reuni\u00f3n en la Casa Blanca en la que se debati\u00f3 sobre el futuro del territorio semiaut\u00f3nomo<\/strong>, el canciller dan\u00e9s, <strong>Lars Lokke Rasmussen<\/strong>, afirm\u00f3 tras el encuentro que <strong>persiste un \u201cdesacuerdo fundamental\u201d <\/strong>con el presidente norteamericano, aunque dej\u00f3 una <strong>puerta abierta a trabajar<\/strong> <strong>para superar las diferencias<\/strong> entre Copenhague y Washington.<\/p>\n<p class=\"com-paragraph   --s\"><strong>\u201cNo digo que se haya resuelto nada. No logramos que Estados Unidos cambiara de postura. <\/strong>Est\u00e1 claro que el presidente tiene ese \u200c<strong>deseo de conquistar Groenlandia<\/strong>\u201d, se\u00f1al\u00f3 Rasmussen a la prensa tras la reuni\u00f3n de alto nivel, a la que calific\u00f3 de <strong>\u201cfranca, pero constructiva\u201d<\/strong>. Acompa\u00f1ado por la jefa de la diplomacia groenlandesa, <strong>Vivian Motzfeldt<\/strong>, el canciller dan\u00e9s fue recibido en la Casa Blanca por el vicepresidente <strong>J.D. Vance<\/strong> y el secretario de Estado, <strong>Marco Rubio<\/strong>.<\/p>\n<p class=\"com-paragraph   --s\">M\u00e1s tarde, el propio Trump destac\u00f3 en el Sal\u00f3n Oval la \u201cmuy buena relaci\u00f3n\u201d de Estados Unidos con Dinamarca y que cre\u00eda que ambos gobiernos encontrar\u00e1n <strong>\u201cuna soluci\u00f3n\u201d <\/strong>a las intenciones declaradas del mandatario, quien pretende hacerse con el control de Groenlandia por su <strong>ubicaci\u00f3n estrat\u00e9gica<\/strong>, sus recursos naturales y -seg\u00fan afirma- para evitar que Rusia o China la \u200docupen. <strong>\u201cNo voy a renunciar a ninguna opci\u00f3n\u201d<\/strong>, recalc\u00f3 el mandatario. <\/p>\n<p class=\"com-paragraph   --s\"><strong>\u201cDecidimos formar un grupo de trabajo de alto nivel para explorar si podemos encontrar una soluci\u00f3n com\u00fan\u201d<\/strong>, ampli\u00f3 el canciller dan\u00e9s en una conferencia de prensa. \u201cAunque discrepamos, <strong>es en inter\u00e9s de todos que acordemos explorar si es viable atender algunas de las preocupaciones, <\/strong>respetando al mismo tiempo la integridad del territorio del reino dan\u00e9s y la autodeterminaci\u00f3n del pueblo groenland\u00e9s\u201d, declar\u00f3 Rasmussen.<\/p>\n<p class=\"com-paragraph   --s\">\u201cSi bien nuestra visi\u00f3n sobre la situaci\u00f3n actual en Groenlandia difiere de las declaraciones p\u00fablicas en Estados Unidos, <strong>compartimos las preocupaciones a largo plazo<\/strong>\u201d, agreg\u00f3 el canciller, para enviar un gui\u00f1o a su contraparte norteamericana. <\/p>\n<p class=\"com-paragraph   --s\">M\u00e1s temprano, previo a un encuentro que hab\u00eda generado <strong>altas expectativas a ambos lados del Atl\u00e1ntico<\/strong>, Trump hab\u00eda hecho un incendiario posteo sobre Groenlandia en su red Truth Social que recalent\u00f3 la pulseada con sus aliados europeos y de la OTAN.<\/p>\n<p class=\"com-paragraph   --s\">\u201c<strong>Estados Unidos necesita Groenlandia por motivos de seguridad nacional<\/strong>. <strong>Es vital para la C\u00fapula Dorada que estamos construyendo<\/strong>. La OTAN deber\u00eda liderar el camino para que la consigamos. \u00a1Si no lo hacemos nosotros, lo har\u00e1n Rusia o China, y eso no va a suceder!\u201c, hab\u00eda escrito esta ma\u00f1ana Trump. <\/p>\n<p class=\"com-paragraph   --s\">\u201cMilitarmente, sin el vasto poder de Estados Unidos, gran parte del cual constru\u00ed durante mi primer mandato y que ahora estoy llevando a un nivel nuevo y a\u00fan m\u00e1s alto, la <strong>OTAN<\/strong> no ser\u00eda una fuerza ni un elemento disuasorio eficaz, \u00a1ni de lejos! Ellos lo saben, y yo tambi\u00e9n. <strong>La OTAN se vuelve mucho m\u00e1s formidable y eficaz con Groenlandia en manos de Estados Unidos. Cualquier otra opci\u00f3n es inaceptable<\/strong>\u201c, ahond\u00f3 el l\u00edder republicano en su mensaje, que se sum\u00f3 a una catarata de advertencias en los \u00faltimos meses sobre sus intenciones de tomar el territorio semiaut\u00f3nomo en el \u00c1rtico.<\/p>\n<p class=\"com-paragraph   --s\">Algunos funcionarios europeos, que esperaban que la reuni\u00f3n en la Casa Blanca sirviera para obtener aclaraciones de Rubio sobre la pol\u00edtica de la Casa Blanca hacia Groenlandia, hab\u00edan expresado su <strong>inquietud antes de las conversaciones<\/strong>, debido a la participaci\u00f3n prevista de Vance. En el pasado el vicepresidente hab\u00eda mostrado un discurso cr\u00edtico con los aliados tradicionales de Estados Unidos, incluidos los de la OTAN.<\/p>\n<p>Donald Trump considera a Groenlandia una isla estrat\u00e9gica para la seguridad nacional de Estados Unidos.Evgeniy Maloletka  &#8211; AP <\/p>\n<p class=\"com-paragraph   --s\">Ante las crecientes presiones norteamericanas, Copenhague ha ofrecido una <strong>mayor cooperaci\u00f3n militar y econ\u00f3mica con Estados Unidos<\/strong>, pero sus autoridades se oponen rotundamente a la insistencia de Trump de que cedan el control de Groenlandia.<\/p>\n<p>Los primeros ministros de Groenlandia, Jens-Frederik Nielsen, y de Dinamarca, Mette Frederiksen, en una conferencia de prensa en Copenhague, el 13 de enero de 2026.LISELOTTE SABROE &#8211; Ritzau Scanpix<\/p>\n<p class=\"com-paragraph   --s\">La primera ministra danesa, <strong>Mette Frederiksen<\/strong>, hab\u00eda alertado que una intervenci\u00f3n estadounidense contra Groenlandia \u2014que, como parte del reino de Dinamarca, ya est\u00e1 bajo la protecci\u00f3n de la OTAN\u2014 destruir\u00eda la alianza. Y el premier de la isla, <strong>Jens-Frederik Nielsen<\/strong>, ya dej\u00f3 en claro que su poblaci\u00f3n no est\u00e1 interesada en una anexi\u00f3n por parte de Estados Unidos.<\/p>\n<p class=\"com-paragraph   --s\">\u201c<strong>Si tuvi\u00e9ramos que elegir entre Estados Unidos y Dinamarca aqu\u00ed y ahora, elegimos Dinamarca. <\/strong>Elegimos la <strong>OTAN<\/strong>, el reino de Dinamarca y la Uni\u00f3n Europea\u201d, dijo el martes, durante una conferencia de prensa conjunta en Copenhague con Frederiksen.<\/p>\n<p class=\"com-paragraph   --s\">Adem\u00e1s, seg\u00fan una encuesta de Reuters\/Ipsos publicada este mi\u00e9rcoles, <strong>solo el 17% de los estadounidenses aprueba los esfuerzos de Trump para tomar el control Groenlandia<\/strong>, y una amplia mayor\u00eda de dem\u00f3cratas y republicanos se opone a un posible uso de la fuerza militar para anexionar la isla.<\/p>\n<p class=\"com-paragraph   --s\">Desde que regres\u00f3 al poder hace casi un a\u00f1o, Trump insiste en que Estados Unidos debe tomar Groenlandia, una extensa isla de 2,16 millones de kil\u00f3metros cuadrados y apenas 57.000 habitantes, <strong>estrat\u00e9gica por su ubicaci\u00f3n, sus recursos minerales y por el deshielo acelerado del \u00c1rtico<\/strong>, que abre nuevas rutas comerciales hacia Asia.<\/p>\n<p class=\"com-paragraph   --s\">El tono se endureci\u00f3 a\u00fan m\u00e1s tras el operativo militar norteamericano en Venezuela del 3 de enero pasado para capturar al presidente <strong>Nicol\u00e1s Maduro<\/strong> y abrir una nueva etapa en la relaci\u00f3n con el r\u00e9gimen chavista, lo que marc\u00f3 un <strong>giro m\u00e1s agresivo de la pol\u00edtica exterior de Washington<\/strong> en el continente.<\/p>\n<p class=\"com-paragraph   --s\">La semana pasada, durante un encuentro con ejecutivos de compa\u00f1\u00edas petroleras para discutir los planes sobre el futuro de la industria en Venezuela, Trump hab\u00eda se\u00f1alado que Groenlandia pasar\u00eda a manos de Estados Unidos, y que si no era \u201cpor las buenas\u201d, ser\u00eda \u201cpor las malas\u201d.<\/p>\n<p class=\"com-paragraph   --s\">\u201c<strong>El problema es que Dinamarca no puede hacer nada si Rusia o China quieren ocupar Groenlandia, pero nosotros s\u00ed podemos hacer mucho. <\/strong>Lo comprobamos la semana pasada con Venezuela. No puedo confiar en que Dinamarca sea capaz de defenderse por s\u00ed sola\u00bb, dijo el presidente esta tarde.<\/p>\n<p class=\"com-paragraph   --s\">Por la ma\u00f1ana, en otro posteo, el mandatario hab\u00eda reforzado esa visi\u00f3n al citar un art\u00edculo period\u00edstico sobre una advertencia de los servicios de inteligencia daneses el a\u00f1o pasado sobre los \u201cobjetivos militares de Rusia y China\u201d con respecto a Groenlandia y el \u00c1rtico. <strong>\u201cOTAN: \u00a1d\u00edganle a Dinamarca que los saquen de aqu\u00ed, ahora! \u00a1Dos trineos tirados por perros no bastar\u00e1n! \u00a1Solo Estados Unidos puede hacerlo!<\/strong>\u201c, escribi\u00f3 Trump.<\/p>\n<p class=\"com-paragraph   --s\">Trump justifica su inter\u00e9s en la isla en t\u00e9rminos de seguridad nacional y defensa estrat\u00e9gica, y lo vincula con la necesidad de frenar una supuesta expansi\u00f3n rusa y china en el \u00c1rtico. Sin embargo, ni Mosc\u00fa ni Pek\u00edn reclaman soberan\u00eda sobre Groenlandia, y tanto <strong>expertos como residentes locales ponen en duda esa narrativa<\/strong>.<\/p>\n<p class=\"com-paragraph   --s\">Ante la escalada verbal de Washington, <strong>Dinamarca anunci\u00f3 que reforzar\u00eda \u201ca partir de hoy\u201d su presencia militar en Groenlandia<\/strong> y que impulsar\u00e1 m\u00e1s ejercicios y una mayor participaci\u00f3n de la OTAN en el \u00c1rtico. \u201c<strong>Seguiremos reforzando nuestra presencia militar en Groenlandia<\/strong>, pero tambi\u00e9n insistiremos en una mayor presencia de la OTAN en el \u00c1rtico\u201d, afirm\u00f3 el ministro de Defensa dan\u00e9s, Troels Lund Poulsen.<\/p>\n<p class=\"com-paragraph   --s\">Ante las advertencias de Trump, las reacciones europeas se multiplicaron, con refuerzos a la seguridad en la isla estrat\u00e9gica.<\/p>\n<p class=\"com-paragraph   --s\">En Par\u00eds, el presidente <strong>Emmanuel Macron<\/strong> advirti\u00f3 que una violaci\u00f3n de la soberan\u00eda groenlandesa tendr\u00eda <strong>\u201cconsecuencias en cascada in\u00e9ditas\u201d para Europa y la alianza atl\u00e1ntica<\/strong>. Desde Bruselas, la presidenta de la Comisi\u00f3n Europea, <strong>Ursula von der Leyen<\/strong>, fue tajante: <strong>\u201cGroenlandia pertenece a sus habitantes. Pueden contar con nosotros\u201d<\/strong>.<\/p>\n<p>El presidente franc\u00e9s, Emmanuel Macron, en Par\u00eds.MICHEL EULER  &#8211; POOL <\/p>\n<p class=\"com-paragraph   --s\">Francia, adem\u00e1s, anunci\u00f3 que <strong>abrir\u00e1 un consulado en Groenlandia el 6 de febrero<\/strong>, una fuerte se\u00f1al pol\u00edtica destinada a reforzar su presencia diplom\u00e1tica y cient\u00edfica en la isla en medio de la tensi\u00f3n con Washington.<\/p>\n<p class=\"com-paragraph   --s\">Adem\u00e1s, <strong>Francia, Alemania y Suecia anunciaron ayer que enviar\u00e1n efectivos para participar en una misi\u00f3n militar europea en Groenlandia <\/strong>esta semana para apoyar a Dinamarca, ante las amenazas de Estados Unidos.<\/p>\n<p class=\"com-paragraph   --s\">El Ministerio de Defensa de Alemania afirm\u00f3 que \u201cel objetivo es examinar las condiciones marco para <strong>posibles contribuciones militares <\/strong>destinadas a apoyar a Dinamarca en la garant\u00eda de la seguridad en la regi\u00f3n, por ejemplo, en el \u00e1mbito de las capacidades de vigilancia mar\u00edtima\u201d.<\/p>\n<p class=\"com-paragraph   --s\">El ej\u00e9rcito de Francia inform\u00f3 que tambi\u00e9n enviar\u00e1 militares a la misi\u00f3n europea, sin dar m\u00e1s precisiones, despu\u00e9s de que Suecia anunciara que despleg\u00f3 efectivos en Groenlandia, a pedido de Dinamarca.<\/p>\n<p class=\"com-paragraph   --s\">\u201cAlgunos oficiales de las Fuerzas Armadas suecas llegaron hoy a Groenlandia. Son parte de un grupo de varios pa\u00edses aliados. <strong>Juntos preparar\u00e1n eventos en el marco de los ejercicios de la Operaci\u00f3n \u00c1rtica de Resistencia\u201d danesa<\/strong>, dijo el primer ministro Ulf Kristersson en X.<\/p>\n<p class=\"com-paragraph   --s\">Dos militares noruegos tambi\u00e9n ser\u00e1n enviados a Groenlandia para planificar una mayor cooperaci\u00f3n con los aliados, seg\u00fan declar\u00f3 el ministro de Defensa sueco, Tore O. Sandvik, al peri\u00f3dico VG.<\/p>\n<p class=\"com-paragraph   --s\">El debate tambi\u00e9n lleg\u00f3 al Congreso norteamericano. Senadores dem\u00f3cratas y republicanos presentaron un proyecto de ley bipartidista que busca prohibir el uso de fondos federales para anexar o tomar el control de Groenlandia \u2014o de cualquier territorio de un aliado de la OTAN\u2014 sin el consentimiento expl\u00edcito del pa\u00eds involucrado o del Consejo del Atl\u00e1ntico Norte.<\/p>\n","protected":false},"excerpt":{"rendered":"WASHINGTON.\u2013 Luego de que el presidente Donald Trump insistiera sobre la \u201cnecesidad\u201d de Estados Unidos de tomar el&hellip;\n","protected":false},"author":2,"featured_media":341560,"comment_status":"","ping_status":"","sticky":false,"template":"","format":"standard","meta":{"footnotes":""},"categories":[5],"tags":[17,18,18680,25,24,4049,13,14,11,408,19,20,9,10,15,16,88,23,12,21,22],"class_list":{"0":"post-341559","1":"post","2":"type-post","3":"status-publish","4":"format-standard","5":"has-post-thumbnail","7":"category-titulares","8":"tag-breaking-news","9":"tag-breakingnews","10":"tag-demonstration","11":"tag-es","12":"tag-espana","13":"tag-essential","14":"tag-featured-news","15":"tag-featurednews","16":"tag-headlines","17":"tag-horizontal","18":"tag-latest-news","19":"tag-latestnews","20":"tag-news","21":"tag-noticias","22":"tag-noticias-destacadas","23":"tag-noticiasdestacadas","24":"tag-politics","25":"tag-spain","26":"tag-titulares","27":"tag-ultimas-noticias","28":"tag-ultimasnoticias"},"share_on_mastodon":{"url":"https:\/\/pubeurope.com\/@es\/115897411985359583","error":""},"_links":{"self":[{"href":"https:\/\/www.europesays.com\/es\/wp-json\/wp\/v2\/posts\/341559","targetHints":{"allow":["GET"]}}],"collection":[{"href":"https:\/\/www.europesays.com\/es\/wp-json\/wp\/v2\/posts"}],"about":[{"href":"https:\/\/www.europesays.com\/es\/wp-json\/wp\/v2\/types\/post"}],"author":[{"embeddable":true,"href":"https:\/\/www.europesays.com\/es\/wp-json\/wp\/v2\/users\/2"}],"replies":[{"embeddable":true,"href":"https:\/\/www.europesays.com\/es\/wp-json\/wp\/v2\/comments?post=341559"}],"version-history":[{"count":0,"href":"https:\/\/www.europesays.com\/es\/wp-json\/wp\/v2\/posts\/341559\/revisions"}],"wp:featuredmedia":[{"embeddable":true,"href":"https:\/\/www.europesays.com\/es\/wp-json\/wp\/v2\/media\/341560"}],"wp:attachment":[{"href":"https:\/\/www.europesays.com\/es\/wp-json\/wp\/v2\/media?parent=341559"}],"wp:term":[{"taxonomy":"category","embeddable":true,"href":"https:\/\/www.europesays.com\/es\/wp-json\/wp\/v2\/categories?post=341559"},{"taxonomy":"post_tag","embeddable":true,"href":"https:\/\/www.europesays.com\/es\/wp-json\/wp\/v2\/tags?post=341559"}],"curies":[{"name":"wp","href":"https:\/\/api.w.org\/{rel}","templated":true}]}}