{"id":341592,"date":"2026-01-15T05:47:10","date_gmt":"2026-01-15T05:47:10","guid":{"rendered":"https:\/\/www.europesays.com\/es\/341592\/"},"modified":"2026-01-15T05:47:10","modified_gmt":"2026-01-15T05:47:10","slug":"lali-esposito-se-casa-con-pedro-rosemblat-tras-dos-anos-de-relacion","status":"publish","type":"post","link":"https:\/\/www.europesays.com\/es\/341592\/","title":{"rendered":"Lali Esp\u00f3sito se casa con Pedro Rosemblat tras dos a\u00f1os de relaci\u00f3n"},"content":{"rendered":"<p id=\"eT49kNy8vK_\" data-wc=\"94\">Lali Esp\u00f3sito ha compartido la feliz noticia con la que ha empezado el a\u00f1o; \u00a1se casa! Para hacerlo, la cantante ha publicado en sus redes sociales unas in\u00e9ditas fotograf\u00edas donde su espectacular anillo de compromiso, de oro y con dos piedras preciosas, es el protagonista. Fue a principios del 2024 cuando la int\u00e9rprete de temas como Fan\u00e1tico o No me importa anunciaba que estaba enamorada de nuevo del periodista y humorista Pedro Rosemblat. Ahora, dos a\u00f1os despu\u00e9s,<a class=\"hm-link ho-link\" href=\"https:\/\/www.hola.com\/actualidad\/20240420252676\/lali-esposito-perfil-nsv\/\" data-mrf-recirculation=\"article-body-link\" rel=\"nofollow noopener\" target=\"_blank\">\u00a0la joven pareja da un paso m\u00e1s en su relaci\u00f3n<\/a> al compartir que pasar\u00e1n por el altar.\u00a0<\/p>\n<p> <img src=\"https:\/\/www.europesays.com\/es\/wp-content\/uploads\/2026\/01\/7ae69ca3d33b-saveclipapp616233463185593766800502942253527488838994752n.jpg\"   width=\"768\" height=\"1024\" loading=\"lazy\" decoding=\"async\" alt=\"Media Image\" fetchpriority=\"auto\" class=\"image ho-image\"\/>\u00a9 @lali<\/p>\n<p id=\"eCRGO9GpO8t\" data-wc=\"75\">Si bien no han trascendido m\u00e1s detalles de c\u00f3mo ser\u00e1 el enlace o c\u00f3mo fue el momento pedida, Lali y Pedro han dejado claro que est\u00e1n muy emocionados con esta nueva etapa de sus vidas. Por las instant\u00e1neas que ha mostrado la cantante, podemos ver a los futuros marido y mujer disfrutando de unas divertidas vacaciones en la costa brasile\u00f1a. \u00abNos casamos\u00bb, ha escrito junto a las im\u00e1genes, donde la complicidad entre ambos toma protagonismo.\u00a0<\/p>\n<p> <img src=\"https:\/\/www.europesays.com\/es\/wp-content\/uploads\/2026\/01\/3a347298e532-saveclipapp615928854185593766530502941082374123164029129n.jpg\"   width=\"768\" height=\"1024\" loading=\"lazy\" decoding=\"async\" alt=\"Su anillo de compromiso\" fetchpriority=\"auto\" class=\"image ho-image\"\/>\u00a9 @laliSu anillo de compromiso<\/p>\n<p id=\"eHdrQhRp9r\" data-wc=\"76\">Desde d\u00edas relaj\u00e1ndose al sol hasta ajetreadas fiesta a pie de playa, la artista y el humorista se han deleitado con unos d\u00edas de &#8216;relax&#8217; alejados de la rutina. A principios de mes, Lali compart\u00eda que estar\u00eda en Brasil de vacaciones y, tal y como se comprueba en las im\u00e1genes publicadas por la int\u00e9rprete, <a class=\"hm-link ho-link\" href=\"https:\/\/www.hola.com\/actualidad\/20240214249089\/lali-esposito-confirma-estar-de-nuevo-enamorada-quien-es-el\/\" data-mrf-recirculation=\"article-body-link\" rel=\"nofollow noopener\" target=\"_blank\">ha sido all\u00ed donde su compromiso ha florecido<\/a>. Con las paradis\u00edacas playas de Ubatuba, Lali posaba muy ilusionada con su precioso anillo.\u00a0<\/p>\n<p>Dos a\u00f1os de relaci\u00f3n<\/p>\n<p id=\"e69AlYTnTO\" data-wc=\"66\">La relaci\u00f3n de Lali y Pedro comenz\u00f3 a finales de 2023, aunque no fue hasta pasado San Valent\u00edn que la cantante compart\u00eda que su coraz\u00f3n estaba ocupado de nuevo. Tras meses de rumores, durante los que fueron vistos interactuando en varias ocasiones (lo que hizo saltar todas las alarmas a sus fans), la propia int\u00e9rprete fue la encargada de publicar las ansiadas im\u00e1genes de su romance.\u00a0<\/p>\n<p> <img src=\"https:\/\/www.europesays.com\/es\/wp-content\/uploads\/2026\/01\/8ad83b9f5a7c-saveclipapp615591625185593766710502948486084221289325077n.jpg\"   width=\"768\" height=\"1024\" loading=\"lazy\" decoding=\"async\" alt=\"Media Image\" fetchpriority=\"auto\" class=\"image ho-image\"\/>\u00a9 @lali<\/p>\n<p> <img src=\"https:\/\/www.europesays.com\/es\/wp-content\/uploads\/2026\/01\/221e047d1ddf-saveclipapp613620744185593766980502941972824152851882720n.jpg\"   width=\"768\" height=\"1024\" loading=\"lazy\" decoding=\"async\" alt=\"Lali y Pedro bailando en una playa\" fetchpriority=\"auto\" class=\"image ho-image\"\/>\u00a9 @laliLali y Pedro bailando en una playa<\/p>\n<p id=\"eBrPWqtXMa\" data-wc=\"50\">En ellas, Lali nos hac\u00eda testigos de su espectaculares vacaciones en Uruguay. En ellas, l<a class=\"hm-link ho-link\" href=\"https:\/\/www.hola.com\/actualidad\/20220922217470\/lali-esposito-nueva-serie-el-fin-del-amor-colaboradora-el-hormiguero-dn\/\" data-mrf-recirculation=\"article-body-link\" rel=\"nofollow noopener\" target=\"_blank\">a cantante nos descubr\u00eda la compa\u00f1\u00eda tan especial con la que hab\u00eda contado<\/a> en este viaje y, acompa\u00f1ado de un simple coraz\u00f3n blanco, nos introduc\u00eda en c\u00f3mo hab\u00eda sido su estancia en la tierra del este.\u00a0<\/p>\n<p> <img src=\"https:\/\/www.europesays.com\/es\/wp-content\/uploads\/2026\/01\/b9501f567edb-saveclipapp615513471185593767070502946021288626859674123n.jpg\"   width=\"768\" height=\"1024\" loading=\"lazy\" decoding=\"async\" alt=\"Media Image\" fetchpriority=\"auto\" class=\"image ho-image\"\/>\u00a9 @lali<\/p>\n<p id=\"eFN8m5T8wX\" data-wc=\"77\">Previamente, la cantante hab\u00eda ido dejando pistas de su relaci\u00f3n. Durante algunas de sus citas, las c\u00e1maras captaron su actitud c\u00f3mplice que denotaba que entre ellos podr\u00eda haber m\u00e1s que una amistad. Sin embargo, ninguno de los protagonistas de esta historia de amor se pronunci\u00f3 ante las miles de dudas que inundaban la naturaleza de su relaci\u00f3n, a la par que los encuentros entre ellos comenzaban a ser cada vez m\u00e1s frecuentes, y tend\u00edan a esconderse menos.\u00a0<\/p>\n<p>Una pareja muy exitosa<\/p>\n<p id=\"ejTEEh5G5D\" data-wc=\"81\"><a class=\"hm-link ho-link\" href=\"https:\/\/www.hola.com\/actualidad\/20240507253554\/lali-esposito-emocion-concursante-factor-x-cancer\/\" data-mrf-recirculation=\"article-body-link\" rel=\"nofollow noopener\" target=\"_blank\">Lali y Pedro forman una de las parejas m\u00e1s exitosas del panorama cultural internacional<\/a>. La cantante triunfa como una de las artistas argentinas m\u00e1s reconocidas mundialmente, con numerosos galardones que confirman su talento (entre los que se encuentran un MTV EMA y un Billboard Latin Music Awards). Adem\u00e1s, ha sido jurado de programas como Factor X y colaboradora de otros como El Hormiguero; siendo tambi\u00e9n protagonista de series como Sky Rojo, consolid\u00e1ndose como uno de los talentos revelaci\u00f3n de la industria.<\/p>\n<p> <img src=\"https:\/\/www.europesays.com\/es\/wp-content\/uploads\/2026\/01\/a47d4e9fb917-saveclipapp615478496185593766620502942194604565493519016n.jpg\"   width=\"768\" height=\"1024\" loading=\"lazy\" decoding=\"async\" alt=\"Media Image\" fetchpriority=\"auto\" class=\"image ho-image\"\/>\u00a9 @lali<\/p>\n<p id=\"ejn9OEM_uwp\" data-wc=\"74\">Por su parte, Pedro es humorista, animador y creador de contenido. En marzo de 2012, comenzaba a ser popular en las redes a partir de la creaci\u00f3n del perfil de &#8216;El Pibe Trosko&#8217;, un personaje con el que se met\u00eda de lleno en la pol\u00edtica desde la parodia y el humor. Esto le llevar\u00eda a publicar un libro bajo este mismo seud\u00f3nimo en 2013. Desde entonces, triunfa en redes sociales y la peque\u00f1a pantalla.\u00a0<\/p>\n","protected":false},"excerpt":{"rendered":"Lali Esp\u00f3sito ha compartido la feliz noticia con la que ha empezado el a\u00f1o; \u00a1se casa! Para hacerlo,&hellip;\n","protected":false},"author":2,"featured_media":341593,"comment_status":"","ping_status":"","sticky":false,"template":"","format":"standard","meta":{"footnotes":""},"categories":[174],"tags":[517,255,146,147,25,24,256,44107,23],"class_list":{"0":"post-341592","1":"post","2":"type-post","3":"status-publish","4":"format-standard","5":"has-post-thumbnail","7":"category-famosos","8":"tag-actualidad","9":"tag-celebrities","10":"tag-entertainment","11":"tag-entretenimiento","12":"tag-es","13":"tag-espana","14":"tag-famosos","15":"tag-lali-esposito","16":"tag-spain"},"share_on_mastodon":{"url":"https:\/\/pubeurope.com\/@es\/115897541922161322","error":""},"_links":{"self":[{"href":"https:\/\/www.europesays.com\/es\/wp-json\/wp\/v2\/posts\/341592","targetHints":{"allow":["GET"]}}],"collection":[{"href":"https:\/\/www.europesays.com\/es\/wp-json\/wp\/v2\/posts"}],"about":[{"href":"https:\/\/www.europesays.com\/es\/wp-json\/wp\/v2\/types\/post"}],"author":[{"embeddable":true,"href":"https:\/\/www.europesays.com\/es\/wp-json\/wp\/v2\/users\/2"}],"replies":[{"embeddable":true,"href":"https:\/\/www.europesays.com\/es\/wp-json\/wp\/v2\/comments?post=341592"}],"version-history":[{"count":0,"href":"https:\/\/www.europesays.com\/es\/wp-json\/wp\/v2\/posts\/341592\/revisions"}],"wp:featuredmedia":[{"embeddable":true,"href":"https:\/\/www.europesays.com\/es\/wp-json\/wp\/v2\/media\/341593"}],"wp:attachment":[{"href":"https:\/\/www.europesays.com\/es\/wp-json\/wp\/v2\/media?parent=341592"}],"wp:term":[{"taxonomy":"category","embeddable":true,"href":"https:\/\/www.europesays.com\/es\/wp-json\/wp\/v2\/categories?post=341592"},{"taxonomy":"post_tag","embeddable":true,"href":"https:\/\/www.europesays.com\/es\/wp-json\/wp\/v2\/tags?post=341592"}],"curies":[{"name":"wp","href":"https:\/\/api.w.org\/{rel}","templated":true}]}}