{"id":341617,"date":"2026-01-15T06:13:07","date_gmt":"2026-01-15T06:13:07","guid":{"rendered":"https:\/\/www.europesays.com\/es\/341617\/"},"modified":"2026-01-15T06:13:07","modified_gmt":"2026-01-15T06:13:07","slug":"el-alaves-impone-su-ley-ante-un-rayo-en-inferioridad","status":"publish","type":"post","link":"https:\/\/www.europesays.com\/es\/341617\/","title":{"rendered":"El Alav\u00e9s impone su ley ante un Rayo en inferioridad"},"content":{"rendered":"<p data-gtm-element-container=\"modulo-texto-link\" class=\"paragraph\">El Alav\u00e9s se impuso por 2-0, con goles de Toni Mart\u00ednez y Carlo Vicente, en una segunda mitad letal ante un Rayo Vallecano que se qued\u00f3 con diez en el minuto 69 por la roja directa a Isi por impactar con los tacos en el hombro de Ale\u00f1\u00e1 y que fue de m\u00e1s a menos en Mendizorroza. Los vitorianos alcanzan as\u00ed los cuartos de final, ronda en la que no estaban desde la temporada 2017-18.<\/p>\n<p data-gtm-element-container=\"modulo-texto-link\" class=\"paragraph\">El entrenador del Deportivo Alav\u00e9s, Eduardo Coudet, y el del Rayo Vallecano, I\u00f1igo P\u00e9rez, revolucionaron sus equipos titulares con siete y ocho cambios cada uno respecto al partido de Liga. Por los locales,\u00a0 el t\u00e9cnico apost\u00f3 por las grandes novedades de Ra\u00fal Fern\u00e1ndez y el joven Ma\u00f1as en punta.<\/p>\n<p data-gtm-element-container=\"modulo-texto-link\" class=\"paragraph\">El encuentro arranc\u00f3 con gran igualdad en el campo. A los seis minutos, atrapaba el meta rayista C\u00e1rdenas muy bien un bal\u00f3n tras un rechace de la zaga del Alav\u00e9s, que recogi\u00f3 Yusi en el carril izquierdo para poner un centro pasadito, buscando la testa de Toni Mart\u00ednez. En el 19&#8242;, no consegu\u00eda rematar Nteka tras un buen centro de\u00a0Balliu por el carril diestro\u00a0 pero cuando quiso darse la vuelta y armar el disparo, Tenaglia sali\u00f3 a su paso y le arrebat\u00f3 el esf\u00e9rico.<\/p>\n<p data-gtm-element-container=\"modulo-texto-link\" class=\"paragraph\">Y en el 22&#8242; era Abde Rebbach quien se plant\u00f3 en el balc\u00f3n del \u00e1rea para sacarse un buen disparo a media altura, que oblig\u00f3 a C\u00e1rdenas a estirarse con todo para atajar el esf\u00e9rico.\u00a0<\/p>\n<p data-gtm-element-container=\"modulo-texto-link\" class=\"paragraph\">\u00a0Los de Coudet consegu\u00edan anular las salidas de bal\u00f3n limpias desde atr\u00e1s del Rayo y parec\u00eda que solo faltaba alguna ocasi\u00f3n clara para tener el tanto cerca. No obstante, el Rayo comenz\u00f3 por su parte a crecer con bal\u00f3n en campo contrario. \u00cd\u00f1igo P\u00e9rez realiz\u00f3 un doble cambio, cuando apenas quedaban diez minutos de la primera mitad, uno de ellos obligado por lesi\u00f3n, el de Camello, y el otro no, el de Balliu, y esto hizo crecer a los vallecanos. De hecho, Fran P\u00e9rez pudo adelantar al conjunto rayista, pero una gran mano de Ra\u00fal Fern\u00e1ndez lo evit\u00f3.\u00a0<\/p>\n<p data-gtm-element-container=\"modulo-texto-link\" class=\"paragraph\">La primera parte acababa con un encuentro igualado y con mucho ritmo en Mendizorroza. Nada m\u00e1s empezar la segunda, en el 48&#8242;, el Alav\u00e9s encontr\u00f3 su gol. La jugada vino tras un error del Rayo en salida de bal\u00f3n, para que Ma\u00f1as pusiera la directa hacia el \u00e1rea vallecana. Este trat\u00f3 de meter el pase hacia Toni Mart\u00ednez, pero Lejeune roz\u00f3 el esf\u00e9rico. No obstante, Toni Mart\u00ednez se tir\u00f3 con todo al suelo para conseguir batir a C\u00e1rdenas en boca de gol y adelantar a los locales.<\/p>\n<p data-gtm-element-container=\"modulo-texto-link\" class=\"paragraph\">En el 51&#8242; vino la reacci\u00f3n visitante cuando Tenaglia evit\u00f3 el empate tras un contragolpe del Rayo, dirigido por Nteka, que puso la directa por el carril zurdo y\u00a0y trat\u00f3 de dejar en boca de gol a Fran P\u00e9rez, pero Tenaglia se lanz\u00f3 al suelo para alejar el peligro.\u00a0 Y en el 62&#8242; la tuvo\u00a0De Frutos pero su ligero desv\u00edo con la punterita del pie derecho no cogi\u00f3 porter\u00eda.<\/p>\n<p data-gtm-element-container=\"modulo-texto-link\" class=\"paragraph\">Lleg\u00f3 una jugada decisiva en el 69&#8242; con la roja a Isi tras un bal\u00f3n a\u00e9reo al que acudi\u00f3 Ale\u00f1\u00e1 e Isi impact\u00f3 con los tacos en el hombro del jugador y el colegiado no dud\u00f3 en mostrarle la cartulina roja directa. El rayo se quedaba con uno menos y se complicaba sobremanera el partido. Despejaba en el 72&#8242; Mendy un gran testarazo de\u00a0Pacheco.<\/p>\n<p data-gtm-element-container=\"modulo-texto-link\" class=\"paragraph\">Los \u00faltimos minutos fueron de asedio total de los locales. En el 84&#8242;, un centro de Youssef lo remataba Ma\u00f1as fuera y un minuto despu\u00e9s, lo intentaba de nuevo el equipo local pero se sac\u00f3 C\u00e1rdenas una gran mano tras una buena llegada de Denis Su\u00e1rez por el carril diestro, para que \u00e9ste pusiera un centro tenso hacia el balc\u00f3n del \u00e1rea peque\u00f1a y Ale\u00f1\u00e1 consigui\u00f3 rematar en boca de gol. El meta rayista evit\u00f3 un gol cantado.<\/p>\n<p data-gtm-element-container=\"modulo-texto-link\" class=\"paragraph\">\u00a0Lleg\u00f3 la sentencia, no obstante, en el 88&#8242; con el gol de Carlos Vicente tras una mala salida de C\u00e1rdenas.<\/p>\n","protected":false},"excerpt":{"rendered":"El Alav\u00e9s se impuso por 2-0, con goles de Toni Mart\u00ednez y Carlo Vicente, en una segunda mitad&hellip;\n","protected":false},"author":2,"featured_media":341618,"comment_status":"","ping_status":"","sticky":false,"template":"","format":"standard","meta":{"footnotes":""},"categories":[268],"tags":[168,25,24,280,282,281,23,167],"class_list":{"0":"post-341617","1":"post","2":"type-post","3":"status-publish","4":"format-standard","5":"has-post-thumbnail","7":"category-futbol","8":"tag-deportes","9":"tag-es","10":"tag-espana","11":"tag-football","12":"tag-futbol","13":"tag-soccer","14":"tag-spain","15":"tag-sports"},"share_on_mastodon":{"url":"https:\/\/pubeurope.com\/@es\/115897644047357595","error":""},"_links":{"self":[{"href":"https:\/\/www.europesays.com\/es\/wp-json\/wp\/v2\/posts\/341617","targetHints":{"allow":["GET"]}}],"collection":[{"href":"https:\/\/www.europesays.com\/es\/wp-json\/wp\/v2\/posts"}],"about":[{"href":"https:\/\/www.europesays.com\/es\/wp-json\/wp\/v2\/types\/post"}],"author":[{"embeddable":true,"href":"https:\/\/www.europesays.com\/es\/wp-json\/wp\/v2\/users\/2"}],"replies":[{"embeddable":true,"href":"https:\/\/www.europesays.com\/es\/wp-json\/wp\/v2\/comments?post=341617"}],"version-history":[{"count":0,"href":"https:\/\/www.europesays.com\/es\/wp-json\/wp\/v2\/posts\/341617\/revisions"}],"wp:featuredmedia":[{"embeddable":true,"href":"https:\/\/www.europesays.com\/es\/wp-json\/wp\/v2\/media\/341618"}],"wp:attachment":[{"href":"https:\/\/www.europesays.com\/es\/wp-json\/wp\/v2\/media?parent=341617"}],"wp:term":[{"taxonomy":"category","embeddable":true,"href":"https:\/\/www.europesays.com\/es\/wp-json\/wp\/v2\/categories?post=341617"},{"taxonomy":"post_tag","embeddable":true,"href":"https:\/\/www.europesays.com\/es\/wp-json\/wp\/v2\/tags?post=341617"}],"curies":[{"name":"wp","href":"https:\/\/api.w.org\/{rel}","templated":true}]}}