{"id":341619,"date":"2026-01-15T06:14:08","date_gmt":"2026-01-15T06:14:08","guid":{"rendered":"https:\/\/www.europesays.com\/es\/341619\/"},"modified":"2026-01-15T06:14:08","modified_gmt":"2026-01-15T06:14:08","slug":"el-insolito-final-del-poema-de-manu-para-despedir-a-los-invitados-de-pasapalabra-ya-poliglota","status":"publish","type":"post","link":"https:\/\/www.europesays.com\/es\/341619\/","title":{"rendered":"El ins\u00f3lito final del poema de Manu para despedir a los invitados de Pasapalabra: \u201cYa pol\u00edglota\u201d"},"content":{"rendered":"<p><b>Manu<\/b> siempre es capaz de sorprender con su poema en<b> Pasapalabra. <\/b>Parece complicado tras 421 programas, pero ha vuelto a innovar en su despedida a los invitados. Adem\u00e1s, se ha llegado a este momento justo tras \u201cel subid\u00f3n\u201d, como ha dicho<b> Roberto Leal,<\/b> de <b>Mar\u00eda Jes\u00fas y su acorde\u00f3n<\/b> tocando en directo en el plat\u00f3.<\/p>\n<p>Justo antes de empezar a jugar <b>El Rosco, <\/b>el concursante ha improvisado sus versos dedicados a la cantante y tambi\u00e9n a <b>Adriana Abenia, \u00c1lex Clavero y Jaime Astrain. <\/b>El gui\u00f1o final, dedicado precisamente al exfutbolista, ha sido el m\u00e1s inesperado porque ha recurrido al ingl\u00e9s.<\/p>\n<p>Roberto ha alucinado con los juegos de palabras que ha compuesto el concursante con los nombres y apellidos de estos concursantes. \u201cYa pol\u00edglota\u201d, ha destacado el presentador.<b> \u00a1Descubre el poema al completo en el v\u00eddeo!<\/b><\/p>\n","protected":false},"excerpt":{"rendered":"Manu siempre es capaz de sorprender con su poema en Pasapalabra. Parece complicado tras 421 programas, pero ha&hellip;\n","protected":false},"author":2,"featured_media":341620,"comment_status":"","ping_status":"","sticky":false,"template":"","format":"standard","meta":{"footnotes":""},"categories":[174],"tags":[255,146,147,25,24,256,23],"class_list":{"0":"post-341619","1":"post","2":"type-post","3":"status-publish","4":"format-standard","5":"has-post-thumbnail","7":"category-famosos","8":"tag-celebrities","9":"tag-entertainment","10":"tag-entretenimiento","11":"tag-es","12":"tag-espana","13":"tag-famosos","14":"tag-spain"},"share_on_mastodon":{"url":"https:\/\/pubeurope.com\/@es\/115897648191835961","error":""},"_links":{"self":[{"href":"https:\/\/www.europesays.com\/es\/wp-json\/wp\/v2\/posts\/341619","targetHints":{"allow":["GET"]}}],"collection":[{"href":"https:\/\/www.europesays.com\/es\/wp-json\/wp\/v2\/posts"}],"about":[{"href":"https:\/\/www.europesays.com\/es\/wp-json\/wp\/v2\/types\/post"}],"author":[{"embeddable":true,"href":"https:\/\/www.europesays.com\/es\/wp-json\/wp\/v2\/users\/2"}],"replies":[{"embeddable":true,"href":"https:\/\/www.europesays.com\/es\/wp-json\/wp\/v2\/comments?post=341619"}],"version-history":[{"count":0,"href":"https:\/\/www.europesays.com\/es\/wp-json\/wp\/v2\/posts\/341619\/revisions"}],"wp:featuredmedia":[{"embeddable":true,"href":"https:\/\/www.europesays.com\/es\/wp-json\/wp\/v2\/media\/341620"}],"wp:attachment":[{"href":"https:\/\/www.europesays.com\/es\/wp-json\/wp\/v2\/media?parent=341619"}],"wp:term":[{"taxonomy":"category","embeddable":true,"href":"https:\/\/www.europesays.com\/es\/wp-json\/wp\/v2\/categories?post=341619"},{"taxonomy":"post_tag","embeddable":true,"href":"https:\/\/www.europesays.com\/es\/wp-json\/wp\/v2\/tags?post=341619"}],"curies":[{"name":"wp","href":"https:\/\/api.w.org\/{rel}","templated":true}]}}