{"id":341623,"date":"2026-01-15T06:17:13","date_gmt":"2026-01-15T06:17:13","guid":{"rendered":"https:\/\/www.europesays.com\/es\/341623\/"},"modified":"2026-01-15T06:17:13","modified_gmt":"2026-01-15T06:17:13","slug":"dulces-y-famosos-el-ultimo-programa-de-belen-esteban-ante-su-inesperado-paron","status":"publish","type":"post","link":"https:\/\/www.europesays.com\/es\/341623\/","title":{"rendered":"Dulces y Famosos&#8217;, el \u00faltimo programa de Bel\u00e9n Esteban ante su inesperado par\u00f3n"},"content":{"rendered":"<p>El horno de <a title=\"RTVE\" href=\"https:\/\/www.rtve.es\/rtve\/20260114\/rtve-presenta-top-chef-dulces-famosos-16-aspirantes-convertirse-mejor-pastelero-espana\/16894041.shtml\" target=\"_blank\" rel=\"nofollow noopener\">RTVE<\/a> est\u00e1 preparado para comenzar a funcionar de la mano de su nuevo talent culinario,<b><a title=\"&#039;Top Chef: Dulces y Famosos&#039;\" href=\"https:\/\/www.larazon.es\/television\/programas\/rtve-refuerza-top-chef-dulces-famosos-nuevos-concursantes-mas-entregas_20251223694ac57222f0db7daffc41f6.html\" target=\"_blank\" rel=\"nofollow noopener\">&#8216;Top Chef: Dulces y Famosos&#8217;<\/a><\/b>. El ente p\u00fablico ha presentado este mi\u00e9rcoles c\u00f3mo ser\u00e1 su nuevo programa, cuyas grabaciones acaban de finalizar y que ver\u00e1 a <b>16 aspirantes famosos con las manos en la masa y el objetivo final de convertirse en el mejor pastelero.<\/b> Entre sus concursantes, se encuentra <b>Bel\u00e9n Esteban<\/b>, que tras su paso por el formato presentado por Paula V\u00e1zquez, <b>asegura que se quiere coger \u00abun a\u00f1o sab\u00e1tico\u00bb. <\/b><\/p>\n<p>En una entrevista con varios medios de comunicaci\u00f3n y tal y como ha recogido <a title=\"&#039;verTele&#039;\" href=\"https:\/\/www.eldiario.es\/vertele\/noticias\/belen-esteban-anuncia-paron-tv-nuevo-programa-rtve-creo-espectador-debe-descansar_1_12906755.html\" target=\"_blank\" rel=\"nofollow noopener\">&#8216;verTele&#8217;<\/a>, la excolaboradora de &#8216;S\u00e1lvame&#8217; ha comunicado su <b>decisi\u00f3n de hacer un par\u00f3n, de entre seis meses y un a\u00f1o<\/b>, por lo que no volver\u00e1 inmediatamente a <a title=\"&#039;No somos nadie&#039;\" href=\"https:\/\/www.larazon.es\/television\/programas\/belen-esteban-conocerse-participacion-top-chef-pastelero-rtve-hecho-dulces-vida_2025111369161ee8eba8bc0ecef6d956.html\" target=\"_blank\" rel=\"nofollow noopener\">&#8216;No somos nadie&#8217;<\/a>, al menos como colaboradora asidua. \u00abNo te digo que no vaya a un programa de invitada, pero de continuo\u2026\u00bb, ha apuntado, explicando que dicha elecci\u00f3n est\u00e1 motivada porque quiere pasar m\u00e1s tiempo con su familia.<\/p>\n<p>En cuanto al formato de reposter\u00eda, estar\u00e1 en juego el t\u00edtulo de primer Top Chef pastelero de Espa\u00f1a, as\u00ed como un <b>premio de 100.000 euros<\/b> que el vencedor destinar\u00e1 a la ONG de su elecci\u00f3n. Y, entre esos posibles ganadores se encuentran la propia Bel\u00e9n Esteban y el resto de compa\u00f1eros que conforman el <b>casting<\/b>: Luis Merlo, Eva Isanta, Ivana Rodr\u00edguez, Mariano Pe\u00f1a, Marina Casta\u00f1o, Desir\u00e9e Vila, Tote Fern\u00e1ndez, Natalia Rodr\u00edguez, Samantha Ballentines, Roi M\u00e9ndez, Alejandro Vergara, Nicol\u00e1s Coronado, Benita Castej\u00f3n, Ana Morgade y Alejandra Osborne.<\/p>\n<p>Durante la presentaci\u00f3n, Ana Mar\u00eda Bordas, directora de Producci\u00f3n de Contenidos, ha apuntado que \u00ablos talents culinarios tienen tradici\u00f3n en RTVE\u00bb, basta citar &#8216;MasterChef&#8217; y, por ello, este a\u00f1o han decidido hacer algo distinto y que <b>nunca antes se hab\u00eda hecho en nuestro pa\u00eds<\/b>: \u00abEs muy din\u00e1mico y divertido\u00bb.<\/p>\n<p>Por otro lado, Edi Walter, CEO de BOXFISH, productora del programa, ha afirmado que \u00ablo dulce contagia y agrada\u00bb y que \u00abel programa tiene unos <b>desaf\u00edos super divertidos<\/b>, unos concursantes s\u00faper competitivos y muchas sorpresas: los concursantes <b>no saben lo que se van a encontrar en la prueba siguiente\u00bb<\/b>. Una novedad que har\u00e1 que los aspirantes a alzarse con la victoria sean de lo m\u00e1s competitivos.<\/p>\n<p>Mec\u00e1nica del concurso<\/p>\n<p>Seg\u00fan ha adelantado la cadena p\u00fablica, en cada programa de &#8216;Top Chef: Dulces y Famosos&#8217;, los concursantes se enfrentar\u00e1n a <b>cuatro pruebas<\/b> que consistir\u00e1n en la preparaci\u00f3n de diferentes recetas: postres cl\u00e1sicos, otros regionales o algunos m\u00e1s sorprendentes, como los realizados con casquer\u00eda.<\/p>\n<p>Tras cocinarlos, un concursante ser\u00e1 coronado como <b>Pastelero Top de la semana<\/b>, lo que le otorga un comod\u00edn que le dar\u00e1 el control del juego en el siguiente programa. Y en cada entrega, se eliminar\u00e1 a un participante. Adem\u00e1s, todas las pruebas tendr\u00e1n un componente de sorpresa y novedad que mantendr\u00e1 a los concursantes y espectadores en tensi\u00f3n.<\/p>\n<p>Una de esas pruebas ser\u00e1 <b>&#8216;Todos contra todos&#8217;<\/b> y, como se desprende de su nombre, los concursantes competir\u00e1n individualmente. El mejor obtendr\u00e1 un privilegio y el peor, un castigo en ese mismo cap\u00edtulo. Otro de los retos ser\u00e1 <b>&#8216;Batalla de equipos&#8217;<\/b>, donde deber\u00e1n unirse en parejas o tr\u00edos, mientras que algunos se salvar\u00e1n hasta el pr\u00f3ximo programa y ver\u00e1n a sus compa\u00f1eros disputar su permanencia desde el sal\u00f3n.<\/p>\n<p>Los que no superen esta prueba, pasar\u00e1n a la <b>&#8216;Prueba de Salvaci\u00f3n<\/b>&#8216;, que les permitir\u00e1 seguir en el siguiente programa o ir a la definitiva <b>&#8216;Prueba de Fuego&#8217;<\/b>, un \u00faltimo reto en el que los concursantes se juegan su continuidad o su expulsi\u00f3n.<\/p>\n<p>Asimismo, habr\u00e1 <b>otros desaf\u00edos, como &#8216;La caja negra<\/b>&#8216;, una prueba especial del formato internacional que aparecer\u00e1 por sorpresa cuando los concursantes menos se lo esperen. En ella, las celebrities se introducir\u00e1n en una enorme caja sin luz en la que se esconde el postre de un afamado chef y que deber\u00e1n replicar sin verlo. Solo contar\u00e1n con su olfato, su tacto y su gusto.<\/p>\n<p>El jurado<\/p>\n<p>Los concursantes deber\u00e1n convencer con sus platos al <b>jurado<\/b>, que estar\u00e1 conformado por <b>Paco Roncero, Eva Argui\u00f1ano y Osvaldo Gross.<\/b> Los tres valorar\u00e1n el sabor, la t\u00e9cnica y la presentaci\u00f3n de cada creaci\u00f3n y, adem\u00e1s, tambi\u00e9n cocinar\u00e1n.<\/p>\n<p>Por las cocinas del programa tambi\u00e9n <b>pasar\u00e1n otros prestigiosos profesionales<\/b> para retar a los concursantes con postres sorprendentes, como <b>Joseba Argui\u00f1ano, F\u00e1tima Gismero, Saray Ruiz, Ra\u00fal Bernal, Javier Est\u00e9vez, Miquel Guarro o Tian Lu.<\/b><\/p>\n<p>Tambi\u00e9n visitar\u00e1n el plat\u00f3 otros rostros conocidos, como <b>Chenoa<\/b> junto con los perros en adopci\u00f3n de &#8216;Dog House&#8217;, la escritora <b>Isabel P\u00e9rez<\/b>, la cantante <b>To\u00f1i Salazar<\/b> o la influencer gastron\u00f3mica <b>Boukie<\/b>. Adem\u00e1s, una pareja de novios pondr\u00e1 en manos de los 16 concursantes la elaboraci\u00f3n de la tarta de su boda.<\/p>\n","protected":false},"excerpt":{"rendered":"El horno de RTVE est\u00e1 preparado para comenzar a funcionar de la mano de su nuevo talent culinario,&#8216;Top&hellip;\n","protected":false},"author":2,"featured_media":341624,"comment_status":"","ping_status":"","sticky":false,"template":"","format":"standard","meta":{"footnotes":""},"categories":[171],"tags":[146,147,25,24,23,214],"class_list":{"0":"post-341623","1":"post","2":"type-post","3":"status-publish","4":"format-standard","5":"has-post-thumbnail","7":"category-tv","8":"tag-entertainment","9":"tag-entretenimiento","10":"tag-es","11":"tag-espana","12":"tag-spain","13":"tag-tv"},"share_on_mastodon":{"url":"https:\/\/pubeurope.com\/@es\/115897659742653126","error":""},"_links":{"self":[{"href":"https:\/\/www.europesays.com\/es\/wp-json\/wp\/v2\/posts\/341623","targetHints":{"allow":["GET"]}}],"collection":[{"href":"https:\/\/www.europesays.com\/es\/wp-json\/wp\/v2\/posts"}],"about":[{"href":"https:\/\/www.europesays.com\/es\/wp-json\/wp\/v2\/types\/post"}],"author":[{"embeddable":true,"href":"https:\/\/www.europesays.com\/es\/wp-json\/wp\/v2\/users\/2"}],"replies":[{"embeddable":true,"href":"https:\/\/www.europesays.com\/es\/wp-json\/wp\/v2\/comments?post=341623"}],"version-history":[{"count":0,"href":"https:\/\/www.europesays.com\/es\/wp-json\/wp\/v2\/posts\/341623\/revisions"}],"wp:featuredmedia":[{"embeddable":true,"href":"https:\/\/www.europesays.com\/es\/wp-json\/wp\/v2\/media\/341624"}],"wp:attachment":[{"href":"https:\/\/www.europesays.com\/es\/wp-json\/wp\/v2\/media?parent=341623"}],"wp:term":[{"taxonomy":"category","embeddable":true,"href":"https:\/\/www.europesays.com\/es\/wp-json\/wp\/v2\/categories?post=341623"},{"taxonomy":"post_tag","embeddable":true,"href":"https:\/\/www.europesays.com\/es\/wp-json\/wp\/v2\/tags?post=341623"}],"curies":[{"name":"wp","href":"https:\/\/api.w.org\/{rel}","templated":true}]}}