{"id":34163,"date":"2025-08-08T16:24:40","date_gmt":"2025-08-08T16:24:40","guid":{"rendered":"https:\/\/www.europesays.com\/es\/34163\/"},"modified":"2025-08-08T16:24:40","modified_gmt":"2025-08-08T16:24:40","slug":"la-doble-preocupacion-de-los-reyes-felipe-y-letizia-y-sus-hijas-en-sus-vacaciones-privadas","status":"publish","type":"post","link":"https:\/\/www.europesays.com\/es\/34163\/","title":{"rendered":"La doble preocupaci\u00f3n de los reyes Felipe y Letizia y sus hijas en sus vacaciones privadas"},"content":{"rendered":"<p>La Familia Real ha establecido claramente que entre finales de julio y finales de agosto <b>est\u00e1n las vacaciones oficiales, y luego llegan las privadas<\/b>. Las primeras tienen lugar en Mallorca, y para ello se instalan en el Palacio de Marivent, donde compaginan d\u00edas de descanso con actos oficiales y apariciones p\u00fablicas muy al estilo de la realeza. Las segundas se producen entre primeros y mediados de agosto, y el destino es desconocido.<\/p>\n<p>En el verano de 2024, <b>todo fue at\u00edpico por los Juegos Ol\u00edmpicos de Par\u00eds<\/b>, que no les permiti\u00f3 estar pr\u00e1cticamente a los cuatro juntos en Mallorca, as\u00ed que <b>no tardaron en irse a un destino desconocido en el que disfrutar de unas vacaciones<\/b> lejos de apariciones p\u00fablicas y de la presi\u00f3n medi\u00e1tica. Hab\u00eda que aprovechar porque antes de septiembre la Princesa Leonor ingresaba en la Escuela Naval Militar de Mar\u00edn, mientras que la Infanta Sof\u00eda se marchaba a Gales para comenzar 2\u00ba de Bachillerato.<\/p>\n<p><img decoding=\"async\" loading=\"lazy\" src=\"https:\/\/img.huffingtonpost.es\/files\/image_1200_720\/uploads\/2025\/08\/06\/los-reyes-felipe-y-letizia-la-princesa-leonor-y-la-infanta-sofia-en-la-exposicion-paysage-miro-en-palma-durante-sus-vacaciones-en-mallorca.jpeg\" width=\"720\" height=\"0\" data-full-src=\"https:\/\/www.europesays.com\/es\/wp-content\/uploads\/2025\/08\/1754670276_679_los-reyes-felipe-y-letizia-la-princesa-leonor-y-la-infanta-sofia-en-la-exposicion-paysage-miro-en-pa.jpeg\"  \/><\/p>\n<p>            \u00a0<\/p>\n<p>        Los reyes Felipe y Letizia, la princesa Leonor y la infanta Sof\u00eda en la exposici\u00f3n Paysage Mir\u00f3 en Palma durante sus vacaciones en Mallorca.GTRES<\/p>\n<p>Un a\u00f1o m\u00e1s tarde, el verano no ha sido tan at\u00edpico, pero no esperaron demasiado para irse de Mallorca porque nuevamente los compromisos de las hijas les iban a separar. <b>La princesa de Asturias ingresa en la Academia del Aire y del Espacio de San Javier el 1 de septiembre<\/b>, y su hermana comienza la universidad en Lisboa unos d\u00edas m\u00e1s tarde. A ello se une que con el nuevo curso hay dos grandes incorporaciones. Por un lado est\u00e1 Marta Carazo, que dej\u00f3 el Telediario de TVE para <b>sustituir a Mar\u00eda Oca\u00f1a como Jefa de la Secretar\u00eda de la Reina<\/b>. Por otro, a La Zarzuela llega Rosa Lerchundi como directora de comunicaci\u00f3n tras la salida de Jordi Guti\u00e9rrez, lo que quiz\u00e1s obliga tambi\u00e9n a que los reyes regresen tambi\u00e9n un poco antes debido a estos importantes cambios en Casa Real.<\/p>\n<p>De este modo, tras una semana de agosto, <b>los reyes y sus hijas iniciaron sus vacaciones privadas en un destino desconocido en el que esperaban pasar desapercibidos<\/b>, aunque lo han conseguido a medias. De acuerdo con la informaci\u00f3n que se publica en X sobre el uso de la flota de aviones Falcon con la que cuenta el Estado y que est\u00e1 a disposici\u00f3n de la Familia Real y de la que se ha hecho eco <a href=\"https:\/\/www.mujerhoy.com\/celebrities\/realeza\/letizia-vacaciones-grecia-falcon-privadas-secretas-polemica-enfermedad-irene-20250808194223-nt.html\" rel=\"nofollow noopener\" target=\"_blank\">Mujer Hoy<\/a>, <b>un falcon que habr\u00eda solicitado Casa Real aterriz\u00f3 en suelo griego<\/b>. As\u00ed, parece que los reyes y sus hijas disfrutar\u00edan de unas vacaciones privadas en el pa\u00eds natal de la reina Sof\u00eda, un destino que ya hab\u00edan elegido en otras ocasiones.<\/p>\n<p><img decoding=\"async\" loading=\"lazy\" src=\"https:\/\/img.huffingtonpost.es\/files\/image_1200_720\/uploads\/2025\/08\/01\/la-reina-letizia-junto-a-sus-hijas-la-princesa-leonor-y-la-infanta-sofia-en-mallorca.jpeg\" width=\"720\" height=\"0\" data-full-src=\"https:\/\/www.europesays.com\/es\/wp-content\/uploads\/2025\/08\/la-reina-letizia-junto-a-sus-hijas-la-princesa-leonor-y-la-infanta-sofia-en-mallorca.jpeg\"  \/><\/p>\n<p>            \u00a0<\/p>\n<p>        La reina Letizia junto a sus hijas, la princesa Leonor y la infanta Sof\u00eda en Mallorca.GTRES<\/p>\n<p>No hay confirmaci\u00f3n oficial sobre si Grecia es el escenario de sus vacaciones privadas, pero lo que s\u00ed es evidente es que este descanso estival est\u00e1 marcado por grandes preocupaciones para don Felipe y do\u00f1a Letizia, y no precisamente por los cambios en La Zarzuela. Para empezar est\u00e1 <b>el tremendo disgusto que se llevaron al saber que el cantante Jaume Anglada hab\u00eda sufrido un accidente de tr\u00e1fico<\/b>. El m\u00fasico es muy buen amigo de Felipe VI y siempre se ven en Mallorca, y tambi\u00e9n se vio a la reina y a sus hijas en sus conciertos, por lo que los cuatro siguen con preocupaci\u00f3n lo ocurrido.<\/p>\n<p>Un tremendo susto con Jaume Anglada<\/p>\n<p>En la ma\u00f1ana del 8 de agosto de 2025 se conoci\u00f3 Jaume Anglada <a href=\"https:\/\/www.huffingtonpost.es\/life\/influencers-celebrities\/el-cantante-jaume-anglada-herido-grave-arrollado-coche-palma.html\" rel=\"nofollow noopener\" target=\"_blank\">se encontraba ingresado en estado grave<\/a> en el Hospital Son Espases de Mallorca con lesiones en la cadera, costillas, mu\u00f1ecas y en el bazo. El diario <a href=\"https:\/\/www.ultimahora.es\/sucesos\/ultimas\/2025\/08\/08\/2446161\/jaime-anglada-sigue-estado-grave-pero-fuera-peligro.html\" rel=\"nofollow noopener\" target=\"_blank\">\u00daltima Hora<\/a> ha se\u00f1alado que<b> pese a su gravedad, su vida no corre peligro<\/b>.\u00a0<\/p>\n<p><img decoding=\"async\" loading=\"lazy\" src=\"https:\/\/img.huffingtonpost.es\/files\/image_1200_720\/uploads\/2025\/08\/08\/jaime-anglada-en-una-foto-de-archivo-de-2014.jpeg\" width=\"720\" height=\"0\" data-full-src=\"https:\/\/www.europesays.com\/es\/wp-content\/uploads\/2025\/08\/jaime-anglada-en-una-foto-de-archivo-de-2014.jpeg\"  \/><\/p>\n<p>            \u00a0<\/p>\n<p>        Jaime Anglada en una foto de archivo de 2014.Europa Press<\/p>\n<p>Todo sucedi\u00f3 a la 01:30 horas del 8 de agosto de 2025 cuando Anglada circulaba con su motocicleta por la avenida Joan Mir\u00f3 de Palma. En un momento dado, un veh\u00edculo que conduc\u00eda en sentido opuesto ha realizado una maniobra prohibida al girar hacia una v\u00eda. <b>Anglada no ha podido esquivarle y ha sido arrollado<\/b>. El conductor se dio a la fuga, aunque <b>fue detenido tiempo despu\u00e9s<\/b> y se le acusa de omisi\u00f3n del deber de socorro, lesiones por imprudencia grave y conducci\u00f3n bajo la influencia de bebidas alcoh\u00f3licas, cargo a\u00f1adido al realizarse una prueba de alcoholemia cuando fue arrestado.<\/p>\n<p>Crece la preocupaci\u00f3n por Irene de Grecia<\/p>\n<p>Y luego est\u00e1 Irene de Grecia. Hace ya tiempo que <b>su delicado estado de salud supone una preocupaci\u00f3n para su hermana y sus sobrinos<\/b>, pero las alarmas saltaron cuando la reina Sof\u00eda no viaj\u00f3 con ella a mediados de julio para instalarse en Mallorca. Do\u00f1a Sof\u00eda se traslad\u00f3 a Baleares solo para la <a href=\"https:\/\/www.huffingtonpost.es\/life\/moda\/doble-sorpresa-leonor-aparece-marivent-vestido-letizia-lucio-dosnos.html\" rel=\"nofollow noopener\" target=\"_blank\">recepci\u00f3n a las autoridades y personalidades en Marivent<\/a>, y despu\u00e9s\u00a0<b><a href=\"https:\/\/www.huffingtonpost.es\/life\/la-reina-sofia-48-horas-mallorca-abandona-marivent-salud-hermana-irene-grecia.html\" rel=\"nofollow noopener\" target=\"_blank\">regres\u00f3 a Madrid para seguir acompa\u00f1ando a la princesa Irene<\/a><\/b>.<\/p>\n<p><img decoding=\"async\" loading=\"lazy\" src=\"https:\/\/img.huffingtonpost.es\/files\/image_1200_720\/uploads\/2025\/08\/04\/los-reyes-felipe-y-letizia-la-princesa-leonor-y-la-infanta-sofia-la-reina-sofia-irene-de-grecia-tatiana-radziwill-y-jean-henri-fruchaud-en-una-cena-en-palma-en-verano-de-2024.jpeg\" width=\"720\" height=\"0\" data-full-src=\"https:\/\/www.europesays.com\/es\/wp-content\/uploads\/2025\/08\/los-reyes-felipe-y-letizia-la-princesa-leonor-y-la-infanta-sofia-la-reina-sofia-irene-de-grecia-tati.jpeg\"  \/><\/p>\n<p>            \u00a0<\/p>\n<p>        Los reyes Felipe y Letizia, la princesa Leonor y la infanta Sof\u00eda, la reina Sof\u00eda, Irene de Grecia, Tatiana Radziwill y Jean Henri Fruchaud en una cena en Palma en verano de 2024.Getty Images<\/p>\n<p>Y aunque no parece peor que semanas atr\u00e1s, s\u00ed se encuentra muy delicada, y sin duda los reyes y sus hijas, y sobre todo Felipe VI, est\u00e1n pendientes de c\u00f3mo est\u00e1 su t\u00eda. Para ello cuentan con la informaci\u00f3n de la reina Sof\u00eda, que intenta no separarse de ella. Son hermanas, amigas y confidentes y<b> se han hecho compa\u00f1\u00eda en los buenos y en los malos momentos<\/b>, y as\u00ed ser\u00e1 hasta el final.<\/p>\n","protected":false},"excerpt":{"rendered":"La Familia Real ha establecido claramente que entre finales de julio y finales de agosto est\u00e1n las vacaciones&hellip;\n","protected":false},"author":2,"featured_media":34164,"comment_status":"","ping_status":"","sticky":false,"template":"","format":"standard","meta":{"footnotes":""},"categories":[174],"tags":[6042,255,146,147,25,24,1148,256,11439,1026,6041,811,11362,23],"class_list":{"0":"post-34163","1":"post","2":"type-post","3":"status-publish","4":"format-standard","5":"has-post-thumbnail","7":"category-famosos","8":"tag-casa-real","9":"tag-celebrities","10":"tag-entertainment","11":"tag-entretenimiento","12":"tag-es","13":"tag-espana","14":"tag-familia-real","15":"tag-famosos","16":"tag-felipe-vi","17":"tag-infanta-sofia","18":"tag-monarquia","19":"tag-princesa-leonor","20":"tag-reina-letizia","21":"tag-spain"},"share_on_mastodon":{"url":"","error":""},"_links":{"self":[{"href":"https:\/\/www.europesays.com\/es\/wp-json\/wp\/v2\/posts\/34163","targetHints":{"allow":["GET"]}}],"collection":[{"href":"https:\/\/www.europesays.com\/es\/wp-json\/wp\/v2\/posts"}],"about":[{"href":"https:\/\/www.europesays.com\/es\/wp-json\/wp\/v2\/types\/post"}],"author":[{"embeddable":true,"href":"https:\/\/www.europesays.com\/es\/wp-json\/wp\/v2\/users\/2"}],"replies":[{"embeddable":true,"href":"https:\/\/www.europesays.com\/es\/wp-json\/wp\/v2\/comments?post=34163"}],"version-history":[{"count":0,"href":"https:\/\/www.europesays.com\/es\/wp-json\/wp\/v2\/posts\/34163\/revisions"}],"wp:featuredmedia":[{"embeddable":true,"href":"https:\/\/www.europesays.com\/es\/wp-json\/wp\/v2\/media\/34164"}],"wp:attachment":[{"href":"https:\/\/www.europesays.com\/es\/wp-json\/wp\/v2\/media?parent=34163"}],"wp:term":[{"taxonomy":"category","embeddable":true,"href":"https:\/\/www.europesays.com\/es\/wp-json\/wp\/v2\/categories?post=34163"},{"taxonomy":"post_tag","embeddable":true,"href":"https:\/\/www.europesays.com\/es\/wp-json\/wp\/v2\/tags?post=34163"}],"curies":[{"name":"wp","href":"https:\/\/api.w.org\/{rel}","templated":true}]}}