{"id":341639,"date":"2026-01-15T06:27:20","date_gmt":"2026-01-15T06:27:20","guid":{"rendered":"https:\/\/www.europesays.com\/es\/341639\/"},"modified":"2026-01-15T06:27:20","modified_gmt":"2026-01-15T06:27:20","slug":"macron-advierte-a-ee-uu-de-consecuencias-por-groenlandia","status":"publish","type":"post","link":"https:\/\/www.europesays.com\/es\/341639\/","title":{"rendered":"Macron advierte a EE. UU. de \u00abconsecuencias\u00bb por Groenlandia"},"content":{"rendered":"<p>\u00abNo subestimamos las declaraciones sobre <a class=\"internal-link\" href=\"https:\/\/www.dw.com\/es\/groenlandia\/t-46606307\" rel=\"nofollow noopener\" target=\"_blank\">Groenlandia<\/a>. Si la soberan\u00eda de un pa\u00eds europeo y aliado se viera afectada, las consecuencias en cadena ser\u00edan in\u00e9ditas. Francia sigue la situaci\u00f3n con la m\u00e1xima atenci\u00f3n y actuar\u00e1 en plena solidaridad con Dinamarca y su soberan\u00eda\u00bb\u00bb, dijo el presidente franc\u00e9s, <a class=\"internal-link\" href=\"https:\/\/www.dw.com\/es\/macron-emmanuel\/t-36416700\" rel=\"nofollow noopener\" target=\"_blank\">Emmanuel Macron<\/a>, durante una reuni\u00f3n de su Consejo de Ministros, seg\u00fan la vocera del Gobierno, Maud Bregeon.<\/p>\n<p>Macron reaccion\u00f3 as\u00ed a las amenazas del presidente estadounidense <a class=\"internal-link\" href=\"https:\/\/www.dw.com\/es\/donald-trump\/t-19445010\" rel=\"nofollow noopener\" target=\"_blank\">Donald Trump<\/a> contra esta isla del \u00c1rtico, un territorio aut\u00f3nomo\u00a0dependiente de Dinamarca, que Estados Unidos quiere arrebatar a este aliado de la OTAN.<\/p>\n<p>Estas declaraciones de Macron se producen horas antes de que el secretario de Estado de EE. UU., Marco Rubio, se re\u00fana en Washington con los cancilleres de Dinamarca y Groenlandia, Lars Lokke Rasmussen y Vivian Motzfeldt, para tratar los deseos de Washington de anexionarse la isla y explorar posibles alternativas conjuntas.<\/p>\n<p>Trump: Groenlandia \u00abes vital para la C\u00fapula Dorada que estamos construyendo\u00bb<\/p>\n<p>\u00abEstados Unidos necesita Groenlandia por motivos de seguridad nacional. Es vital para la C\u00fapula Dorada que estamos construyendo\u00bb, se\u00f1al\u00f3 por su parte, en esta misma jornada, Trump.<\/p>\n<p>\u00abLa OTAN ser\u00e1 m\u00e1s formidable y efectiva cuando Groenlandia est\u00e9 en manos de ESTADOS UNIDOS. Cualquier otra cosa por debajo de eso es inaceptable\u00bb, escribi\u00f3 el mandatario estadounidense en redes sociales.<\/p>\n<p>El ministro de Defensa dan\u00e9s, Troels Lund Poulsen, en un intento de rebajar las preocupaciones de Washington sobre la seguridad de Groenlandia, dijo a la AFP que Copenhague est\u00e1 reforzando su contingente militar en la zona y trata de conseguir \u00abuna mayor presencia de la OTAN en el \u00c1rtico\u00bb.<\/p>\n<p>El presidente estadounidense\u00a0afirm\u00f3 que la OTAN \u00abdeber\u00eda liderar\u00bb la construcci\u00f3n del sistema avanzado de defensa antimisiles. \u00abSi no lo hacemos nosotros, lo har\u00e1n Rusia o China, \u00a1y eso no va a suceder!\u00bb, escribi\u00f3 Trump.\u00a0<\/p>\n<p>El republicano ha amenazado en varias ocasiones con apoderarse de la vasta, estrat\u00e9gica y escasamente poblada isla \u00e1rtica, y ha aumentado el tono <a class=\"internal-link\" href=\"https:\/\/www.dw.com\/es\/ser\u00e1-groenlandia-la-siguiente-tras-venezuela-y-podr\u00eda-la-ue-protegerla\/a-75413258\" rel=\"nofollow noopener\" target=\"_blank\">desde el ataque del 3 de enero en suelo venezolano<\/a> que propici\u00f3 la detenci\u00f3n del presidente Nicol\u00e1s Maduro y su esposa, Cilia Flores.<\/p>\n<p><img data-format=\"MASTER_LANDSCAPE\" data-id=\"75498891\" data-url=\"https:\/\/static.dw.com\/image\/75498891_${formatId}.jpg\" data-aspect-ratio=\"16\/9\" alt=\"Gr\u00f6nland Nuuk 2026 | Gr\u00f6nl\u00e4ndische Bewohner und Politiker lehnen US-\u00dcbernahmevorschlag von Donald Trump ab\" style=\"padding-bottom: 56.25%; height: 0; max-height: 0;\"\/>Seg\u00fan Trump, \u00abla OTAN ser\u00e1 m\u00e1s formidable y efectiva cuando Groenlandia est\u00e9 en manos de Estados Unidos.Imagen: Lokman Vural Elibol\/Anadolu Agency\/IMAGO<\/p>\n<p>Francia contra\u00a0\u00abel nuevo colonialismo y el nuevo imperialismo\u00bb de Estados Unidos<\/p>\n<p>Macron rechaz\u00f3 recientemente \u00abel nuevo colonialismo y el nuevo imperialismo\u00bb de Estados Unidos, que incluso ha dicho que estar\u00eda dispuesto a usar la fuerza para hacerse con Groenlandia.<\/p>\n<p>Como \u00abse\u00f1al pol\u00edtica\u00bb, el ministro franc\u00e9s de Exteriores, Jean-No\u00ebl Barrot, anunci\u00f3 hoy que Francia abrir\u00e1 el 6 de febrero un consulado en Groenlandia, un territorio dan\u00e9s que sufre un \u00abchantaje\u00bb del presidente estadounidense, Donald Trump, para hacerse con \u00e9l.<\/p>\n<p>\u00abSi el objetivo es apoderarse de ella por cualquier otro medio que no sea la compra de Groenlandia, entonces, por supuesto, parece sumamente incongruente, ya que para un miembro de la <a class=\"internal-link\" href=\"https:\/\/www.dw.com\/es\/otan\/t-17409693\" rel=\"nofollow noopener\" target=\"_blank\">OTAN<\/a> atacar a otro miembro de la OTAN no tendr\u00eda sentido; incluso ser\u00eda contrario a los intereses de Estados Unidos\u00bb, advirti\u00f3 en la radio RTL Barrot, quien inst\u00f3 a EE.UU. a que cese este \u00abchantaje\u00bb.<\/p>\n<p>Groenlandia, recalc\u00f3 Barrot, no quiere ser propiedad, gobernada, negada ni integrada por Estados Unidos. <a class=\"internal-link\" href=\"https:\/\/www.dw.com\/es\/groenlandia-elegimos-a-dinamarca-antes-que-a-estados-unidos\/a-75494657\" rel=\"nofollow noopener\" target=\"_blank\">Groenlandia ha elegido a Dinamarca<\/a>, la OTAN y la Uni\u00f3n Europea\u00bb.<\/p>\n<p>Pese a que solo hay seis franceses residentes en Groenlandia, Francia aspira a que su legaci\u00f3n all\u00ed tenga competencias reforzadas de apoyo a las misiones cient\u00edficas que anualmente se lanzan en ese territorio y que apoye a las empresas francesas que quieran instalarse.\u00a0Pero la iniciativa tiene ante todo un fuerte contenido simb\u00f3lico ante las ambiciones de Trump.<\/p>\n<p>rml (afp, efe)<\/p>\n<p>\u00a0<\/p>\n","protected":false},"excerpt":{"rendered":"\u00abNo subestimamos las declaraciones sobre Groenlandia. Si la soberan\u00eda de un pa\u00eds europeo y aliado se viera afectada,&hellip;\n","protected":false},"author":2,"featured_media":341640,"comment_status":"","ping_status":"","sticky":false,"template":"","format":"standard","meta":{"footnotes":""},"categories":[5],"tags":[17,18,25,24,13,14,11,19,20,9,10,15,16,23,12,21,22],"class_list":{"0":"post-341639","1":"post","2":"type-post","3":"status-publish","4":"format-standard","5":"has-post-thumbnail","7":"category-titulares","8":"tag-breaking-news","9":"tag-breakingnews","10":"tag-es","11":"tag-espana","12":"tag-featured-news","13":"tag-featurednews","14":"tag-headlines","15":"tag-latest-news","16":"tag-latestnews","17":"tag-news","18":"tag-noticias","19":"tag-noticias-destacadas","20":"tag-noticiasdestacadas","21":"tag-spain","22":"tag-titulares","23":"tag-ultimas-noticias","24":"tag-ultimasnoticias"},"share_on_mastodon":{"url":"https:\/\/pubeurope.com\/@es\/115897699035256051","error":""},"_links":{"self":[{"href":"https:\/\/www.europesays.com\/es\/wp-json\/wp\/v2\/posts\/341639","targetHints":{"allow":["GET"]}}],"collection":[{"href":"https:\/\/www.europesays.com\/es\/wp-json\/wp\/v2\/posts"}],"about":[{"href":"https:\/\/www.europesays.com\/es\/wp-json\/wp\/v2\/types\/post"}],"author":[{"embeddable":true,"href":"https:\/\/www.europesays.com\/es\/wp-json\/wp\/v2\/users\/2"}],"replies":[{"embeddable":true,"href":"https:\/\/www.europesays.com\/es\/wp-json\/wp\/v2\/comments?post=341639"}],"version-history":[{"count":0,"href":"https:\/\/www.europesays.com\/es\/wp-json\/wp\/v2\/posts\/341639\/revisions"}],"wp:featuredmedia":[{"embeddable":true,"href":"https:\/\/www.europesays.com\/es\/wp-json\/wp\/v2\/media\/341640"}],"wp:attachment":[{"href":"https:\/\/www.europesays.com\/es\/wp-json\/wp\/v2\/media?parent=341639"}],"wp:term":[{"taxonomy":"category","embeddable":true,"href":"https:\/\/www.europesays.com\/es\/wp-json\/wp\/v2\/categories?post=341639"},{"taxonomy":"post_tag","embeddable":true,"href":"https:\/\/www.europesays.com\/es\/wp-json\/wp\/v2\/tags?post=341639"}],"curies":[{"name":"wp","href":"https:\/\/api.w.org\/{rel}","templated":true}]}}