{"id":341651,"date":"2026-01-15T06:40:14","date_gmt":"2026-01-15T06:40:14","guid":{"rendered":"https:\/\/www.europesays.com\/es\/341651\/"},"modified":"2026-01-15T06:40:14","modified_gmt":"2026-01-15T06:40:14","slug":"adriana-louvier-y-osvaldo-benavides-hacen-su-gran-regreso-a-las-telenovelas-con-hermanas","status":"publish","type":"post","link":"https:\/\/www.europesays.com\/es\/341651\/","title":{"rendered":"Adriana Louvier y Osvaldo Benavides hacen su gran regreso a las telenovelas con &#8216;Hermanas&#8217;"},"content":{"rendered":"<p id=\"eS11KzIHLC\" data-wc=\"107\">Tras m\u00e1s de una d\u00e9cada alejado de las telenovelas, <strong>Osvaldo Benavides\u00a0<\/strong>vuelve a los foros televisivos de la mano de <strong>Adriana Louvier<\/strong>, <strong>Danna Garc\u00eda<\/strong> y <strong>Juan Mart\u00edn J\u00e1uregui<\/strong>, protagonistas de la reciente historia de <strong>Silvia Cano<\/strong> titulada Hermanas, un Amor Compartido. En entrevista con<strong>\u00a0\u00a1HOLA! Am\u00e9ricas<\/strong>, Osvaldo y Adriana expresaron su sentir ante la llegada de este nuevo reto a sus vidas, con el cual vuelven a la pantalla chica con aires renovados. Hermanas tendr\u00e1 su pr\u00f3ximo estreno a trav\u00e9s de la plataforma ViX\u00a0en Estados Unidos el 20 de febrero, mientras que por la se\u00f1al de Univision la historia comenzar\u00e1 a transmitirse el 17 de marzo.<\/p>\n<p> <img src=\"https:\/\/www.europesays.com\/es\/wp-content\/uploads\/2026\/01\/2ba803c10e80-huacstill-20.jpg\"   width=\"1024\" height=\"576\" loading=\"lazy\" decoding=\"async\" alt=\"Osvaldo Benavides y Adriana Louvier en 'Hermanas'\" fetchpriority=\"auto\" class=\"image ho-image\"\/>\u00a9 TelevisaUnivisionOsvaldo Benavides y Adriana Louvier en &#8216;Hermanas&#8217;<br \/>\nEl encanto de &#8216;Hermanas&#8217;<\/p>\n<p id=\"enrZB4VH0fq\" data-wc=\"78\">Hermanas, un Amor Compartido, aborda la historia de las hermanas Rebeca (Danna Garc\u00eda) y M\u00f3nica (Adriana Louvier), quienes a pesar del cari\u00f1o que las une se enfrentan por el amor de Aura, hija biol\u00f3gica de Rebeca, quien renunci\u00f3 a ella tras el dr\u00e1stico giro que dio su vida en la juventud. Fue a partir de ese momento que M\u00f3nica toma la decisi\u00f3n de hacerse cargo de la ni\u00f1a, d\u00e1ndose la oportunidad de vivir la experiencia de la maternidad.<\/p>\n<p> <img src=\"https:\/\/www.europesays.com\/es\/wp-content\/uploads\/2026\/01\/a5a0f9f53795-huacstill-11.jpg\"   width=\"1024\" height=\"576\" loading=\"lazy\" decoding=\"async\" alt=\"Osvaldo Benavides\" fetchpriority=\"auto\" class=\"image ho-image\"\/>\u00a9 TelevisaUnivisionOsvaldo Benavides<\/p>\n<p> <strong class=\"ho-quAnAnQu-2988768\">\u00bfQu\u00e9 los motiv\u00f3 a aceptar este proyecto y ser parte de &#8216;Hermanas&#8217;?<\/strong><\/p>\n<p><strong>AL<\/strong>: \u00a0El hilo conductor de la historia, que son estas dos hermanas confrontadas por el amor de la hija que abre un poco la conversaci\u00f3n en cuanto a qui\u00e9n es m\u00e1s madre; si la que la tuvo o la que la crio. A partir de este conflicto se desarrolla toda la historia, principalmente fue eso.<\/p>\n<p><strong>OB<\/strong>: El hecho de que fuera Silvia Cano, a quien conozco de hace muchos a\u00f1os, me dio mucha confianza\u2026 Fue como la primera puerta que se abri\u00f3 para que yo considerara meterme seriamente en el proyecto, todo el equipo que hay de las personas que ya conozco. Adem\u00e1s, me gusta hacer de todo un poco, el cine, el teatro, las series y las telenovelas\u2026 El reto de hacer una telenovela no es cosa f\u00e1cil, entonces disfruto la cosa f\u00e1cil r\u00e1pida de las telenovelas.<\/p>\n<p><strong class=\"ho-quAnAnQu-2988768\">Adriana, \u00bfcu\u00e1l fue el mayor reto actoral para ti al interpretar a M\u00f3nica? <\/strong><\/p>\n<p>Una de las caracter\u00edsticas principales del personaje es que es como muy contenida, de pronto no acciona tanto. Es un personaje muy asertivo en su forma de reaccionar, pero al mismo tiempo es tranquila, es muy contenida, piensa mucho antes de reaccionar. De pronto en un melodrama darle al personaje de que le est\u00e1n pasando cosas pero al mismo tiempo es un personaje que se detiene. La otra hermana es la que es completamente reactiva. Yo no hab\u00eda hecho un personaje como este, fue distinto, pero justo creo que lo que m\u00e1s me ha gustado estar dentro del set ha sido eso, como la naturalidad, la cotidianidad que hemos podido tener los actores cuando hacemos las escenas.<\/p>\n<p> <img src=\"https:\/\/www.europesays.com\/es\/wp-content\/uploads\/2026\/01\/971edfd7c3bd-huacstill-13.jpg\"   width=\"1024\" height=\"576\" loading=\"lazy\" decoding=\"async\" alt=\"Adriana Louvier en 'Hermanas'\" fetchpriority=\"auto\" class=\"image ho-image\"\/>\u00a9 TelevisaUnivisionAdriana Louvier en &#8216;Hermanas&#8217;<\/p>\n<p id=\"e3e8NfZ7MAi\" data-wc=\"53\">Con nuevos br\u00edos, Osvaldo Benavides retoma as\u00ed su faceta como actor de telenovelas, enteramente motivado por esta etapa de su vida en la que ha tenido la oportunidad de incursionar en todos los g\u00e9neros. En Hermanas, el int\u00e9rprete da vida a Alonso, un hombre exitoso en lo profesional y padre bil\u00f3gico de Aura.<\/p>\n<p> <img src=\"https:\/\/www.europesays.com\/es\/wp-content\/uploads\/2026\/01\/1d9b940d25aa-huacstill-25.jpg\"   width=\"1024\" height=\"576\" loading=\"lazy\" decoding=\"async\" alt=\"Osvaldo Benavides\" fetchpriority=\"auto\" class=\"image ho-image\"\/>\u00a9 TelevisaUnivisionOsvaldo Benavides<\/p>\n<p> <strong class=\"ho-quAnAnQu-2988768\">Osvaldo, \u00bfcu\u00e1l fue para ti el reto de enfrentarte a este personaje?<\/strong><\/p>\n<p>Primero que nada, leyendo y viendo de d\u00f3nde agarrarse para poderse divertir, qu\u00e9 hab\u00eda ah\u00ed para m\u00ed, d\u00f3nde pod\u00eda explorar, qu\u00e9 pod\u00eda proponer. Entonces, en ese sentido, muy similar a como uno le va entrando a los proyectos y ya despu\u00e9s empiezas a trabajar con los compa\u00f1eros y vas entendiendo un poquito mejor la din\u00e1mica.<\/p>\n<p><strong class=\"ho-quAnAnQu-2988768\">\u00bfQu\u00e9 ha significado &#8216;Hermanas&#8217; en este momento de sus carreras y sus trayectorias?<\/strong><\/p>\n<p><strong>OB<\/strong>: Somos actores, todos trabajamos como cualquier persona, entonces yo no me detengo a pensar a esa escala. Uno va en el d\u00eda a d\u00eda pensando a ver qu\u00e9 oportunidades se presentan y uno quiere actuar. O sea, a uno le gusta actuar, es a lo que nos dedicamos. Entonces, no lo s\u00e9. El que quiera pensar eso, pues ya me dir\u00e1, pero para m\u00ed es trabajo, es ganas de hacer m\u00e1s cosas y no quedarme.<\/p>\n<p><strong>AL<\/strong>: Por c\u00f3mo me gusta a m\u00ed llevar mi carrera, es moverme. Justo hice una serie, una obra de teatro, una novela y creo que est\u00e1 incre\u00edble esta posibilidad de ir y venir de un lugar a otro. del a\u00f1o pasado a ahora. Creo que finalmente eso es lo que tambi\u00e9n uno como actor busca.<\/p>\n<p> <img src=\"https:\/\/www.europesays.com\/es\/wp-content\/uploads\/2026\/01\/cdd48b9649ba-huacstill-4.jpg\"   width=\"1024\" height=\"576\" loading=\"lazy\" decoding=\"async\" alt=\"Adriana Louvier en 'Hermanas'\" fetchpriority=\"auto\" class=\"image ho-image\"\/>\u00a9 TelevisaUnivisionAdriana Louvier en &#8216;Hermanas&#8217;<\/p>\n<p> <strong class=\"ho-quAnAnQu-2988768\">Osvaldo, \u00bfhay algo de tu personalidad que compartas con el personaje de Alonso?<\/strong><\/p>\n<p>S\u00ed, yo creo que las novelas, por el poco tiempo de preparaci\u00f3n y la velocidad a la que vas, -que es vertiginosa-, yo creo que puedo estar equivocado, pero en mi caso es ponerme a m\u00ed con mis mascaritas de la personalidad que yo soy en la vida, agarrar un par y ponerlas al servicio de juego, tambi\u00e9n para que sea lo m\u00e1s natural posible. Necesitas la herramienta que traes en la mano r\u00e1pida para resolver cosas.<\/p>\n","protected":false},"excerpt":{"rendered":"Tras m\u00e1s de una d\u00e9cada alejado de las telenovelas, Osvaldo Benavides\u00a0vuelve a los foros televisivos de la mano&hellip;\n","protected":false},"author":2,"featured_media":341652,"comment_status":"","ping_status":"","sticky":false,"template":"","format":"standard","meta":{"footnotes":""},"categories":[171],"tags":[517,146,147,25,24,25116,23,214],"class_list":{"0":"post-341651","1":"post","2":"type-post","3":"status-publish","4":"format-standard","5":"has-post-thumbnail","7":"category-tv","8":"tag-actualidad","9":"tag-entertainment","10":"tag-entretenimiento","11":"tag-es","12":"tag-espana","13":"tag-osvaldo-benavides","14":"tag-spain","15":"tag-tv"},"share_on_mastodon":{"url":"https:\/\/pubeurope.com\/@es\/115897750281676855","error":""},"_links":{"self":[{"href":"https:\/\/www.europesays.com\/es\/wp-json\/wp\/v2\/posts\/341651","targetHints":{"allow":["GET"]}}],"collection":[{"href":"https:\/\/www.europesays.com\/es\/wp-json\/wp\/v2\/posts"}],"about":[{"href":"https:\/\/www.europesays.com\/es\/wp-json\/wp\/v2\/types\/post"}],"author":[{"embeddable":true,"href":"https:\/\/www.europesays.com\/es\/wp-json\/wp\/v2\/users\/2"}],"replies":[{"embeddable":true,"href":"https:\/\/www.europesays.com\/es\/wp-json\/wp\/v2\/comments?post=341651"}],"version-history":[{"count":0,"href":"https:\/\/www.europesays.com\/es\/wp-json\/wp\/v2\/posts\/341651\/revisions"}],"wp:featuredmedia":[{"embeddable":true,"href":"https:\/\/www.europesays.com\/es\/wp-json\/wp\/v2\/media\/341652"}],"wp:attachment":[{"href":"https:\/\/www.europesays.com\/es\/wp-json\/wp\/v2\/media?parent=341651"}],"wp:term":[{"taxonomy":"category","embeddable":true,"href":"https:\/\/www.europesays.com\/es\/wp-json\/wp\/v2\/categories?post=341651"},{"taxonomy":"post_tag","embeddable":true,"href":"https:\/\/www.europesays.com\/es\/wp-json\/wp\/v2\/tags?post=341651"}],"curies":[{"name":"wp","href":"https:\/\/api.w.org\/{rel}","templated":true}]}}