{"id":341693,"date":"2026-01-15T07:11:09","date_gmt":"2026-01-15T07:11:09","guid":{"rendered":"https:\/\/www.europesays.com\/es\/341693\/"},"modified":"2026-01-15T07:11:09","modified_gmt":"2026-01-15T07:11:09","slug":"corte-penal-internacional-puede-juzgar-a-donald-trump-por-ataque-en-venezuela-ibero-derecho-impulsa-analisis-inicio-ibero","status":"publish","type":"post","link":"https:\/\/www.europesays.com\/es\/341693\/","title":{"rendered":"\u00bfCorte Penal Internacional Puede Juzgar a Donald Trump por Ataque en Venezuela? IBERO Derecho Impulsa An\u00e1lisis &#8211; inicio | IBERO"},"content":{"rendered":"<ol>\n<li><a href=\"https:\/\/news.google.com\/rss\/articles\/CBMiygFBVV95cUxQZVZrWHduTGNENDFWcUFBUG0yODZPSWxxc3YxWFdUYUw0MGp6YzA1M2RLcEc1bi0wcVNmTlM4NTdmV1F6RS16ZzlVZUV6SGdBUjVSaXZpWjlmYU5UTzR3dnNLekhBaVR3ajNMUU9yaVNjTXFiUHhSQUFSMEdWMkVxdXJFWkFzb1NxWkRXUldzVERYYjhxMUprNHlTc3MxbnJhXzdUUlk3SFRpczIwY0xvR0J1Y1FkdTg0T2c0LUhnVjdid1hXNkVQNXdn?oc=5\" target=\"_blank\" rel=\"nofollow noopener\">\u00bfCorte Penal Internacional Puede Juzgar a Donald Trump por Ataque en Venezuela? IBERO Derecho Impulsa An\u00e1lisis<\/a>&nbsp;&nbsp;inicio | IBERO<\/li>\n<li><a href=\"https:\/\/news.google.com\/rss\/articles\/CBMif0FVX3lxTE5KSXU3ckFlTGRMUTRpMVVpNUR5bWYzbzZscExrU05EejJCa3BLbE4xOEVWeEpUVHhzYUd6YmtrbTlaUmcwaXBkdm1SYUhOMUcwUzNMb2cyelZTOWNfSUw4WlNYYW0tUkdIQ0hXOHlPbnVjQ2pRMjNwSXhjRjhCLTjSAX9BVV95cUxOa3JNSGQzSUtXWW5NLVdMazNLdWxhbVdaVlQtcllWbHFqdi1wUGFhM1NnNHJfVVVoN2hfdGUyR2JrSlNGLS15NHd0QzZwTl9UUmpLbnRKVEZpeXk2SWtoaWd1d1M2RnowcGp2a2NjOXVmWXlWMUZoclY4RENTWWFj?oc=5\" target=\"_blank\" rel=\"nofollow noopener\">Entre la soberan\u00eda y la impunidad: por qu\u00e9 el derecho internacional p\u00fablico necesita una reforma urgente<\/a>&nbsp;&nbsp;Expansi\u00f3n<\/li>\n<li><a href=\"https:\/\/news.google.com\/rss\/articles\/CBMimwFBVV95cUxNbkZ5S0xyaXk1OVRfVHNyekpFU3daR0xfekx0UWhxaTFWaHFoZ3E3cmVadmk1THhOOEg0NDY4STFxOWc3bi1ta1JlWUZFUTVrSWNQSlJQUnFnYlVJN2hrLW5wampKMkRtRXViX01yZF9pTzJBVl92d095RFlQb1lZbV8yV0VvSlhRMnJyT01YU3M1QVI0SGxsR3lCZw?oc=5\" target=\"_blank\" rel=\"nofollow noopener\">Venezuela: precedente peligroso<\/a>&nbsp;&nbsp;castellonaldia.elmundo.es<\/li>\n<li><a href=\"https:\/\/news.google.com\/rss\/articles\/CBMijwFBVV95cUxNejhUbDdtcFhac2Z4bWY2d0ZMb0NYTlFiajRydzVlM0tUNzlBOExCSXBiZWR5NE1hZ2QyUzR0Y2lacVpCenZwZDdidmsxUkVxTGdteU9pTkkzZFRrY2VEa2lwT2hwbUxmWHp3eUxraEpZVGEzWUJGMFVFUFNpdEhoSXV3NjNKMzE1WEVLNGloZ9IBlAFBVV95cUxNR29VNHh5akpwbG53b2pjdk5mN0cyWElod3g5ZXUtYThfUl9WNVRZS1YwWkR5cTh2ZmVzWi02MThFbnk2bk9Uazd3X1BmSjEtYzlEUzVWM3ZfZ0QwQ2VTVEVOczEtUkJCLXE2clRjMF9NT0RkX3p3VU0xcVYwcHJhYUlmTDFBLUZ1ZldaeXQ2WTZXYXF6?oc=5\" target=\"_blank\" rel=\"nofollow noopener\">El Derecho se revisa tras Maduro<\/a>&nbsp;&nbsp;El Correo Gallego<\/li>\n<li><a href=\"https:\/\/news.google.com\/rss\/articles\/CBMibkFVX3lxTFA3R2V1MUdOSVJQWmE3YzRCU0VpOFVLb2txaGptQVJTQk1kU2hVSHlZeHFsUXVOb0JIQTA2a19pWGEtcV9rajk2OUc2OEVFOXpsVW1zSlByV0puTkozc3dXTVh1eWZfMnNkdUxhbW5n?oc=5\" target=\"_blank\" rel=\"nofollow noopener\">Soberan\u00eda venezolana entre la ley internacional y la fuerza<\/a>&nbsp;&nbsp;Nueva Revista<\/li>\n<\/ol>\n","protected":false},"excerpt":{"rendered":"\u00bfCorte Penal Internacional Puede Juzgar a Donald Trump por Ataque en Venezuela? IBERO Derecho Impulsa An\u00e1lisis&nbsp;&nbsp;inicio | IBERO&hellip;\n","protected":false},"author":2,"featured_media":341694,"comment_status":"","ping_status":"","sticky":false,"template":"","format":"standard","meta":{"footnotes":""},"categories":[42],"tags":[17,18,75303,14151,75298,75292,75294,18276,75302,75293,13,14,75305,11,45653,75304,61,62,63,64,19,20,75295,75301,9,10,15,16,75300,75296,75297,75299,12,75290,21,22,75289,75291,8145,65,66,67],"class_list":{"0":"post-341693","1":"post","2":"type-post","3":"status-publish","4":"format-standard","5":"has-post-thumbnail","7":"category-internacional","8":"tag-breaking-news","9":"tag-breakingnews","10":"tag-compromiso-social","11":"tag-cursos","12":"tag-diplomados","13":"tag-educacion-calidad","14":"tag-educacion-jesuita","15":"tag-emprendedores","16":"tag-ensenanza-superior","17":"tag-excelencia-educativa","18":"tag-featured-news","19":"tag-featurednews","20":"tag-formacion-humanista","21":"tag-headlines","22":"tag-ibero","23":"tag-instituciones-academicas","24":"tag-internacional","25":"tag-international","26":"tag-international-news","27":"tag-internationalnews","28":"tag-latest-news","29":"tag-latestnews","30":"tag-licenciaturas","31":"tag-lobos-ibero","32":"tag-news","33":"tag-noticias","34":"tag-noticias-destacadas","35":"tag-noticiasdestacadas","36":"tag-orgullo-ibero","37":"tag-posgrados","38":"tag-prepa-ibero","39":"tag-tecnico-superior-universitario","40":"tag-titulares","41":"tag-uia","42":"tag-ultimas-noticias","43":"tag-ultimasnoticias","44":"tag-universidad-iberoamericana","45":"tag-universidades-mexico","46":"tag-universidades-privadas","47":"tag-world","48":"tag-world-news","49":"tag-worldnews"},"share_on_mastodon":{"url":"","error":"Validation failed: Text character limit of 500 exceeded"},"_links":{"self":[{"href":"https:\/\/www.europesays.com\/es\/wp-json\/wp\/v2\/posts\/341693","targetHints":{"allow":["GET"]}}],"collection":[{"href":"https:\/\/www.europesays.com\/es\/wp-json\/wp\/v2\/posts"}],"about":[{"href":"https:\/\/www.europesays.com\/es\/wp-json\/wp\/v2\/types\/post"}],"author":[{"embeddable":true,"href":"https:\/\/www.europesays.com\/es\/wp-json\/wp\/v2\/users\/2"}],"replies":[{"embeddable":true,"href":"https:\/\/www.europesays.com\/es\/wp-json\/wp\/v2\/comments?post=341693"}],"version-history":[{"count":0,"href":"https:\/\/www.europesays.com\/es\/wp-json\/wp\/v2\/posts\/341693\/revisions"}],"wp:featuredmedia":[{"embeddable":true,"href":"https:\/\/www.europesays.com\/es\/wp-json\/wp\/v2\/media\/341694"}],"wp:attachment":[{"href":"https:\/\/www.europesays.com\/es\/wp-json\/wp\/v2\/media?parent=341693"}],"wp:term":[{"taxonomy":"category","embeddable":true,"href":"https:\/\/www.europesays.com\/es\/wp-json\/wp\/v2\/categories?post=341693"},{"taxonomy":"post_tag","embeddable":true,"href":"https:\/\/www.europesays.com\/es\/wp-json\/wp\/v2\/tags?post=341693"}],"curies":[{"name":"wp","href":"https:\/\/api.w.org\/{rel}","templated":true}]}}