{"id":341697,"date":"2026-01-15T07:13:11","date_gmt":"2026-01-15T07:13:11","guid":{"rendered":"https:\/\/www.europesays.com\/es\/341697\/"},"modified":"2026-01-15T07:13:11","modified_gmt":"2026-01-15T07:13:11","slug":"gallagher-se-despide-del-atletico-y-el-tottenham-le-da-la-bienvenida","status":"publish","type":"post","link":"https:\/\/www.europesays.com\/es\/341697\/","title":{"rendered":"Gallagher se despide del Atl\u00e9tico, y el Tottenham le da la bienvenida"},"content":{"rendered":"<p data-gtm-element-container=\"modulo-texto-link\" class=\"paragraph\">Este mi\u00e9rcoles se hizo oficial la salida de Conor Gallagher del Atl\u00e9tico de Madrid con destino al Tottenham. Mediante un traspaso que supera los 40 millones de euros, y que suponen una importante inyecci\u00f3n econ\u00f3mica para la entidad del Metropolitano.\u00a0<\/p>\n<p data-gtm-element-container=\"modulo-texto-link\" class=\"paragraph\">Tras su marcha, el centrocampista brit\u00e1nico eligi\u00f3 su cuenta de Instagram para despedirse de la afici\u00f3n rojiblanca con el siguiente mensaje: \u00ab<strong>Atleti<\/strong>, muchas gracias por todo. Ha sido un absoluto placer formar parte de la familia durante los \u00faltimos dos a\u00f1os. La cultura y la comunidad del club es muy especial. Ha sido un privilegio representar a este gran club y a toda la gente involucrada en, y alrededor de, \u00e9l. Los fans, ustedes me dieron todo su apoyo y yo siempre les di lo mejor en cada oportunidad. Un gran\u00a0 agradecimiento a todos mis compa\u00f1eros de equipo y personal asociado dentro del club, gracias por todo. Le dese\u00f3 al club todo lo mejor para el resto de la temporada y para el futuro previsible. Una experiencia y una ciudad que nunca olvidar\u00e9\u00bb.\u00a0<\/p>\n<p>                <img loading=\"lazy\" decoding=\"async\" data-full-src=\"https:\/\/www.mundodeportivo.com\/uploads\/2026\/01\/14\/6967d8439fa3e.jpeg\" alt=\"La despedida de Gallagher a trav\u00e9s de las redes sociales.\" width=\"449\" height=\"216\" src=\"https:\/\/www.europesays.com\/es\/wp-content\/uploads\/2026\/01\/6967d8439fa3e.jpeg\" class=\"lazy\"\/><\/p>\n<p class=\"caption-title \">La despedida de Gallagher a trav\u00e9s de las redes sociales.<\/p>\n<p>                    Instagram<\/p>\n<p data-gtm-element-container=\"modulo-texto-link\" class=\"paragraph\">Por su parte, el <strong>Tottenham <\/strong>le dio la bienvenida en el que se le pudo ver en un precioso v\u00eddeo en el que fueron apareciendo diferentes mensajes en ingl\u00e9s:\u00a0 \u00abCoraz\u00f3n, energ\u00eda, lucha, exigir m\u00e1s, de pie erguido, impuls\u00e1ndonos hacia adelante, soy <strong>Conor Gallagher<\/strong>. Estoy aqu\u00ed para darlo todo\u00bb.<\/p>\n<blockquote class=\"twitter-tweet\" data-lang=\"es\"><p>\n<a href=\"https:\/\/twitter.com\/Spurs_ES\/status\/2011471991803429245\" rel=\"nofollow noopener\" target=\"_blank\">\n<\/p><\/blockquote>\n<p>        Lee tambi\u00e9n<\/p>\n<p>    Walter Zimmermann<\/p>\n<p>             <img loading=\"lazy\" decoding=\"async\" data-full-src=\"https:\/\/www.mundodeportivo.com\/uploads\/2025\/11\/05\/690b907c2bc4c.jpeg\" alt=\"Horizontal\" width=\"334\" height=\"164\" src=\"https:\/\/www.europesays.com\/es\/wp-content\/uploads\/2026\/01\/1768461191_310_690b907c2bc4c.jpeg\" class=\"lazy\"\/><\/p>\n<blockquote class=\"twitter-tweet\" data-lang=\"es\"><p>\n<a href=\"https:\/\/twitter.com\/Spurs_ES\/status\/2011483062740095294\" rel=\"nofollow noopener\" target=\"_blank\">\n<\/p><\/blockquote>\n<p data-gtm-element-container=\"modulo-texto-link\" class=\"paragraph\">El <strong>Tottenham<\/strong> desvel\u00f3 que llevar\u00e1 el dorsal n\u00famero 22, tras lo que dej\u00f3 sus primeras palabras como nuevo jugador spur: \u00abEstoy muy emocionado y ansioso por mostrarles a los hinchas lo que puedo hacer en el campo. Espero brindarles algunos momentos y recuerdos especiales\u00bb.\u00a0<\/p>\n<p>    Lee tambi\u00e9n<\/p>\n<p>                <img loading=\"lazy\" decoding=\"async\" data-full-src=\"https:\/\/www.mundodeportivo.com\/uploads\/2026\/01\/14\/6967d7abe8075.jpeg\" alt=\"El Tottenham desvel\u00f3 el dorsal que llevar\u00e1 Conor Gallagher.\" width=\"449\" height=\"561\" src=\"https:\/\/www.europesays.com\/es\/wp-content\/uploads\/2026\/01\/6967d7abe8075.jpeg\" class=\"lazy\"\/><\/p>\n<p class=\"caption-title \">El Tottenham desvel\u00f3 el dorsal que llevar\u00e1 Conor Gallagher.<\/p>\n<p>                    Tottenham<\/p>\n<p data-gtm-element-container=\"modulo-texto-link\" class=\"paragraph\">Arranca una nueva andadura para <strong>Gallagher <\/strong>en <strong>Londres<\/strong>, pero en esta ocasi\u00f3n ser\u00e1 en el <strong>Tottenham<\/strong>. M\u00e1ximo rival del <strong>Chelsea <\/strong>que es el equipo en el que se form\u00f3 como jugador.\u00a0<\/p>\n<p><script async src=\"https:\/\/platform.twitter.com\/widgets.js\" charset=\"utf-8\"><\/script><\/p>\n","protected":false},"excerpt":{"rendered":"Este mi\u00e9rcoles se hizo oficial la salida de Conor Gallagher del Atl\u00e9tico de Madrid con destino al Tottenham.&hellip;\n","protected":false},"author":2,"featured_media":341698,"comment_status":"","ping_status":"","sticky":false,"template":"","format":"standard","meta":{"footnotes":""},"categories":[5],"tags":[17,18,25,24,13,14,11,19,20,9,10,15,16,23,12,21,22],"class_list":{"0":"post-341697","1":"post","2":"type-post","3":"status-publish","4":"format-standard","5":"has-post-thumbnail","7":"category-titulares","8":"tag-breaking-news","9":"tag-breakingnews","10":"tag-es","11":"tag-espana","12":"tag-featured-news","13":"tag-featurednews","14":"tag-headlines","15":"tag-latest-news","16":"tag-latestnews","17":"tag-news","18":"tag-noticias","19":"tag-noticias-destacadas","20":"tag-noticiasdestacadas","21":"tag-spain","22":"tag-titulares","23":"tag-ultimas-noticias","24":"tag-ultimasnoticias"},"share_on_mastodon":{"url":"https:\/\/pubeurope.com\/@es\/115897879982145280","error":""},"_links":{"self":[{"href":"https:\/\/www.europesays.com\/es\/wp-json\/wp\/v2\/posts\/341697","targetHints":{"allow":["GET"]}}],"collection":[{"href":"https:\/\/www.europesays.com\/es\/wp-json\/wp\/v2\/posts"}],"about":[{"href":"https:\/\/www.europesays.com\/es\/wp-json\/wp\/v2\/types\/post"}],"author":[{"embeddable":true,"href":"https:\/\/www.europesays.com\/es\/wp-json\/wp\/v2\/users\/2"}],"replies":[{"embeddable":true,"href":"https:\/\/www.europesays.com\/es\/wp-json\/wp\/v2\/comments?post=341697"}],"version-history":[{"count":0,"href":"https:\/\/www.europesays.com\/es\/wp-json\/wp\/v2\/posts\/341697\/revisions"}],"wp:featuredmedia":[{"embeddable":true,"href":"https:\/\/www.europesays.com\/es\/wp-json\/wp\/v2\/media\/341698"}],"wp:attachment":[{"href":"https:\/\/www.europesays.com\/es\/wp-json\/wp\/v2\/media?parent=341697"}],"wp:term":[{"taxonomy":"category","embeddable":true,"href":"https:\/\/www.europesays.com\/es\/wp-json\/wp\/v2\/categories?post=341697"},{"taxonomy":"post_tag","embeddable":true,"href":"https:\/\/www.europesays.com\/es\/wp-json\/wp\/v2\/tags?post=341697"}],"curies":[{"name":"wp","href":"https:\/\/api.w.org\/{rel}","templated":true}]}}