{"id":341703,"date":"2026-01-15T07:23:14","date_gmt":"2026-01-15T07:23:14","guid":{"rendered":"https:\/\/www.europesays.com\/es\/341703\/"},"modified":"2026-01-15T07:23:14","modified_gmt":"2026-01-15T07:23:14","slug":"su-contundente-mensaje-sobre-la-polemica-con-nueva-linea-la-orquesta-de-moda-en-canarias","status":"publish","type":"post","link":"https:\/\/www.europesays.com\/es\/341703\/","title":{"rendered":"su contundente mensaje sobre la pol\u00e9mica con Nueva L\u00ednea, la orquesta de moda en Canarias"},"content":{"rendered":"<p>El cantante puertorrique\u00f1o <strong><a href=\"https:\/\/www.instagram.com\/tonnytuntun\/\" rel=\"nofollow noopener\" target=\"_blank\">Tonny Tun Tun<\/a><\/strong> ha compartido este mi\u00e9rcoles, 14 de enero de 2026, un nuevo v\u00eddeo en el que vuelve a la carga con la <strong>pol\u00e9mica<\/strong> desatada por sus propias declaraciones sobre la orquesta de moda en Canarias, <strong><a href=\"https:\/\/diariodeavisos.elespanol.com\/2026\/01\/tony-tun-tun-nueva-linea-noche-de-copas\/\" rel=\"nofollow noopener\" target=\"_blank\">Nueva L\u00ednea,<\/a><\/strong> y el uso que hace, a su juicio \u201c<strong>sin permiso<\/strong>\u201c, de su versi\u00f3n de la popular canci\u00f3n <strong>Una noche de copas<\/strong>. Poco despu\u00e9s de estas nuevas declaraciones decidi\u00f3 eliminar el contenido.<\/p>\n<p>En esta nueva grabaci\u00f3n, el puertorrique\u00f1o aseguraba que su equipo contact\u00f3 con el grupo isle\u00f1o y, seg\u00fan indica, la cosa no acab\u00f3 bien. No obstante, el artista ha querido dejar claro en todo momento que respeta y valora el trabajo de Nueva L\u00ednea.<\/p>\n<p>\u00bfCu\u00e1l es la queja de Tonny Tun Tun sobre Nueva L\u00ednea?<\/p>\n<p>Este martes, el periodista y creador de contenido en internet Javier de Hoyos se hac\u00eda eco en TikTok de un primer v\u00eddeo de Tonny Tun Tun en el que afirmaba que el grupo interpreta la versi\u00f3n de Una noche de copas que contiene sus arreglos musicales, y no la versi\u00f3n de Mar\u00eda Conchita Alonso, una circunstancia que considera \u201c100% demostrable\u201d.<\/p>\n<p>Asimismo, insist\u00eda en que no tendr\u00eda inconveniente en que se utilizara su versi\u00f3n siempre que se soliciten los derechos correspondientes, algo que \u2014asegura en ese primer v\u00eddeo\u2014 no ha ocurrido hasta ahora.<\/p>\n<p><img loading=\"lazy\" decoding=\"async\" width=\"477\" height=\"769\" alt=\"Tony Tun Tun dice que la orquesta tinerfe\u00f1a Nueva L\u00ednea usa su versi\u00f3n de 'Noche de copas'\" class=\"wp-image-850617 perfmatters-lazy\" src=\"https:\/\/www.europesays.com\/es\/wp-content\/uploads\/2026\/01\/1768362069_629_image-3.png\"  data-\/>Tony Tun Tun dice que la orquesta tinerfe\u00f1a Nueva L\u00ednea usa su versi\u00f3n de \u2018Noche de copas\u2019<\/p>\n<p>Nueva L\u00ednea, un fen\u00f3meno de masas<\/p>\n<p>Lo cierto es que el bum de Nueva L\u00ednea parece no tener l\u00edmite. En Canarias, pr\u00e1cticamente todo el mundo lo conoce y, a buen seguro, habr\u00e1n movido las caderas al ritmo de Un beso o la sonada Una noche de copas. Incluso su nombre ha salido en <strong><a href=\"https:\/\/diariodeavisos.elespanol.com\/2026\/01\/nueva-linea-la-revuelta\/\" rel=\"nofollow noopener\" target=\"_blank\">La Revuelta<\/a><\/strong>, el popular programa de Televisi\u00f3n Espa\u00f1ola que conduce David Broncano.<\/p>\n<p>M\u00e1s de 30 a\u00f1os de trayectoria<\/p>\n<p>\u00bfDe d\u00f3nde viene este fen\u00f3meno viral? Nueva L\u00ednea es una orquesta con\u00a0<strong>m\u00e1s de 30 a\u00f1os de trayectoria<\/strong>. En la actualidad est\u00e1 integrada por nueve personas, con cuatro solistas femeninas \u2014<strong>Sof\u00eda, Raquel, Maite y Alicia<\/strong>, de entre\u00a0<strong>18 y 24 a\u00f1os<\/strong>\u2014 y\u00a0<strong>cinco m\u00fasicos profesionales<\/strong>.<\/p>\n<p>En el \u00faltimo a\u00f1o ha superado los\u00a0<strong>600.000 seguidores en TikTok<\/strong>\u00a0y acumula\u00a0<strong>millones de reproducciones<\/strong>\u00a0en distintas plataformas. Uno de sus v\u00eddeos m\u00e1s difundidos supera los\u00a0<strong>35 millones de visualizaciones<\/strong>.<\/p>\n<p>El impulso a su proyecci\u00f3n en redes lleg\u00f3 precisamente con su versi\u00f3n de\u00a0Una noche de copas, tema compuesto y producido en 1984 por\u00a0<strong>Juan Carlos Calder\u00f3n<\/strong>, cuya reinterpretaci\u00f3n comenz\u00f3 a circular en TikTok hasta alcanzar una amplia difusi\u00f3n, especialmente en\u00a0<strong>Latinoam\u00e9rica<\/strong>.<\/p>\n<p>La visibilidad del grupo se ha visto reforzada tras la difusi\u00f3n de sus canciones por parte del artista canario\u00a0<strong>Quevedo<\/strong>\u00a0en redes sociales.<\/p>\n<p>Las cuatro vocalistas proceden de\u00a0<strong>Arafo, G\u00fc\u00edmar y Fasnia<\/strong>, y compaginan la actividad musical con estudios universitarios, primeros trabajos y formaci\u00f3n continua.<\/p>\n<p>\t\t\t<script async src=\"\/\/www.instagram.com\/embed.js\"><\/script><\/p>\n","protected":false},"excerpt":{"rendered":"El cantante puertorrique\u00f1o Tonny Tun Tun ha compartido este mi\u00e9rcoles, 14 de enero de 2026, un nuevo v\u00eddeo&hellip;\n","protected":false},"author":2,"featured_media":341704,"comment_status":"","ping_status":"","sticky":false,"template":"","format":"standard","meta":{"footnotes":""},"categories":[174],"tags":[255,146,147,25,24,256,23],"class_list":{"0":"post-341703","1":"post","2":"type-post","3":"status-publish","4":"format-standard","5":"has-post-thumbnail","7":"category-famosos","8":"tag-celebrities","9":"tag-entertainment","10":"tag-entretenimiento","11":"tag-es","12":"tag-espana","13":"tag-famosos","14":"tag-spain"},"share_on_mastodon":{"url":"https:\/\/pubeurope.com\/@es\/115897919259558296","error":""},"_links":{"self":[{"href":"https:\/\/www.europesays.com\/es\/wp-json\/wp\/v2\/posts\/341703","targetHints":{"allow":["GET"]}}],"collection":[{"href":"https:\/\/www.europesays.com\/es\/wp-json\/wp\/v2\/posts"}],"about":[{"href":"https:\/\/www.europesays.com\/es\/wp-json\/wp\/v2\/types\/post"}],"author":[{"embeddable":true,"href":"https:\/\/www.europesays.com\/es\/wp-json\/wp\/v2\/users\/2"}],"replies":[{"embeddable":true,"href":"https:\/\/www.europesays.com\/es\/wp-json\/wp\/v2\/comments?post=341703"}],"version-history":[{"count":0,"href":"https:\/\/www.europesays.com\/es\/wp-json\/wp\/v2\/posts\/341703\/revisions"}],"wp:featuredmedia":[{"embeddable":true,"href":"https:\/\/www.europesays.com\/es\/wp-json\/wp\/v2\/media\/341704"}],"wp:attachment":[{"href":"https:\/\/www.europesays.com\/es\/wp-json\/wp\/v2\/media?parent=341703"}],"wp:term":[{"taxonomy":"category","embeddable":true,"href":"https:\/\/www.europesays.com\/es\/wp-json\/wp\/v2\/categories?post=341703"},{"taxonomy":"post_tag","embeddable":true,"href":"https:\/\/www.europesays.com\/es\/wp-json\/wp\/v2\/tags?post=341703"}],"curies":[{"name":"wp","href":"https:\/\/api.w.org\/{rel}","templated":true}]}}