{"id":341705,"date":"2026-01-15T07:26:08","date_gmt":"2026-01-15T07:26:08","guid":{"rendered":"https:\/\/www.europesays.com\/es\/341705\/"},"modified":"2026-01-15T07:26:08","modified_gmt":"2026-01-15T07:26:08","slug":"antonio-banderas-confiesa-en-el-hormiguero-que-estuvo-a-punto-de-morir-una-cocinera-me-salvo","status":"publish","type":"post","link":"https:\/\/www.europesays.com\/es\/341705\/","title":{"rendered":"Antonio Banderas confiesa en \u2018El Hormiguero\u2019 que estuvo a punto de morir: \u201cUna cocinera me salv\u00f3\u201d"},"content":{"rendered":"<p class=\"\">Este <b>mi\u00e9rcoles 14 de enero<\/b>, <b>\u2018El Hormiguero\u2019 y \u2018La Revuelta\u2019 vivieron un \u2018combate nulo\u2019<\/b> en su particular lucha por liderar el \u2018access prime time\u2019 de la televisi\u00f3n espa\u00f1ola por culpa de la <b>no emisi\u00f3n del programa presentado por David Broncano<\/b>, ya que su franja fue ocupada por la <b>retransmisi\u00f3n del partido de octavos de final de la Copa del Rey protagonizado por el Real Madrid y el Albacete<\/b>.<\/p>\n<p class=\"\">Centrando la atenci\u00f3n en el programa de Trancas y Barrancas, <b>Antonio Banderas fue el protagonista de la noche<\/b>. El int\u00e9rprete malague\u00f1o visit\u00f3 a Pablo Motos para, adem\u00e1s de presentar <b>\u2018Godspell, el musical\u2019<\/b>, hablar sobre algunos de los momentos m\u00e1s destacados de su trayectoria profesional, como <b>el d\u00eda en el que, por un golpe de suerte,<\/b> <b>se top\u00f3 con Pedro Almod\u00f3var, uno de sus \u2018padres\u2019 cinematogr\u00e1ficos<\/b>.<\/p>\n<p class=\"\">Sin embargo, uno de los momentos m\u00e1s destacados de la visita de Antonio Banderas al programa estrella de Antena 3 se produjo cuando, a ra\u00edz de una pregunta del presentador nacido en Requena, el actor record\u00f3 <b>el d\u00eda en el que, de una forma tan absurda como surrealista, estuvo a punto de morir en el estudio de la casa que compart\u00eda con Melanie Griffith en Los \u00c1ngeles<\/b>.<\/p>\n<p class=\"\"><b>\u201cRecorriendo un poco tu vida, todos sabemos tus episodios con los infartos\u2026 Pero muy poca gente sabe que estuviste a punto de morir en tu propio estudio en tu casa de Los \u00c1ngeles. \u00bfPuedes contar esta historia?\u201d<\/b>, pregunt\u00f3 Pablo Motos. <b>\u201cEs una historia muy absurda.<\/b> Todav\u00eda estaba casado con Melanie, ten\u00edamos una casa en Los \u00c1ngeles con un estudio y all\u00ed grab\u00f3 mucha gente y vino mucha gente. <b>El caso es que Melanie se hab\u00eda marchado con los ni\u00f1os y yo me hab\u00eda quedado solo\u201d<\/b>, introdujo el malague\u00f1o.<\/p>\n<p class=\"\">El actor explic\u00f3 que, tras grabar todas las pistas que necesitaba para el rock and roll que estaba componiendo, se dirigi\u00f3 a una cabina para grabar su voz: <b>\u201cHab\u00eda un cristal muy fuerte y una ventana con una puerta. Entr\u00e9, cerr\u00e9 y me qued\u00e9 con el picaporte en la mano\u201d<\/b>, a\u00f1adi\u00f3.<\/p>\n<p>Se le apareci\u00f3 \u201cun \u00e1ngel\u201d<\/p>\n<p class=\"\">Casi al instante, Antonio Banderas se dio cuenta de la gravedad de la situaci\u00f3n: <b>\u201cEstoy solo en mi casa, y estoy encerrado en un estudio de grabaci\u00f3n.<\/b> Por aquel entonces, yo fumaba, y<b> ten\u00eda un cigarrillo que cuando se gastara se iba a caer al suelo, donde ten\u00eda una moqueta. Empec\u00e9 a pegar patadas, trat\u00e9 de romper el cristal con un extintor\u201d<\/b>, confes\u00f3.<\/p>\n<p>Noticias relacionadas<a href=\"https:\/\/as.com\/tikitakas\/television\/el-hormiguero-se-pronuncia-sobre-si-can-yaman-ira-como-invitado-este-jueves-tras-su-detencion-en-estambul-f202601-n\/\" class=\"s_m_w\" title=\"El programa ha compartido en su perfil en Instagram una publicaci\u00f3n del actor turco como invitado.\" data-tb-link=\"\" rel=\"nofollow noopener\" target=\"_blank\"><img decoding=\"async\" src=\"https:\/\/www.europesays.com\/es\/wp-content\/uploads\/2026\/01\/1768461968_458_E2D7K73KNBDFDJLQEBK53NMPSU.png\" alt=\"\u2018El Hormiguero\u2019 se pronuncia sobre si Can Yaman ir\u00e1 como invitado este jueves tras su detenci\u00f3n en Estambul\" class=\"\" height=\"9\" width=\"16\"   loading=\"lazy\" data-tb-thumbnail=\"\"\/><\/a><a href=\"https:\/\/as.com\/tikitakas\/television\/el-emotivo-discurso-con-el-que-pablo-motos-despide-el-hormiguero-en-2025-ojala-os-sirva-f202512-n\/\" class=\"s_m_w\" title=\"El de Requena ha dedicado unos minutos de su \u00faltimo programa a revelar 12 consejos que a \u00e9l le ayudan a ser feliz.\" data-tb-link=\"\" rel=\"nofollow noopener\" target=\"_blank\"><img decoding=\"async\" src=\"https:\/\/www.europesays.com\/es\/wp-content\/uploads\/2026\/01\/7S3CCJPKLVFZ3BC2FGZQ3BMW4A.jpg\" alt=\"El emotivo discurso con el que Pablo Motos despide \u2018El Hormiguero\u2019 en 2025: \u201cOjal\u00e1 os sirva\u201d\" class=\"\" height=\"9\" width=\"16\"   loading=\"lazy\" data-tb-thumbnail=\"\"\/><\/a><\/p>\n<p class=\"\"><b>\u201cDe repente vi, como si fuera un \u00e1ngel, una cocinera que nosotros ten\u00edamos que hab\u00eda hecho un huerto donde estaba la ventana\u201d<\/b>, contin\u00fao. Afortunadamente, <b>la historia termin\u00f3 con un final feliz<\/b>: la trabajadora reconoci\u00f3 a Antonio Banderas y, seg\u00fan palabras del actor, <b>le \u201csalv\u00f3 la vida\u201d.<\/b><\/p>\n<p class=\"\"><b>\u00a1Tus opiniones importan!<\/b> Comenta en los art\u00edculos y suscr\u00edbete gratis a nuestra <a href=\"https:\/\/asfan.as.com\/newsletters\/\" target=\"_blank\" rel=\"nofollow noopener\" title=\"https:\/\/asfan.as.com\/newsletters\/\">newsletter<\/a> y a las alertas informativas en la <a href=\"https:\/\/as.com\/aplicacion-de-as-n\/\" target=\"_blank\" rel=\"nofollow noopener\" title=\"https:\/\/as.com\/aplicacion-de-as-n\/\">App<\/a> o el canal de <a href=\"https:\/\/www.whatsapp.com\/channel\/0029VaAasdA7j6g745nz9M10\" target=\"_blank\" rel=\"nofollow noopener\" title=\"https:\/\/www.whatsapp.com\/channel\/0029VaAasdA7j6g745nz9M10\">WhatsApp<\/a>. \u00bfBuscas licenciar contenido? Haz clic <a href=\"https:\/\/profesional.elpais.com\/landing-sindicacion?utm_medium=interno&amp;utm_source=crosslinking&amp;utm_campaign=sindicacion_as_pie_articulos\" target=\"_blank\" rel=\"nofollow noopener\" title=\"https:\/\/profesional.elpais.com\/landing-sindicacion?utm_medium=interno&amp;utm_source=crosslinking&amp;utm_campaign=sindicacion_as_pie_articulos\">aqu\u00ed<\/a><\/p>\n","protected":false},"excerpt":{"rendered":"Este mi\u00e9rcoles 14 de enero, \u2018El Hormiguero\u2019 y \u2018La Revuelta\u2019 vivieron un \u2018combate nulo\u2019 en su particular lucha&hellip;\n","protected":false},"author":2,"featured_media":341706,"comment_status":"","ping_status":"","sticky":false,"template":"","format":"standard","meta":{"footnotes":""},"categories":[171],"tags":[146,147,25,24,23,214],"class_list":{"0":"post-341705","1":"post","2":"type-post","3":"status-publish","4":"format-standard","5":"has-post-thumbnail","7":"category-tv","8":"tag-entertainment","9":"tag-entretenimiento","10":"tag-es","11":"tag-espana","12":"tag-spain","13":"tag-tv"},"share_on_mastodon":{"url":"https:\/\/pubeurope.com\/@es\/115897931234499227","error":""},"_links":{"self":[{"href":"https:\/\/www.europesays.com\/es\/wp-json\/wp\/v2\/posts\/341705","targetHints":{"allow":["GET"]}}],"collection":[{"href":"https:\/\/www.europesays.com\/es\/wp-json\/wp\/v2\/posts"}],"about":[{"href":"https:\/\/www.europesays.com\/es\/wp-json\/wp\/v2\/types\/post"}],"author":[{"embeddable":true,"href":"https:\/\/www.europesays.com\/es\/wp-json\/wp\/v2\/users\/2"}],"replies":[{"embeddable":true,"href":"https:\/\/www.europesays.com\/es\/wp-json\/wp\/v2\/comments?post=341705"}],"version-history":[{"count":0,"href":"https:\/\/www.europesays.com\/es\/wp-json\/wp\/v2\/posts\/341705\/revisions"}],"wp:featuredmedia":[{"embeddable":true,"href":"https:\/\/www.europesays.com\/es\/wp-json\/wp\/v2\/media\/341706"}],"wp:attachment":[{"href":"https:\/\/www.europesays.com\/es\/wp-json\/wp\/v2\/media?parent=341705"}],"wp:term":[{"taxonomy":"category","embeddable":true,"href":"https:\/\/www.europesays.com\/es\/wp-json\/wp\/v2\/categories?post=341705"},{"taxonomy":"post_tag","embeddable":true,"href":"https:\/\/www.europesays.com\/es\/wp-json\/wp\/v2\/tags?post=341705"}],"curies":[{"name":"wp","href":"https:\/\/api.w.org\/{rel}","templated":true}]}}