{"id":341715,"date":"2026-01-15T07:31:49","date_gmt":"2026-01-15T07:31:49","guid":{"rendered":"https:\/\/www.europesays.com\/es\/341715\/"},"modified":"2026-01-15T07:31:49","modified_gmt":"2026-01-15T07:31:49","slug":"cine-club-con-salon-de-belleza-aunque-llueva-o-truene","status":"publish","type":"post","link":"https:\/\/www.europesays.com\/es\/341715\/","title":{"rendered":"Cine Club con Sal\u00f3n de Belleza: \u00abAunque llueva o truene\u00bb"},"content":{"rendered":"<p>El jueves 22 de enero vuelve la cita con el cine en La F\u00e1brica de la mano de <strong>Sal\u00f3n de Belleza.<\/strong> En esta ocasi\u00f3n el colectivo ha seleccionado la pel\u00edcula <strong>\u201cAunque llueva o truene\u201d<\/strong> (1977) dirigida por Wolfgang Berndt y Doris D\u00f6rrie en 1977.<\/p>\n<p>El debut cinematogr\u00e1fico de Wolfgang Berndt y Doris D\u00f6rrie fue un proyecto colaborativo. Interpretan con sensibilidad a la cin\u00e9fila <strong>Maria Stadler, <\/strong>conocida cari\u00f1osamente como \u00abKinomarie\u00bb, quien, a finales de 1945, fue una de las primeras personas en recibir una licencia para una sala de cine de las fuerzas de ocupaci\u00f3n estadounidenses.<\/p>\n<p>Esta sesi\u00f3n contar\u00e1 adem\u00e1s con la presencia de la cineasta y programadora que <strong>Paola Buontempo, <\/strong>har\u00e1 una presentaci\u00f3n de la pel\u00edcula.<\/p>\n<p>Cada mes el colectivo <strong>Sal\u00f3n de Belleza <\/strong>propone ver juntas una pel\u00edcula y conversar despu\u00e9s acerca de la forma en que hacemos, mostramos y miramos largometrajes. \u00bfQu\u00e9 significa hacer y mirar cine hoy? \u00bfcu\u00e1les son las palabras con las que definimos qu\u00e9 es y qu\u00e9 no es una pel\u00edcula?<\/p>\n<p>Sal\u00f3n de Belleza es un colectivo dedicado a <strong>generar espacios de pensamiento e intercambio<\/strong> acerca de la circulaci\u00f3n de im\u00e1genes y sus movimientos invisibles y perif\u00e9ricos dentro de un contexto dado. Formado por Cris Somavilla y Manuela Guti\u00e9rrez, el proyecto investiga la imagen y la pedagog\u00eda as\u00ed como las posibilidades de programaci\u00f3n y exhibici\u00f3n de artistas visuales en Cantabria.<\/p>\n<p>Las sesiones son de car\u00e1cter <strong>gratuito<\/strong> y nos invitan a acercarnos y charlar sobre pel\u00edculas que no han tenido una amplia distribuci\u00f3n en el territorio.<\/p>\n","protected":false},"excerpt":{"rendered":"El jueves 22 de enero vuelve la cita con el cine en La F\u00e1brica de la mano de&hellip;\n","protected":false},"author":2,"featured_media":341716,"comment_status":"","ping_status":"","sticky":false,"template":"","format":"standard","meta":{"footnotes":""},"categories":[91],"tags":[146,147,25,24,23],"class_list":{"0":"post-341715","1":"post","2":"type-post","3":"status-publish","4":"format-standard","5":"has-post-thumbnail","7":"category-entretenimiento","8":"tag-entertainment","9":"tag-entretenimiento","10":"tag-es","11":"tag-espana","12":"tag-spain"},"share_on_mastodon":{"url":"https:\/\/pubeurope.com\/@es\/115897955077605743","error":""},"_links":{"self":[{"href":"https:\/\/www.europesays.com\/es\/wp-json\/wp\/v2\/posts\/341715","targetHints":{"allow":["GET"]}}],"collection":[{"href":"https:\/\/www.europesays.com\/es\/wp-json\/wp\/v2\/posts"}],"about":[{"href":"https:\/\/www.europesays.com\/es\/wp-json\/wp\/v2\/types\/post"}],"author":[{"embeddable":true,"href":"https:\/\/www.europesays.com\/es\/wp-json\/wp\/v2\/users\/2"}],"replies":[{"embeddable":true,"href":"https:\/\/www.europesays.com\/es\/wp-json\/wp\/v2\/comments?post=341715"}],"version-history":[{"count":0,"href":"https:\/\/www.europesays.com\/es\/wp-json\/wp\/v2\/posts\/341715\/revisions"}],"wp:featuredmedia":[{"embeddable":true,"href":"https:\/\/www.europesays.com\/es\/wp-json\/wp\/v2\/media\/341716"}],"wp:attachment":[{"href":"https:\/\/www.europesays.com\/es\/wp-json\/wp\/v2\/media?parent=341715"}],"wp:term":[{"taxonomy":"category","embeddable":true,"href":"https:\/\/www.europesays.com\/es\/wp-json\/wp\/v2\/categories?post=341715"},{"taxonomy":"post_tag","embeddable":true,"href":"https:\/\/www.europesays.com\/es\/wp-json\/wp\/v2\/tags?post=341715"}],"curies":[{"name":"wp","href":"https:\/\/api.w.org\/{rel}","templated":true}]}}