{"id":341721,"date":"2026-01-15T07:34:10","date_gmt":"2026-01-15T07:34:10","guid":{"rendered":"https:\/\/www.europesays.com\/es\/341721\/"},"modified":"2026-01-15T07:34:10","modified_gmt":"2026-01-15T07:34:10","slug":"ultima-hora-sobre-trump-y-groenlandia-en-directo-los-paises-europeos-envian-una-mision-militar-a-groenlandia-en-medio-de-las-amenazas-de-trump","status":"publish","type":"post","link":"https:\/\/www.europesays.com\/es\/341721\/","title":{"rendered":"\u00daltima hora sobre Trump y Groenlandia en directo | Los pa\u00edses europeos env\u00edan una misi\u00f3n militar a Groenlandia en medio de las amenazas de Trump"},"content":{"rendered":"<p><a href=\"https:\/\/www.elmundo.es\/autor\/santiago-saiz.html\" aria-hidden=\"true\" rel=\"nofollow noopener\" target=\"_blank\"><img loading=\"lazy\" decoding=\"async\" width=\"80\" height=\"80\" class=\"ue-c-author-profile__photo-img\" alt=\"Santiago Saiz\" src=\"https:\/\/e01-phantom-elmundo.uecdn.es\/1252b45053a3613edb9aba9d2bf2599f\/f\/image\/jpeg\/dca792b64e27603580686cae094d19bd\/resize\/600\/assets\/multimedia\/imagenes\/2024\/03\/13\/17103385743662.jpg\"\/><\/a><\/p>\n<p> Jueves,<br \/>\n15<br \/>\nenero<br \/>\n2026<br \/>\n&#8211;<br \/>\n08:17<\/p>\n<p class=\"ue-c-article__paragraph\"><strong>Groenlandia, Dinamarca y la Uni\u00f3n Europea <\/strong>tratan de hacer frente al acoso de <strong>Donald Trump<\/strong> para hacerse con la soberan\u00eda de la isla. Ante las repetidas invocaciones del presidente de Estados Unidos a su propia seguridad nacional, Dinamarca se muestra dispuesta a ampliar la presencia militar en ese territorio. En ese contexto se inscribe la misi\u00f3n de reconocimiento que arranca este jueves y en la que participan Francia, Suecia, Alemania y Noruega. Ser\u00eda la antesala de un despliegue posterior. <\/p>\n<p class=\"ue-c-article__paragraph\"><a href=\"https:\/\/www.elmundo.es\/internacional\/2026\/01\/14\/6967eca2fc6c83cf018b45b1.html\" target=\"_blank\" rel=\"nofollow noopener\"><strong>Dinamarca expres\u00f3 el mi\u00e9rcoles por la tarde en la Casa Blanca su negativa a ceder la soberan\u00eda de Groenlandia;<\/strong><\/a> el gobierno aut\u00f3nomo de la isla hab\u00eda manifestado igualmente por la ma\u00f1ana su rechazo a la pretensi\u00f3n de Trump. De la reuni\u00f3n vespertina en Washington sali\u00f3, sobre todo, la constataci\u00f3n del desacuerdo. Poco despu\u00e9s, el presidente de Estados Unidos pronunciaba sus \u00faltimas (hasta ahora) palabras sobre el tema<strong>: \u00abCreo que se va a encontrar una soluci\u00f3n\u00bb. <\/strong><\/p>\n","protected":false},"excerpt":{"rendered":"Jueves, 15 enero 2026 &#8211; 08:17 Groenlandia, Dinamarca y la Uni\u00f3n Europea tratan de hacer frente al acoso&hellip;\n","protected":false},"author":2,"featured_media":341722,"comment_status":"","ping_status":"","sticky":false,"template":"","format":"standard","meta":{"footnotes":""},"categories":[42],"tags":[77777,17,18,2496,352,629,13,14,11,61,62,63,64,19,20,9,10,15,16,12,21,22,1617,1192,65,66,67],"class_list":{"0":"post-341721","1":"post","2":"type-post","3":"status-publish","4":"format-standard","5":"has-post-thumbnail","7":"category-internacional","8":"tag-articulos-santiago-saiz","9":"tag-breaking-news","10":"tag-breakingnews","11":"tag-dinamarca","12":"tag-donald-trump","13":"tag-estados-unidos","14":"tag-featured-news","15":"tag-featurednews","16":"tag-headlines","17":"tag-internacional","18":"tag-international","19":"tag-international-news","20":"tag-internationalnews","21":"tag-latest-news","22":"tag-latestnews","23":"tag-news","24":"tag-noticias","25":"tag-noticias-destacadas","26":"tag-noticiasdestacadas","27":"tag-titulares","28":"tag-ultimas-noticias","29":"tag-ultimasnoticias","30":"tag-union-europea","31":"tag-venezuela","32":"tag-world","33":"tag-world-news","34":"tag-worldnews"},"share_on_mastodon":{"url":"","error":"Validation failed: Text character limit of 500 exceeded"},"_links":{"self":[{"href":"https:\/\/www.europesays.com\/es\/wp-json\/wp\/v2\/posts\/341721","targetHints":{"allow":["GET"]}}],"collection":[{"href":"https:\/\/www.europesays.com\/es\/wp-json\/wp\/v2\/posts"}],"about":[{"href":"https:\/\/www.europesays.com\/es\/wp-json\/wp\/v2\/types\/post"}],"author":[{"embeddable":true,"href":"https:\/\/www.europesays.com\/es\/wp-json\/wp\/v2\/users\/2"}],"replies":[{"embeddable":true,"href":"https:\/\/www.europesays.com\/es\/wp-json\/wp\/v2\/comments?post=341721"}],"version-history":[{"count":0,"href":"https:\/\/www.europesays.com\/es\/wp-json\/wp\/v2\/posts\/341721\/revisions"}],"wp:featuredmedia":[{"embeddable":true,"href":"https:\/\/www.europesays.com\/es\/wp-json\/wp\/v2\/media\/341722"}],"wp:attachment":[{"href":"https:\/\/www.europesays.com\/es\/wp-json\/wp\/v2\/media?parent=341721"}],"wp:term":[{"taxonomy":"category","embeddable":true,"href":"https:\/\/www.europesays.com\/es\/wp-json\/wp\/v2\/categories?post=341721"},{"taxonomy":"post_tag","embeddable":true,"href":"https:\/\/www.europesays.com\/es\/wp-json\/wp\/v2\/tags?post=341721"}],"curies":[{"name":"wp","href":"https:\/\/api.w.org\/{rel}","templated":true}]}}