{"id":341723,"date":"2026-01-15T07:35:07","date_gmt":"2026-01-15T07:35:07","guid":{"rendered":"https:\/\/www.europesays.com\/es\/341723\/"},"modified":"2026-01-15T07:35:07","modified_gmt":"2026-01-15T07:35:07","slug":"el-supremo-analiza-si-mantiene-a-abalos-y-koldo-en-prision-preventiva-rtve-es","status":"publish","type":"post","link":"https:\/\/www.europesays.com\/es\/341723\/","title":{"rendered":"El Supremo analiza si mantiene a \u00c1balos y Koldo en prisi\u00f3n preventiva &#8211; RTVE.es"},"content":{"rendered":"<ol>\n<li><a href=\"https:\/\/news.google.com\/rss\/articles\/CBMisAFBVV95cUxOWGtFZHZIRHl2d0sydUstZ3NqY3pqR2EzajR2cFNTZjBZc1dFemlhQ3FtdF9KZVFTdlJ2czhadDduMmRVdHlCR3I1a0JWVFJEX2FnLVRGRjhVRkM5R1BZQmRDdUdIczZ5X25qUjhXQmJxdWM2Sy1KU3dGdDI2cEoybTRyN1B5cVBocmVPSExDamJUalExTjQ3blZPNDNOMk9OOGJtY0dFdnZhX0pKVW9lZNIBsAFBVV95cUxQa3BBTUd2Rk9pQTBIcDVieEFSMzc5dGt4S3QzRVByLW5NeDRlVkhOc2xwLXNkQzJEcmhJNTZxXzBVOXFVd2xyTWMxdURVWVduNm05U1g0WFJpcmh2ZWdRbW00SjNWa2dYal80S2pUREViSTF1RmNmRF9VTUVOSmZjdmdjTmJfWW40cElrbWlmMno2YnpFbUNTb1hiVTBKSHZHbnZlb0w0MU41OXVRWkdTcw?oc=5\" target=\"_blank\" rel=\"nofollow noopener\">El Supremo analiza si mantiene a \u00c1balos y Koldo en prisi\u00f3n preventiva<\/a>&nbsp;&nbsp;RTVE.es<\/li>\n<li><a href=\"https:\/\/news.google.com\/rss\/articles\/CBMi2gFBVV95cUxPM1pxbnBQM0IyMTE4czVIaVNFSWdad3ZyaGQ4bmQzMTVNemp5b0ZLTkhmZlA4enRpdTVJdzI2cDlCUG5FTFZyTW5PNzVnaXFpVUlZU0dOSXRhTE9Td1JYbjVGWHBXSW1qcTZObzctVVVVVGZRY2xrWGUzT09veDBkZVlzd0VlNXFKS3AwOGM2Z2M0UFdmN2duZDk5YXdpSUJNMTFtNVFEU05RWFZONTBCRTlJZktGeHFDVlAzSFJHQU5LYVMycGttVlJRWTlyQ2pJanhWVFJwVGNzQQ?oc=5\" target=\"_blank\" rel=\"nofollow noopener\">El Supremo revisa la decisi\u00f3n de enviar a \u00c1balos y Koldo Garc\u00eda a prisi\u00f3n por riesgo \u201cextremo\u201d de fuga<\/a>&nbsp;&nbsp;EL PA\u00cdS<\/li>\n<li><a href=\"https:\/\/news.google.com\/rss\/articles\/CBMivgFBVV95cUxNTmZoWFFoN0RNNGIwakQzMkp4bTU1OEtrd1lJU2IxZ01vQW1PaWZtcUdGNHpzWWRYdDFQYkpvdXpKY0UyMjhwTjFYeDV4ek13XzBrQlJ3ZFpNN0pqY29LX1VuWmFUMWY5OGZ3UU5ZRWM2b05xQUFZOFN3ZmplV05YdDFCRnhzVDVWTnVabDBEcU83ZVhXeEE3U3FLWDNsdlNqbjB0S3N3WjZiNWRlU0ZCUlVvRWs3MW04VkVWRHJ30gHSAUFVX3lxTFBZUGlsUUtfcTVNbnc2aDlwUWlXQW9aSjhxSmthWlBWZ0F0ODVCdllJaGJ5WmhlOC1WOWphSm9KcWpZbWdQTUtaZkFDakRRT0VBYnA3Z29Zd1Q4dC1uQU5MWW9BZUdqX1E1UUY5cXl1alVnS2FaU1g0eFJscmZzb3g1RDAtd0ZEd21XcU02Z1U0TXR0dGRGd2MwcTh0NWdpRnhzX21vQzZma3VDUWFGRzR6QjFqenlTYnNtTmpkWENld241NGdhSWlUZVFJMU9iV1NUdw?oc=5\" target=\"_blank\" rel=\"nofollow noopener\">Divorcio en Soto del Real: \u00c1balos y Koldo dejan de compartir celda<\/a>&nbsp;&nbsp;La Raz\u00f3n<\/li>\n<li><a href=\"https:\/\/news.google.com\/rss\/articles\/CBMi4gFBVV95cUxNR1g4R2tBMF9lSF8xT3lzdnVQXzkyQzRZMWNoOVFDZ3FubDRueGdkcWk1T2g0c2hhSmswMWxsaDBMbkdCOW0ydFBDTjJEbVQwUmExRG92RGxIYTN4MDJrenFBbFpnY1pWOVJCdFhZTnRJUkZzdVZLbUVtWm4tR0NoX0pmTGRib3NRSjBtWXpvMjYtaFR4X1ZxNWVPNjhrQ0tyVVdFT1paNDNjOXNSMHd1c1NRUUcwdmM2MkItLWJEZWZoVC1YdXMwTjZwYlN2bkVSdkFSenhkQXRwTVBOZ214N1hR0gHsAUFVX3lxTE85aEw3M1dqdGs5MkZhU0ZEdUZZMTA5ckZSQXAyY3g3czhGdnVmVlllWU5VYVFqTkJJM0htVzMzajRraTJWUjAwYVlNYlBFQm5COFViLS1HVUpIT241ek5EdDFDX0hoUW5lRnpLU1hqZ3pscHdOVDdqdUxIZEZZQml4VVRxbl9HVzN0NkJwSHozUVlZX3FvNElTU3FNYnhvNzQtbmRwYm1RdkNhcUJDSTgxdDFVeEpPeDg2NkNha2I4OGdFWlJiNHNidVE5SWFJVUwzNGIyQ2RwcXdIMHAwZ3U5Qjdxa3pSZlNHTEVI?oc=5\" target=\"_blank\" rel=\"nofollow noopener\">La libertad para \u00c1balos y Koldo antes del juicio se disipa: \u00abEl riesgo de fuga ha aumentado\u00bb<\/a>&nbsp;&nbsp;Libertad Digital<\/li>\n<li><a href=\"https:\/\/news.google.com\/rss\/articles\/CBMimwFBVV95cUxQcWl0aC01S1lOUGNVZE81enNVZFctNHNlbXN0dmlSeFlKRmNHNGExTlZZSEs2d0kxcXRIWXFaY2RRQkJMNEZQdDFLV3I0dDU1VDBiVDVvOGlLY09jT0VQWnM1U3R0QmFub0g1VUZUaHc2N0xmZHlrY3R0cXVfc0N5elFFZGZ2OXltU2RKNVhDUkVvdDZqY2ZDaWRWYw?oc=5\" target=\"_blank\" rel=\"nofollow noopener\">Koldo consigue que le saquen de la celda que compart\u00eda con \u00c1balos<\/a>&nbsp;&nbsp;ABC<\/li>\n<\/ol>\n","protected":false},"excerpt":{"rendered":"El Supremo analiza si mantiene a \u00c1balos y Koldo en prisi\u00f3n preventiva&nbsp;&nbsp;RTVE.es El Supremo revisa la decisi\u00f3n de&hellip;\n","protected":false},"author":2,"featured_media":341724,"comment_status":"","ping_status":"","sticky":false,"template":"","format":"standard","meta":{"footnotes":""},"categories":[8],"tags":[17,18,25,24,13,14,11,19,20,9,10,15,16,23,12,21,22],"class_list":{"0":"post-341723","1":"post","2":"type-post","3":"status-publish","4":"format-standard","5":"has-post-thumbnail","7":"category-espana","8":"tag-breaking-news","9":"tag-breakingnews","10":"tag-es","11":"tag-espana","12":"tag-featured-news","13":"tag-featurednews","14":"tag-headlines","15":"tag-latest-news","16":"tag-latestnews","17":"tag-news","18":"tag-noticias","19":"tag-noticias-destacadas","20":"tag-noticiasdestacadas","21":"tag-spain","22":"tag-titulares","23":"tag-ultimas-noticias","24":"tag-ultimasnoticias"},"share_on_mastodon":{"url":"https:\/\/pubeurope.com\/@es\/115897966677803519","error":""},"_links":{"self":[{"href":"https:\/\/www.europesays.com\/es\/wp-json\/wp\/v2\/posts\/341723","targetHints":{"allow":["GET"]}}],"collection":[{"href":"https:\/\/www.europesays.com\/es\/wp-json\/wp\/v2\/posts"}],"about":[{"href":"https:\/\/www.europesays.com\/es\/wp-json\/wp\/v2\/types\/post"}],"author":[{"embeddable":true,"href":"https:\/\/www.europesays.com\/es\/wp-json\/wp\/v2\/users\/2"}],"replies":[{"embeddable":true,"href":"https:\/\/www.europesays.com\/es\/wp-json\/wp\/v2\/comments?post=341723"}],"version-history":[{"count":0,"href":"https:\/\/www.europesays.com\/es\/wp-json\/wp\/v2\/posts\/341723\/revisions"}],"wp:featuredmedia":[{"embeddable":true,"href":"https:\/\/www.europesays.com\/es\/wp-json\/wp\/v2\/media\/341724"}],"wp:attachment":[{"href":"https:\/\/www.europesays.com\/es\/wp-json\/wp\/v2\/media?parent=341723"}],"wp:term":[{"taxonomy":"category","embeddable":true,"href":"https:\/\/www.europesays.com\/es\/wp-json\/wp\/v2\/categories?post=341723"},{"taxonomy":"post_tag","embeddable":true,"href":"https:\/\/www.europesays.com\/es\/wp-json\/wp\/v2\/tags?post=341723"}],"curies":[{"name":"wp","href":"https:\/\/api.w.org\/{rel}","templated":true}]}}