{"id":341725,"date":"2026-01-15T07:36:13","date_gmt":"2026-01-15T07:36:13","guid":{"rendered":"https:\/\/www.europesays.com\/es\/341725\/"},"modified":"2026-01-15T07:36:13","modified_gmt":"2026-01-15T07:36:13","slug":"la-verdad-llegara-muy-pronto","status":"publish","type":"post","link":"https:\/\/www.europesays.com\/es\/341725\/","title":{"rendered":"\u201cLa verdad llegar\u00e1 muy pronto\u201d"},"content":{"rendered":"<p><a title=\"Julio Iglesias\" href=\"https:\/\/www.larazon.es\/gente\/famosos\/hablamos-exjefe-prensa-julio-iglesias-esto-puede-tener-intencionalidad-politica_2026011369665b2a384d9f038d864fa7.html\" target=\"_blank\" rel=\"nofollow noopener\">Julio Iglesias<\/a> est\u00e1 en el punto de mira despu\u00e9s de que este lunes se publicase el <b>trabajo de tres a\u00f1os de investigaci\u00f3n<\/b>. El equipo de edDiario.es, en colaboraci\u00f3n con Univisi\u00f3n Noticias, han estado recabando pruebas que sustenten el testimonio presentado por dos exempleadas al servicio del cantante en 2021, en sus mansiones de Punta Cana y Bahamas. Le acusan de <a title=\"presuntos delitos de acoso y agresi\u00f3n sexual\" href=\"https:\/\/www.larazon.es\/gente\/fiscalia-audiencia-nacional-investiga-denuncias-julio-iglesias-presunta-agresion-sexual_20260113696646db5b0f022699611b05.html\" target=\"_blank\" rel=\"nofollow noopener\">presuntos delitos de acoso y agresi\u00f3n sexual<\/a>, narrando <b>escalofriantes episodios de vejaciones y agresiones f\u00edsicas y verbales<\/b>. La opini\u00f3n p\u00fablica est\u00e1 dividida en un debate entre condenar lo sucedido o respetar la presunci\u00f3n de inocencia hasta que un juez tome partido. <\/p>\n<p><b>En medio de todo este esc\u00e1ndalo, han sido muchos los que han salido a ofrecer su versi\u00f3n<\/b>. Amigos del cantante han salido en su defensa, mientras que otros que no atesoran un buen recuerdo de \u00e9l dan p\u00e1bulo a las denunciantes y no ponen la mano en el fuego por su inocencia. Esto ha generado un debate medi\u00e1tico en el que el artista no quiere participar. Aun as\u00ed, dos d\u00edas despu\u00e9s de estallar el esc\u00e1ndalo, ha entendido necesario <b>responder a unas preguntas de cortes\u00eda para su revista de cabecera, \u2018Hola\u2019. <\/b><\/p>\n<p>Julio Iglesias pone a trabajar a sus abogados<\/p>\n<p>Dada la estrecha relaci\u00f3n entre el cantante y la revista, no ha tenido reparos en descolgar el tel\u00e9fono cuando le han llamado para conocer c\u00f3mo se encuentra en mitad del hurac\u00e1n. Desde la publicaci\u00f3n aciertan a describir que <b>la voz de Julio Iglesias \u201csuena seria, grave, consciente de que es un momento dif\u00edcil, pero al mismo tiempo totalmente seguro de su respuesta, que ser\u00e1 clara y contundente y que no ofrecer\u00e1 ninguna duda\u201d<\/b>. Est\u00e1 en un momento delicado ante <a title=\"la investigaci\u00f3n abierta por la Fiscal\u00eda de la Audiencia Nacional\" href=\"https:\/\/www.larazon.es\/gente\/famosos\/fiscalia-llama-declarar-dos-mujeres-que-han-denunciado-julio-iglesias_202601146967b551be7ae37724c4e2e7.html\" target=\"_blank\" rel=\"nofollow noopener\">la investigaci\u00f3n abierta por la Fiscal\u00eda de la Audiencia Nacional<\/a> ante el testimonio de dos empleadas que, por cierto, dicen haber trabajado sin contrato.<\/p>\n<p><img decoding=\"async\" loading=\"lazy\" src=\"https:\/\/www.europesays.com\/es\/wp-content\/uploads\/2026\/01\/julio-iglesias-imagen-archivo_123.jpg\" alt=\"Julio Iglesias en una imagen de archivo \" width=\"2400\" height=\"3600\"\/><b>Julio Iglesias en una imagen de archivo <\/b>Gtres<\/p>\n<p><b>Para Julio Iglesias \u201cno es el momento de hablar\u201d, pero emplaza a \u201cmuy pronto\u201d<\/b> el instante en el que se pronuncie al respecto. Quiere medir muy bien sus pasos, de ah\u00ed que haya puesto a trabajar a su equipo legal. Sus abogados ya estudian las acciones legales en respuesta a las acusaciones presentadas contra \u00e9l. Una estrategia para su defensa judicial y tambi\u00e9n otra para afrontar el hurac\u00e1n medi\u00e1tico. Pese a todo, desde su medio de confianza quiere dejar clara su inocencia y niega con rotundidad la veracidad de lo expuesto por sus extrabajadoras. <\/p>\n<p>Julio Iglesias no quiere dejar nada al azar en este entuerto y est\u00e1 dispuesto a trabajar para que se aclaren todas las dudas. Para ello, dar\u00e1 su versi\u00f3n sobre lo acontecido en sus residencias de Punta Cana y Bahamas en 2021. Durante su estancia, contrat\u00f3 los servicios de un equipo que asegurar\u00edan su bienestar, pero algo sucedi\u00f3 que ha terminado en denuncia de dos de sus empleadas. <b>Dos versiones ahora enfrentadas que tan solo pueden tener una verdad. Una que, para el propio Julio Iglesias \u201cllegar\u00e1 muy pronto\u201d y \u201ctodo se aclarar\u00e1\u201d. <\/b><\/p>\n","protected":false},"excerpt":{"rendered":"Julio Iglesias est\u00e1 en el punto de mira despu\u00e9s de que este lunes se publicase el trabajo de&hellip;\n","protected":false},"author":2,"featured_media":341726,"comment_status":"","ping_status":"","sticky":false,"template":"","format":"standard","meta":{"footnotes":""},"categories":[5],"tags":[17,18,25,24,13,14,11,19,20,9,10,15,16,23,12,21,22],"class_list":{"0":"post-341725","1":"post","2":"type-post","3":"status-publish","4":"format-standard","5":"has-post-thumbnail","7":"category-titulares","8":"tag-breaking-news","9":"tag-breakingnews","10":"tag-es","11":"tag-espana","12":"tag-featured-news","13":"tag-featurednews","14":"tag-headlines","15":"tag-latest-news","16":"tag-latestnews","17":"tag-news","18":"tag-noticias","19":"tag-noticias-destacadas","20":"tag-noticiasdestacadas","21":"tag-spain","22":"tag-titulares","23":"tag-ultimas-noticias","24":"tag-ultimasnoticias"},"share_on_mastodon":{"url":"https:\/\/pubeurope.com\/@es\/115897970393406478","error":""},"_links":{"self":[{"href":"https:\/\/www.europesays.com\/es\/wp-json\/wp\/v2\/posts\/341725","targetHints":{"allow":["GET"]}}],"collection":[{"href":"https:\/\/www.europesays.com\/es\/wp-json\/wp\/v2\/posts"}],"about":[{"href":"https:\/\/www.europesays.com\/es\/wp-json\/wp\/v2\/types\/post"}],"author":[{"embeddable":true,"href":"https:\/\/www.europesays.com\/es\/wp-json\/wp\/v2\/users\/2"}],"replies":[{"embeddable":true,"href":"https:\/\/www.europesays.com\/es\/wp-json\/wp\/v2\/comments?post=341725"}],"version-history":[{"count":0,"href":"https:\/\/www.europesays.com\/es\/wp-json\/wp\/v2\/posts\/341725\/revisions"}],"wp:featuredmedia":[{"embeddable":true,"href":"https:\/\/www.europesays.com\/es\/wp-json\/wp\/v2\/media\/341726"}],"wp:attachment":[{"href":"https:\/\/www.europesays.com\/es\/wp-json\/wp\/v2\/media?parent=341725"}],"wp:term":[{"taxonomy":"category","embeddable":true,"href":"https:\/\/www.europesays.com\/es\/wp-json\/wp\/v2\/categories?post=341725"},{"taxonomy":"post_tag","embeddable":true,"href":"https:\/\/www.europesays.com\/es\/wp-json\/wp\/v2\/tags?post=341725"}],"curies":[{"name":"wp","href":"https:\/\/api.w.org\/{rel}","templated":true}]}}