{"id":341731,"date":"2026-01-15T07:45:14","date_gmt":"2026-01-15T07:45:14","guid":{"rendered":"https:\/\/www.europesays.com\/es\/341731\/"},"modified":"2026-01-15T07:45:14","modified_gmt":"2026-01-15T07:45:14","slug":"la-ia-predice-un-futuro-verdiblanco-para-mika-marmol","status":"publish","type":"post","link":"https:\/\/www.europesays.com\/es\/341731\/","title":{"rendered":"La IA predice un futuro verdiblanco para Mika M\u00e1rmol"},"content":{"rendered":"<p>Termina contrato a final de curso y el Bar\u00e7a tiene el 50% de su pase, raz\u00f3n por la cual en Gran Canaria no lo soltar\u00e1n a menos que la venta merezca monetariamente la pena<\/p>\n<p class=\"parrafo\">Est\u00e1 de moda \u00faltimamente pedir a <strong>Grok<\/strong>, la <strong>IA <\/strong>de la red social antes conocida como <strong>Twitter<\/strong>, que interact\u00fae con im\u00e1genes previas, eliminando a una persona dentro de un grupo, vistiendo o desvistiendo (fe\u00edsimo) a mujeres, pero tambi\u00e9n en clave futbol\u00edstica. Por ejemplo, una corriente pide al engendro creado por <strong>Elon Musk<\/strong> que vaticine el futuro de jugadores que terminan contrato o aqu\u00e9llos que se aproximan al final de sus carreras para adivinar con qu\u00e9 camiseta se retirar\u00e1n o, simplemente, cu\u00e1l vestir\u00e1n el curso venidero.<\/p>\n<p><img decoding=\"async\" src=\"https:\/\/www.europesays.com\/es\/wp-content\/uploads\/2026\/01\/ff478bbe-7584-469f-a1d8-ede241175ee0_800x800.jpeg\" loading=\"lazy\"\/><\/p>\n<p class=\"parrafo\">Y un usuario planteaba al asistente de <strong>Inteligencia Artifical<\/strong> de &#8216;X&#8217; que descifrara el destino de <strong>Mika M\u00e1rmol<\/strong>, central y lateral zurdo de la <strong>UD Las Palmas<\/strong> que no tiene pinta de renovar en <strong>Gran Canaria<\/strong>, donde se resisten a soltarlo en este mercado, pese a que <strong>CA Osasuna<\/strong>, <strong>RC Celta<\/strong> y alg\u00fan otro quiere aprovechar la tesitura (termina contrato el <strong>30 de junio de 2026<\/strong>) para obtener una rebaja. Con el <strong>50%<\/strong> de su pase en propiedad del <strong>Bar\u00e7a<\/strong>, el rector amarillo, <strong>Miguel \u00c1ngel Ram\u00edrez<\/strong>, duro negociador donde los haya (que se lo digan a <strong>\u00c1lvaro Valles<\/strong>) se remite a su cl\u00e1usula.<\/p>\n<p><img decoding=\"async\" src=\"https:\/\/www.europesays.com\/es\/wp-content\/uploads\/2026\/01\/1e8ac077-dafe-4df5-86ae-9051f7fd83d6_800x1000.jpeg\" loading=\"lazy\"\/><\/p>\n<p class=\"parrafo\"><strong\/>Porque tendr\u00e1 que repartir a medias esos <strong>10 millones de euros<\/strong> con los cul\u00e9s, por lo que no le renta perder los seis meses finales de competici\u00f3n a un fijo para <strong>Luis Garc\u00eda<\/strong> por <strong>2-3 millones<\/strong>, que es lo que le quedar\u00eda si acepta alguna de las propuestas actuales. De llegar al <strong>3 de febrero<\/strong> a\u00fan como amarillo, se redoblar\u00e1 la competencia por firmarlo a coste cero para verano, lo que, de hecho, puede hacer el que quiera ya legalmente. Cuestionado <strong>Grok<\/strong> al respecto hace unos d\u00edas, su respuesta es que vestir\u00e1 en la <strong>26\/27<\/strong> el verde y el blanco del <strong>Real Betis<\/strong> (aunque una equipaci\u00f3n <strong>Kappa<\/strong> inexistente).<\/p>\n<p>Un hipot\u00e9tico sustituto de Natan o Valent\u00edn G\u00f3mez<\/p>\n<p class=\"parrafo\">El <strong>Real Betis<\/strong> tiene en n\u00f3mina a cuatro buenos centrales y, salvo sorpresa may\u00fascula, as\u00ed seguir\u00e1 siendo hasta final de temporada. No se esperan salidas en esta demarcaci\u00f3n durante el vigente mercado invernal, pues tendr\u00eda que llegar una oferta fuera de mercado. <a href=\"https:\/\/www.estadiodeportivo.com\/futbol\/betis\/cantidad-que-rechazado-betis-por-natan-precio-por-que-venderia-20250622-500836.html\" target=\"_blank\" class=\"intext-link\" rel=\"nofollow noopener\">Como inform\u00f3 en exclusiva ESTADIO Deportivo<\/a>, ya se rechazaron <strong>27 millones de euros<\/strong> por <strong>Natan de Souza<\/strong>, solicitando los verdiblancos <strong>45 millones<\/strong>, aunque hay movimientos por \u00e9l en <strong>Italia<\/strong> e <strong>Inglaterra<\/strong> sobre todo a los que habr\u00e1 que estar pendientes. Por su parte, el gran debut en <strong>Europa<\/strong> de <strong>Valent\u00edn G\u00f3mez<\/strong> ha generado igualmente muchos seguimientos.<\/p>\n<p><img decoding=\"async\" src=\"https:\/\/www.europesays.com\/es\/wp-content\/uploads\/2026\/01\/677deb57-2cb2-46b7-a205-36ec764fe932_800x534.jpeg\" loading=\"lazy\"\/><\/p>\n<p class=\"parrafo\">A medio plazo, el escenario ideal en <strong>La Cartuja<\/strong> ser\u00eda vender a uno de sus dos centrales zurdos (se invirtieron <strong>1+9 millones de euros<\/strong> en el brasile\u00f1o en <strong>5,3 millones<\/strong> en el argentino) para generar una plusval\u00eda interesante, conservando (tienen contrato en vigor) a los veteranos del perfil diestro (<strong>Marc Batra<\/strong> y <strong>Diego Llorente<\/strong>), buscando una nueva &#8216;perla&#8217; al menor coste posible. Llegado el caso, la de <strong>Mika M\u00e1rmol<\/strong> ser\u00eda una apuesta doblemente interesante, aunque <a href=\"https:\/\/www.estadiodeportivo.com\/futbol\/betis\/jorge-salinas-clon-valentin-gomez-que-gusta-mucho-cartuja-20251228-525056.html\" target=\"_blank\" class=\"intext-link\" rel=\"nofollow noopener\">tambi\u00e9n se monitoriza al racinguista Jorge Salinas<\/a>, que costar\u00eda algo m\u00e1s. Se trata de f\u00fatbol ficci\u00f3n, una suerte de PC F\u00fatbol, porque no hay nada encaminado en ning\u00fan sentido con los ya mencionados.<\/p>\n","protected":false},"excerpt":{"rendered":"Termina contrato a final de curso y el Bar\u00e7a tiene el 50% de su pase, raz\u00f3n por la&hellip;\n","protected":false},"author":2,"featured_media":341732,"comment_status":"","ping_status":"","sticky":false,"template":"","format":"standard","meta":{"footnotes":""},"categories":[268],"tags":[8901,1727,168,25,24,284,285,280,282,286,281,23,167,4406],"class_list":{"0":"post-341731","1":"post","2":"type-post","3":"status-publish","4":"format-standard","5":"has-post-thumbnail","7":"category-futbol","8":"tag-ca-osasuna","9":"tag-celta-de-vigo","10":"tag-deportes","11":"tag-es","12":"tag-espana","13":"tag-estadio-deportivo","14":"tag-fichajes","15":"tag-football","16":"tag-futbol","17":"tag-real-betis-balompie","18":"tag-soccer","19":"tag-spain","20":"tag-sports","21":"tag-ud-las-palmas"},"share_on_mastodon":{"url":"https:\/\/pubeurope.com\/@es\/115898005907398652","error":""},"_links":{"self":[{"href":"https:\/\/www.europesays.com\/es\/wp-json\/wp\/v2\/posts\/341731","targetHints":{"allow":["GET"]}}],"collection":[{"href":"https:\/\/www.europesays.com\/es\/wp-json\/wp\/v2\/posts"}],"about":[{"href":"https:\/\/www.europesays.com\/es\/wp-json\/wp\/v2\/types\/post"}],"author":[{"embeddable":true,"href":"https:\/\/www.europesays.com\/es\/wp-json\/wp\/v2\/users\/2"}],"replies":[{"embeddable":true,"href":"https:\/\/www.europesays.com\/es\/wp-json\/wp\/v2\/comments?post=341731"}],"version-history":[{"count":0,"href":"https:\/\/www.europesays.com\/es\/wp-json\/wp\/v2\/posts\/341731\/revisions"}],"wp:featuredmedia":[{"embeddable":true,"href":"https:\/\/www.europesays.com\/es\/wp-json\/wp\/v2\/media\/341732"}],"wp:attachment":[{"href":"https:\/\/www.europesays.com\/es\/wp-json\/wp\/v2\/media?parent=341731"}],"wp:term":[{"taxonomy":"category","embeddable":true,"href":"https:\/\/www.europesays.com\/es\/wp-json\/wp\/v2\/categories?post=341731"},{"taxonomy":"post_tag","embeddable":true,"href":"https:\/\/www.europesays.com\/es\/wp-json\/wp\/v2\/tags?post=341731"}],"curies":[{"name":"wp","href":"https:\/\/api.w.org\/{rel}","templated":true}]}}